{"id":13738,"date":"2026-09-05T12:50:45","date_gmt":"2026-09-05T16:50:45","guid":{"rendered":"https:\/\/www.fona.gob.ve\/?p=13738"},"modified":"2026-09-05T12:53:14","modified_gmt":"2026-09-05T16:53:14","slug":"se-realiza-conversatorio-de-entre-fona-oncdoft-y-senades","status":"publish","type":"post","link":"https:\/\/www.fona.gob.ve\/index.php\/2026\/09\/05\/se-realiza-conversatorio-de-entre-fona-oncdoft-y-senades\/","title":{"rendered":"Se realiza conversatorio entre FONA, ONCDOFT y SENADES"},"content":{"rendered":"\t\t<div data-elementor-type=\"wp-post\" data-elementor-id=\"13738\" class=\"elementor elementor-13738\" data-elementor-post-type=\"post\">\n\t\t\t\t\t\t<section class=\"elementor-section elementor-top-section elementor-element elementor-element-c9265fc elementor-section-boxed elementor-section-height-default elementor-section-height-default\" data-id=\"c9265fc\" data-element_type=\"section\">\n\t\t\t\t\t\t<div class=\"elementor-container elementor-column-gap-default\">\n\t\t\t\t\t<div class=\"elementor-column elementor-col-100 elementor-top-column elementor-element elementor-element-6a3e7e11\" data-id=\"6a3e7e11\" data-element_type=\"column\">\n\t\t\t<div class=\"elementor-widget-wrap elementor-element-populated\">\n\t\t\t\t\t\t<div class=\"elementor-element elementor-element-708b3b0 elementor-widget elementor-widget-image\" data-id=\"708b3b0\" data-element_type=\"widget\" data-widget_type=\"image.default\">\n\t\t\t\t<div class=\"elementor-widget-container\">\n\t\t\t\t\t\t\t\t\t\t\t\t\t<img fetchpriority=\"high\" decoding=\"async\" width=\"800\" height=\"445\" src=\"https:\/\/www.fona.gob.ve\/wp-content\/uploads\/2026\/09\/Np-Se-realiza-conversatorio-de-entre-FONA-ONCDOFT-y-SENADES.jpg\" class=\"attachment-large size-large wp-image-13739\" alt=\"\" srcset=\"https:\/\/www.fona.gob.ve\/wp-content\/uploads\/2026\/09\/Np-Se-realiza-conversatorio-de-entre-FONA-ONCDOFT-y-SENADES.jpg 800w, https:\/\/www.fona.gob.ve\/wp-content\/uploads\/2026\/09\/Np-Se-realiza-conversatorio-de-entre-FONA-ONCDOFT-y-SENADES-300x167.jpg 300w, https:\/\/www.fona.gob.ve\/wp-content\/uploads\/2026\/09\/Np-Se-realiza-conversatorio-de-entre-FONA-ONCDOFT-y-SENADES-768x427.jpg 768w, https:\/\/www.fona.gob.ve\/wp-content\/uploads\/2026\/09\/Np-Se-realiza-conversatorio-de-entre-FONA-ONCDOFT-y-SENADES-480x267.jpg 480w\" sizes=\"(max-width: 800px) 100vw, 800px\" title=\"Np Se realiza conversatorio de entre FONA, ONCDOFT y SENADES\" \/>\t\t\t\t\t\t\t\t\t\t\t\t\t<\/div>\n\t\t\t\t<\/div>\n\t\t\t\t<div class=\"elementor-element elementor-element-7e14b65c elementor-widget elementor-widget-text-editor\" data-id=\"7e14b65c\" data-element_type=\"widget\" data-widget_type=\"text-editor.default\">\n\t\t\t\t<div class=\"elementor-widget-container\">\n\t\t\t\t\t\t\t<p><span>Desde las instalaciones del Fondo Nacional Antidrogas (FONA), se realiz\u00f3 un conversatorio sobre &#8220;Prevenci\u00f3n del uso il\u00edcito de armas de Fuego&#8221;, dictado por el equipo de Servicio Nacional para el Desarme (SENADES), contando con la participaci\u00f3n del personal del FONA y de Oficina Nacional Contra la Delincuencia Organizada y Financiamiento al Terrorismo (ONCDOFT), con el objetivo de fortalecer las capacidades t\u00e9cnicas y operativas en materia preventiva vinculan a dichas instituciones.<\/span><\/p><p><span style=\"background-color: initial;\">Esta actividad fue realizada en el marco del \u201cPlan Metodol\u00f3gico interinstitucional entre ONCDOFT, SENADES y FONA\u201d, Asimismo, este conversatorio tuvo como ponente al Lic. Luis Vel\u00e1zquez, Director de Investigaci\u00f3n y Formaci\u00f3n del SENADES, tambi\u00e9n cont\u00f3 con la asistencia del Cnel. V\u00edctor Roa Zambrano Director de la Red Nacional del FONA y el Lcdo. Anthony Brice\u00f1o Director de la Red Nacional de la ONCDOFT.<\/span><\/p><p><span style=\"background-color: initial;\">El Lic. Luis Vel\u00e1zquez, Director de Investigaci\u00f3n y Formaci\u00f3n del SENADES destac\u00f3 que el conversatorio permiti\u00f3 realizar un intercambio de saberes para construir planes y programas en materia de prevenci\u00f3n integral.<\/span><\/p><p><\/p><p><span>Esta actividad fue realizada bajo los lineamientos establecidos por la Presidenta Encargada, Delcy Rodr\u00edguez y del titular del Ministerio del Poder Popular para Relaciones Interiores, Justicia y Paz (MPPRIJP), el Cap. Diosdado Cabello, para crear espacios que permitan promover la sana convivencia en las comunidades.<\/span><\/p><p><span style=\"background-color: initial;\">&nbsp;<\/span><span style=\"background-color: initial;\">R: Jonathan Prieto \/ Prensa FONA<\/span><\/p>\t\t\t\t\t\t<\/div>\n\t\t\t\t<\/div>\n\t\t\t\t\t<\/div>\n\t\t<\/div>\n\t\t\t\t\t<\/div>\n\t\t<\/section>\n\t\t\t\t<\/div>\n\t\t","protected":false},"excerpt":{"rendered":"<p>Desde las instalaciones del Fondo Nacional Antidrogas (FONA), se realiz\u00f3 un conversatorio sobre &#8220;Prevenci\u00f3n del uso il\u00edcito de armas de Fuego&#8221;, dictado por el equipo de Servicio Nacional para el Desarme (SENADES), contando con la participaci\u00f3n del personal del FONA y de Oficina Nacional Contra la Delincuencia Organizada y Financiamiento al Terrorismo (ONCDOFT), con el [&hellip;]<\/p>\n","protected":false},"author":2,"featured_media":13739,"comment_status":"closed","ping_status":"closed","sticky":false,"template":"","format":"standard","meta":{"footnotes":""},"categories":[58],"tags":[],"class_list":["post-13738","post","type-post","status-publish","format-standard","has-post-thumbnail","hentry","category-noticias"],"yoast_head":"<!-- This site is optimized with the Yoast SEO plugin v26.4 - https:\/\/yoast.com\/wordpress\/plugins\/seo\/ -->\n<title>Se realiza conversatorio entre FONA, ONCDOFT y SENADES - Fondo Nacional Antidrogas<\/title>\n<meta name=\"robots\" content=\"index, follow, max-snippet:-1, max-image-preview:large, max-video-preview:-1\" \/>\n<link rel=\"canonical\" href=\"https:\/\/www.fona.gob.ve\/index.php\/2026\/09\/05\/se-realiza-conversatorio-de-entre-fona-oncdoft-y-senades\/\" \/>\n<meta property=\"og:locale\" content=\"es_ES\" \/>\n<meta property=\"og:type\" content=\"article\" \/>\n<meta property=\"og:title\" content=\"Se realiza conversatorio entre FONA, ONCDOFT y SENADES - Fondo Nacional Antidrogas\" \/>\n<meta property=\"og:description\" content=\"Desde las instalaciones del Fondo Nacional Antidrogas (FONA), se realiz\u00f3 un conversatorio sobre &#8220;Prevenci\u00f3n del uso il\u00edcito de armas de Fuego&#8221;, dictado por el equipo de Servicio Nacional para el Desarme (SENADES), contando con la participaci\u00f3n del personal del FONA y de Oficina Nacional Contra la Delincuencia Organizada y Financiamiento al Terrorismo (ONCDOFT), con el [&hellip;]\" \/>\n<meta property=\"og:url\" content=\"https:\/\/www.fona.gob.ve\/index.php\/2026\/09\/05\/se-realiza-conversatorio-de-entre-fona-oncdoft-y-senades\/\" \/>\n<meta property=\"og:site_name\" content=\"Fondo Nacional Antidrogas\" \/>\n<meta property=\"article:published_time\" content=\"2026-09-05T16:50:45+00:00\" \/>\n<meta property=\"article:modified_time\" content=\"2026-09-05T16:53:14+00:00\" \/>\n<meta property=\"og:image\" content=\"https:\/\/www.fona.gob.ve\/wp-content\/uploads\/2026\/09\/Np-Se-realiza-conversatorio-de-entre-FONA-ONCDOFT-y-SENADES.jpg\" \/>\n\t<meta property=\"og:image:width\" content=\"800\" \/>\n\t<meta property=\"og:image:height\" content=\"445\" \/>\n\t<meta property=\"og:image:type\" content=\"image\/jpeg\" \/>\n<meta name=\"author\" content=\"prensa prensa\" \/>\n<meta name=\"twitter:card\" content=\"summary_large_image\" \/>\n<meta name=\"twitter:label1\" content=\"Escrito por\" \/>\n\t<meta name=\"twitter:data1\" content=\"prensa prensa\" \/>\n\t<meta name=\"twitter:label2\" content=\"Tiempo de lectura\" \/>\n\t<meta name=\"twitter:data2\" content=\"2 minutos\" \/>\n<script type=\"application\/ld+json\" class=\"yoast-schema-graph\">{\"@context\":\"https:\/\/schema.org\",\"@graph\":[{\"@type\":\"Article\",\"@id\":\"https:\/\/www.fona.gob.ve\/index.php\/2026\/09\/05\/se-realiza-conversatorio-de-entre-fona-oncdoft-y-senades\/#article\",\"isPartOf\":{\"@id\":\"https:\/\/www.fona.gob.ve\/index.php\/2026\/09\/05\/se-realiza-conversatorio-de-entre-fona-oncdoft-y-senades\/\"},\"author\":{\"name\":\"prensa prensa\",\"@id\":\"https:\/\/www.fona.gob.ve\/#\/schema\/person\/887f0d86a3d016ef9df002d3603dd736\"},\"headline\":\"Se realiza conversatorio entre FONA, ONCDOFT y SENADES\",\"datePublished\":\"2026-09-05T16:50:45+00:00\",\"dateModified\":\"2026-09-05T16:53:14+00:00\",\"mainEntityOfPage\":{\"@id\":\"https:\/\/www.fona.gob.ve\/index.php\/2026\/09\/05\/se-realiza-conversatorio-de-entre-fona-oncdoft-y-senades\/\"},\"wordCount\":238,\"publisher\":{\"@id\":\"https:\/\/www.fona.gob.ve\/#organization\"},\"image\":{\"@id\":\"https:\/\/www.fona.gob.ve\/index.php\/2026\/09\/05\/se-realiza-conversatorio-de-entre-fona-oncdoft-y-senades\/#primaryimage\"},\"thumbnailUrl\":\"https:\/\/www.fona.gob.ve\/wp-content\/uploads\/2026\/09\/Np-Se-realiza-conversatorio-de-entre-FONA-ONCDOFT-y-SENADES.jpg\",\"articleSection\":[\"Noticias\"],\"inLanguage\":\"es\"},{\"@type\":\"WebPage\",\"@id\":\"https:\/\/www.fona.gob.ve\/index.php\/2026\/09\/05\/se-realiza-conversatorio-de-entre-fona-oncdoft-y-senades\/\",\"url\":\"https:\/\/www.fona.gob.ve\/index.php\/2026\/09\/05\/se-realiza-conversatorio-de-entre-fona-oncdoft-y-senades\/\",\"name\":\"Se realiza conversatorio entre FONA, ONCDOFT y SENADES - Fondo Nacional Antidrogas\",\"isPartOf\":{\"@id\":\"https:\/\/www.fona.gob.ve\/#website\"},\"primaryImageOfPage\":{\"@id\":\"https:\/\/www.fona.gob.ve\/index.php\/2026\/09\/05\/se-realiza-conversatorio-de-entre-fona-oncdoft-y-senades\/#primaryimage\"},\"image\":{\"@id\":\"https:\/\/www.fona.gob.ve\/index.php\/2026\/09\/05\/se-realiza-conversatorio-de-entre-fona-oncdoft-y-senades\/#primaryimage\"},\"thumbnailUrl\":\"https:\/\/www.fona.gob.ve\/wp-content\/uploads\/2026\/09\/Np-Se-realiza-conversatorio-de-entre-FONA-ONCDOFT-y-SENADES.jpg\",\"datePublished\":\"2026-09-05T16:50:45+00:00\",\"dateModified\":\"2026-09-05T16:53:14+00:00\",\"breadcrumb\":{\"@id\":\"https:\/\/www.fona.gob.ve\/index.php\/2026\/09\/05\/se-realiza-conversatorio-de-entre-fona-oncdoft-y-senades\/#breadcrumb\"},\"inLanguage\":\"es\",\"potentialAction\":[{\"@type\":\"ReadAction\",\"target\":[\"https:\/\/www.fona.gob.ve\/index.php\/2026\/09\/05\/se-realiza-conversatorio-de-entre-fona-oncdoft-y-senades\/\"]}]},{\"@type\":\"ImageObject\",\"inLanguage\":\"es\",\"@id\":\"https:\/\/www.fona.gob.ve\/index.php\/2026\/09\/05\/se-realiza-conversatorio-de-entre-fona-oncdoft-y-senades\/#primaryimage\",\"url\":\"https:\/\/www.fona.gob.ve\/wp-content\/uploads\/2026\/09\/Np-Se-realiza-conversatorio-de-entre-FONA-ONCDOFT-y-SENADES.jpg\",\"contentUrl\":\"https:\/\/www.fona.gob.ve\/wp-content\/uploads\/2026\/09\/Np-Se-realiza-conversatorio-de-entre-FONA-ONCDOFT-y-SENADES.jpg\",\"width\":800,\"height\":445},{\"@type\":\"BreadcrumbList\",\"@id\":\"https:\/\/www.fona.gob.ve\/index.php\/2026\/09\/05\/se-realiza-conversatorio-de-entre-fona-oncdoft-y-senades\/#breadcrumb\",\"itemListElement\":[{\"@type\":\"ListItem\",\"position\":1,\"name\":\"Portada\",\"item\":\"https:\/\/www.fona.gob.ve\/\"},{\"@type\":\"ListItem\",\"position\":2,\"name\":\"Se realiza conversatorio entre FONA, ONCDOFT y SENADES\"}]},{\"@type\":\"WebSite\",\"@id\":\"https:\/\/www.fona.gob.ve\/#website\",\"url\":\"https:\/\/www.fona.gob.ve\/\",\"name\":\"Fondo Nacional Antidrogas\",\"description\":\"Conoce las acciones, programas y pol\u00edticas del Fondo Nacional Antidrogas (FONA) orientadas a la prevenci\u00f3n, atenci\u00f3n integral y lucha contra el consumo de drogas en Venezuela. Informaci\u00f3n oficial y actualizada.\",\"publisher\":{\"@id\":\"https:\/\/www.fona.gob.ve\/#organization\"},\"potentialAction\":[{\"@type\":\"SearchAction\",\"target\":{\"@type\":\"EntryPoint\",\"urlTemplate\":\"https:\/\/www.fona.gob.ve\/?s={search_term_string}\"},\"query-input\":{\"@type\":\"PropertyValueSpecification\",\"valueRequired\":true,\"valueName\":\"search_term_string\"}}],\"inLanguage\":\"es\"},{\"@type\":\"Organization\",\"@id\":\"https:\/\/www.fona.gob.ve\/#organization\",\"name\":\"Fondo Nacional Antidrogas\",\"url\":\"https:\/\/www.fona.gob.ve\/\",\"logo\":{\"@type\":\"ImageObject\",\"inLanguage\":\"es\",\"@id\":\"https:\/\/www.fona.gob.ve\/#\/schema\/logo\/image\/\",\"url\":\"https:\/\/www.fona.gob.ve\/wp-content\/uploads\/2025\/04\/fona.jpeg\",\"contentUrl\":\"https:\/\/www.fona.gob.ve\/wp-content\/uploads\/2025\/04\/fona.jpeg\",\"width\":1200,\"height\":1200,\"caption\":\"Fondo Nacional Antidrogas\"},\"image\":{\"@id\":\"https:\/\/www.fona.gob.ve\/#\/schema\/logo\/image\/\"}},{\"@type\":\"Person\",\"@id\":\"https:\/\/www.fona.gob.ve\/#\/schema\/person\/887f0d86a3d016ef9df002d3603dd736\",\"name\":\"prensa prensa\",\"sameAs\":[\"https:\/\/fona.gob.ve\"],\"url\":\"https:\/\/www.fona.gob.ve\/index.php\/author\/prensa\/\"}]}<\/script>\n<!-- \/ Yoast SEO plugin. -->","yoast_head_json":{"title":"Se realiza conversatorio entre FONA, ONCDOFT y SENADES - Fondo Nacional Antidrogas","robots":{"index":"index","follow":"follow","max-snippet":"max-snippet:-1","max-image-preview":"max-image-preview:large","max-video-preview":"max-video-preview:-1"},"canonical":"https:\/\/www.fona.gob.ve\/index.php\/2026\/09\/05\/se-realiza-conversatorio-de-entre-fona-oncdoft-y-senades\/","og_locale":"es_ES","og_type":"article","og_title":"Se realiza conversatorio entre FONA, ONCDOFT y SENADES - Fondo Nacional Antidrogas","og_description":"Desde las instalaciones del Fondo Nacional Antidrogas (FONA), se realiz\u00f3 un conversatorio sobre &#8220;Prevenci\u00f3n del uso il\u00edcito de armas de Fuego&#8221;, dictado por el equipo de Servicio Nacional para el Desarme (SENADES), contando con la participaci\u00f3n del personal del FONA y de Oficina Nacional Contra la Delincuencia Organizada y Financiamiento al Terrorismo (ONCDOFT), con el [&hellip;]","og_url":"https:\/\/www.fona.gob.ve\/index.php\/2026\/09\/05\/se-realiza-conversatorio-de-entre-fona-oncdoft-y-senades\/","og_site_name":"Fondo Nacional Antidrogas","article_published_time":"2026-09-05T16:50:45+00:00","article_modified_time":"2026-09-05T16:53:14+00:00","og_image":[{"width":800,"height":445,"url":"https:\/\/www.fona.gob.ve\/wp-content\/uploads\/2026\/09\/Np-Se-realiza-conversatorio-de-entre-FONA-ONCDOFT-y-SENADES.jpg","type":"image\/jpeg"}],"author":"prensa prensa","twitter_card":"summary_large_image","twitter_misc":{"Escrito por":"prensa prensa","Tiempo de lectura":"2 minutos"},"schema":{"@context":"https:\/\/schema.org","@graph":[{"@type":"Article","@id":"https:\/\/www.fona.gob.ve\/index.php\/2026\/09\/05\/se-realiza-conversatorio-de-entre-fona-oncdoft-y-senades\/#article","isPartOf":{"@id":"https:\/\/www.fona.gob.ve\/index.php\/2026\/09\/05\/se-realiza-conversatorio-de-entre-fona-oncdoft-y-senades\/"},"author":{"name":"prensa prensa","@id":"https:\/\/www.fona.gob.ve\/#\/schema\/person\/887f0d86a3d016ef9df002d3603dd736"},"headline":"Se realiza conversatorio entre FONA, ONCDOFT y SENADES","datePublished":"2026-09-05T16:50:45+00:00","dateModified":"2026-09-05T16:53:14+00:00","mainEntityOfPage":{"@id":"https:\/\/www.fona.gob.ve\/index.php\/2026\/09\/05\/se-realiza-conversatorio-de-entre-fona-oncdoft-y-senades\/"},"wordCount":238,"publisher":{"@id":"https:\/\/www.fona.gob.ve\/#organization"},"image":{"@id":"https:\/\/www.fona.gob.ve\/index.php\/2026\/09\/05\/se-realiza-conversatorio-de-entre-fona-oncdoft-y-senades\/#primaryimage"},"thumbnailUrl":"https:\/\/www.fona.gob.ve\/wp-content\/uploads\/2026\/09\/Np-Se-realiza-conversatorio-de-entre-FONA-ONCDOFT-y-SENADES.jpg","articleSection":["Noticias"],"inLanguage":"es"},{"@type":"WebPage","@id":"https:\/\/www.fona.gob.ve\/index.php\/2026\/09\/05\/se-realiza-conversatorio-de-entre-fona-oncdoft-y-senades\/","url":"https:\/\/www.fona.gob.ve\/index.php\/2026\/09\/05\/se-realiza-conversatorio-de-entre-fona-oncdoft-y-senades\/","name":"Se realiza conversatorio entre FONA, ONCDOFT y SENADES - Fondo Nacional Antidrogas","isPartOf":{"@id":"https:\/\/www.fona.gob.ve\/#website"},"primaryImageOfPage":{"@id":"https:\/\/www.fona.gob.ve\/index.php\/2026\/09\/05\/se-realiza-conversatorio-de-entre-fona-oncdoft-y-senades\/#primaryimage"},"image":{"@id":"https:\/\/www.fona.gob.ve\/index.php\/2026\/09\/05\/se-realiza-conversatorio-de-entre-fona-oncdoft-y-senades\/#primaryimage"},"thumbnailUrl":"https:\/\/www.fona.gob.ve\/wp-content\/uploads\/2026\/09\/Np-Se-realiza-conversatorio-de-entre-FONA-ONCDOFT-y-SENADES.jpg","datePublished":"2026-09-05T16:50:45+00:00","dateModified":"2026-09-05T16:53:14+00:00","breadcrumb":{"@id":"https:\/\/www.fona.gob.ve\/index.php\/2026\/09\/05\/se-realiza-conversatorio-de-entre-fona-oncdoft-y-senades\/#breadcrumb"},"inLanguage":"es","potentialAction":[{"@type":"ReadAction","target":["https:\/\/www.fona.gob.ve\/index.php\/2026\/09\/05\/se-realiza-conversatorio-de-entre-fona-oncdoft-y-senades\/"]}]},{"@type":"ImageObject","inLanguage":"es","@id":"https:\/\/www.fona.gob.ve\/index.php\/2026\/09\/05\/se-realiza-conversatorio-de-entre-fona-oncdoft-y-senades\/#primaryimage","url":"https:\/\/www.fona.gob.ve\/wp-content\/uploads\/2026\/09\/Np-Se-realiza-conversatorio-de-entre-FONA-ONCDOFT-y-SENADES.jpg","contentUrl":"https:\/\/www.fona.gob.ve\/wp-content\/uploads\/2026\/09\/Np-Se-realiza-conversatorio-de-entre-FONA-ONCDOFT-y-SENADES.jpg","width":800,"height":445},{"@type":"BreadcrumbList","@id":"https:\/\/www.fona.gob.ve\/index.php\/2026\/09\/05\/se-realiza-conversatorio-de-entre-fona-oncdoft-y-senades\/#breadcrumb","itemListElement":[{"@type":"ListItem","position":1,"name":"Portada","item":"https:\/\/www.fona.gob.ve\/"},{"@type":"ListItem","position":2,"name":"Se realiza conversatorio entre FONA, ONCDOFT y SENADES"}]},{"@type":"WebSite","@id":"https:\/\/www.fona.gob.ve\/#website","url":"https:\/\/www.fona.gob.ve\/","name":"Fondo Nacional Antidrogas","description":"Conoce las acciones, programas y pol\u00edticas del Fondo Nacional Antidrogas (FONA) orientadas a la prevenci\u00f3n, atenci\u00f3n integral y lucha contra el consumo de drogas en Venezuela. Informaci\u00f3n oficial y actualizada.","publisher":{"@id":"https:\/\/www.fona.gob.ve\/#organization"},"potentialAction":[{"@type":"SearchAction","target":{"@type":"EntryPoint","urlTemplate":"https:\/\/www.fona.gob.ve\/?s={search_term_string}"},"query-input":{"@type":"PropertyValueSpecification","valueRequired":true,"valueName":"search_term_string"}}],"inLanguage":"es"},{"@type":"Organization","@id":"https:\/\/www.fona.gob.ve\/#organization","name":"Fondo Nacional Antidrogas","url":"https:\/\/www.fona.gob.ve\/","logo":{"@type":"ImageObject","inLanguage":"es","@id":"https:\/\/www.fona.gob.ve\/#\/schema\/logo\/image\/","url":"https:\/\/www.fona.gob.ve\/wp-content\/uploads\/2025\/04\/fona.jpeg","contentUrl":"https:\/\/www.fona.gob.ve\/wp-content\/uploads\/2025\/04\/fona.jpeg","width":1200,"height":1200,"caption":"Fondo Nacional Antidrogas"},"image":{"@id":"https:\/\/www.fona.gob.ve\/#\/schema\/logo\/image\/"}},{"@type":"Person","@id":"https:\/\/www.fona.gob.ve\/#\/schema\/person\/887f0d86a3d016ef9df002d3603dd736","name":"prensa prensa","sameAs":["https:\/\/fona.gob.ve"],"url":"https:\/\/www.fona.gob.ve\/index.php\/author\/prensa\/"}]}},"_links":{"self":[{"href":"https:\/\/www.fona.gob.ve\/index.php\/wp-json\/wp\/v2\/posts\/13738","targetHints":{"allow":["GET"]}}],"collection":[{"href":"https:\/\/www.fona.gob.ve\/index.php\/wp-json\/wp\/v2\/posts"}],"about":[{"href":"https:\/\/www.fona.gob.ve\/index.php\/wp-json\/wp\/v2\/types\/post"}],"author":[{"embeddable":true,"href":"https:\/\/www.fona.gob.ve\/index.php\/wp-json\/wp\/v2\/users\/2"}],"replies":[{"embeddable":true,"href":"https:\/\/www.fona.gob.ve\/index.php\/wp-json\/wp\/v2\/comments?post=13738"}],"version-history":[{"count":7,"href":"https:\/\/www.fona.gob.ve\/index.php\/wp-json\/wp\/v2\/posts\/13738\/revisions"}],"predecessor-version":[{"id":13746,"href":"https:\/\/www.fona.gob.ve\/index.php\/wp-json\/wp\/v2\/posts\/13738\/revisions\/13746"}],"wp:featuredmedia":[{"embeddable":true,"href":"https:\/\/www.fona.gob.ve\/index.php\/wp-json\/wp\/v2\/media\/13739"}],"wp:attachment":[{"href":"https:\/\/www.fona.gob.ve\/index.php\/wp-json\/wp\/v2\/media?parent=13738"}],"wp:term":[{"taxonomy":"category","embeddable":true,"href":"https:\/\/www.fona.gob.ve\/index.php\/wp-json\/wp\/v2\/categories?post=13738"},{"taxonomy":"post_tag","embeddable":true,"href":"https:\/\/www.fona.gob.ve\/index.php\/wp-json\/wp\/v2\/tags?post=13738"}],"curies":[{"name":"wp","href":"https:\/\/api.w.org\/{rel}","templated":true}]}}