{"id":13334,"date":"2026-03-16T11:52:00","date_gmt":"2026-03-16T15:52:00","guid":{"rendered":"https:\/\/www.fona.gob.ve\/?p=13334"},"modified":"2026-03-16T11:56:24","modified_gmt":"2026-03-16T15:56:24","slug":"gobierno-nacional-realiza-jornada-de-atencion-social-en-caucaguita-y-san-agustin","status":"publish","type":"post","link":"https:\/\/www.fona.gob.ve\/index.php\/2026\/03\/16\/gobierno-nacional-realiza-jornada-de-atencion-social-en-caucaguita-y-san-agustin\/","title":{"rendered":"Gobierno Nacional realiza Jornada de Atenci\u00f3n Social en Caucaguita y San Agust\u00edn"},"content":{"rendered":"\t\t<div data-elementor-type=\"wp-post\" data-elementor-id=\"13334\" class=\"elementor elementor-13334\" data-elementor-post-type=\"post\">\n\t\t\t\t\t\t<section class=\"elementor-section elementor-top-section elementor-element elementor-element-54b673a1 elementor-section-boxed elementor-section-height-default elementor-section-height-default\" data-id=\"54b673a1\" data-element_type=\"section\">\n\t\t\t\t\t\t<div class=\"elementor-container elementor-column-gap-default\">\n\t\t\t\t\t<div class=\"elementor-column elementor-col-100 elementor-top-column elementor-element elementor-element-22580409\" data-id=\"22580409\" data-element_type=\"column\">\n\t\t\t<div class=\"elementor-widget-wrap elementor-element-populated\">\n\t\t\t\t\t\t<div class=\"elementor-element elementor-element-16361ba elementor-widget elementor-widget-image\" data-id=\"16361ba\" data-element_type=\"widget\" data-widget_type=\"image.default\">\n\t\t\t\t<div class=\"elementor-widget-container\">\n\t\t\t\t\t\t\t\t\t\t\t\t\t<img fetchpriority=\"high\" decoding=\"async\" width=\"800\" height=\"445\" src=\"https:\/\/www.fona.gob.ve\/wp-content\/uploads\/2026\/03\/NP-Gobierno-Nacional-realiza-Jornada-de-Atencion-Social-en-Caucaguita-y-San-Agustin.jpg\" class=\"attachment-large size-large wp-image-13335\" alt=\"\" srcset=\"https:\/\/www.fona.gob.ve\/wp-content\/uploads\/2026\/03\/NP-Gobierno-Nacional-realiza-Jornada-de-Atencion-Social-en-Caucaguita-y-San-Agustin.jpg 800w, https:\/\/www.fona.gob.ve\/wp-content\/uploads\/2026\/03\/NP-Gobierno-Nacional-realiza-Jornada-de-Atencion-Social-en-Caucaguita-y-San-Agustin-300x167.jpg 300w, https:\/\/www.fona.gob.ve\/wp-content\/uploads\/2026\/03\/NP-Gobierno-Nacional-realiza-Jornada-de-Atencion-Social-en-Caucaguita-y-San-Agustin-768x427.jpg 768w, https:\/\/www.fona.gob.ve\/wp-content\/uploads\/2026\/03\/NP-Gobierno-Nacional-realiza-Jornada-de-Atencion-Social-en-Caucaguita-y-San-Agustin-480x267.jpg 480w\" sizes=\"(max-width: 800px) 100vw, 800px\" title=\"NP Gobierno Nacional realiza Jornada de Atenci\u00f3n Social en Caucaguita y San Agust\u00edn\" \/>\t\t\t\t\t\t\t\t\t\t\t\t\t<\/div>\n\t\t\t\t<\/div>\n\t\t\t\t<div class=\"elementor-element elementor-element-17f3f3be elementor-widget elementor-widget-text-editor\" data-id=\"17f3f3be\" data-element_type=\"widget\" data-widget_type=\"text-editor.default\">\n\t\t\t\t<div class=\"elementor-widget-container\">\n\t\t\t\t\t\t\t<p>En el marco del Plan Antonio Jos\u00e9 de Sucre, el Ministerio del Poder Popular para Relaciones Interiores, Justicia y Paz (MPPRIJP) en coordinaci\u00f3n con sus entes adscritos e instituciones del Gobierno Nacional, Regional y Municipal, realizaron una jornada de atenci\u00f3n social en el kil\u00f3metro 14 de Caucaguita, estado Miranda.<\/p><p><span style=\"background-color: initial;\">Durante esta actividad realiz\u00f3 atenci\u00f3n m\u00e9dica gratuita, entrega de medicamentos, asesor\u00edas en m\u00faltiples \u00e1mbitos, charlas preventivas, actividades deportivas, din\u00e1micas recreativas y espacios l\u00fadicos dirigidos a ni\u00f1os, ni\u00f1as y j\u00f3venes de la localidad.<\/span><\/p><p><span style=\"background-color: initial;\">Asimismo, el FONA realiz\u00f3 diferentes juegos a los ni\u00f1os y ni\u00f1as de la comunidad para promover el compa\u00f1erismo y a consolidar espacios de sana convivencia, tambi\u00e9n brind\u00f3 informaci\u00f3n sobre las diversas actividades que realiza la instituci\u00f3n.<\/span><\/p><p><span style=\"background-color: initial;\">Mientras que en el Sector de San Agust\u00edn del Norte en Caracas, el Gobierno Nacional desarroll\u00f3 una Jornada Integral de Atenci\u00f3n para garantizar el bienestar social de las familias del Sector El Conde.<\/span><\/p><p><span style=\"background-color: initial;\">Donde tambi\u00e9n hubo atenci\u00f3n m\u00e9dica gratuita, entrega de medicamentos, asesor\u00edas en m\u00faltiples \u00e1mbitos, charlas preventivas, actividades deportivas y din\u00e1micas recreativas con el fin de promover espacios de sana convivencia en la comunidad.<\/span><\/p><p><span style=\"background-color: initial;\">Estas dos jornadas fueron realizadas siguiendo los lineamientos establecidos por la Presidenta encargada, Delcy Rodr\u00edguez y del Ministro del Poder Popular para Relaciones Interiores, Justicia y Paz, el Capit\u00e1n Diosdado Cabello Rond\u00f3n, para garantizar el bienestar y la prevenci\u00f3n en las comunidades.<\/span><\/p><p><span style=\"background-color: initial;\">R\/F: Jonathan Prieto \/ Prensa FONA<\/span><\/p>\t\t\t\t\t\t<\/div>\n\t\t\t\t<\/div>\n\t\t\t\t\t<\/div>\n\t\t<\/div>\n\t\t\t\t\t<\/div>\n\t\t<\/section>\n\t\t\t\t<\/div>\n\t\t","protected":false},"excerpt":{"rendered":"<p>En el marco del Plan Antonio Jos\u00e9 de Sucre, el Ministerio del Poder Popular para Relaciones Interiores, Justicia y Paz (MPPRIJP) en coordinaci\u00f3n con sus entes adscritos e instituciones del Gobierno Nacional, Regional y Municipal, realizaron una jornada de atenci\u00f3n social en el kil\u00f3metro 14 de Caucaguita, estado Miranda. Durante esta actividad realiz\u00f3 atenci\u00f3n m\u00e9dica [&hellip;]<\/p>\n","protected":false},"author":2,"featured_media":13335,"comment_status":"closed","ping_status":"closed","sticky":false,"template":"","format":"standard","meta":{"footnotes":""},"categories":[58],"tags":[],"class_list":["post-13334","post","type-post","status-publish","format-standard","has-post-thumbnail","hentry","category-noticias"],"yoast_head":"<!-- This site is optimized with the Yoast SEO plugin v26.4 - https:\/\/yoast.com\/wordpress\/plugins\/seo\/ -->\n<title>Gobierno Nacional realiza Jornada de Atenci\u00f3n Social en Caucaguita y San Agust\u00edn - Fondo Nacional Antidrogas<\/title>\n<meta name=\"robots\" content=\"index, follow, max-snippet:-1, max-image-preview:large, max-video-preview:-1\" \/>\n<link rel=\"canonical\" href=\"https:\/\/www.fona.gob.ve\/index.php\/2026\/03\/16\/gobierno-nacional-realiza-jornada-de-atencion-social-en-caucaguita-y-san-agustin\/\" \/>\n<meta property=\"og:locale\" content=\"es_ES\" \/>\n<meta property=\"og:type\" content=\"article\" \/>\n<meta property=\"og:title\" content=\"Gobierno Nacional realiza Jornada de Atenci\u00f3n Social en Caucaguita y San Agust\u00edn - Fondo Nacional Antidrogas\" \/>\n<meta property=\"og:description\" content=\"En el marco del Plan Antonio Jos\u00e9 de Sucre, el Ministerio del Poder Popular para Relaciones Interiores, Justicia y Paz (MPPRIJP) en coordinaci\u00f3n con sus entes adscritos e instituciones del Gobierno Nacional, Regional y Municipal, realizaron una jornada de atenci\u00f3n social en el kil\u00f3metro 14 de Caucaguita, estado Miranda. Durante esta actividad realiz\u00f3 atenci\u00f3n m\u00e9dica [&hellip;]\" \/>\n<meta property=\"og:url\" content=\"https:\/\/www.fona.gob.ve\/index.php\/2026\/03\/16\/gobierno-nacional-realiza-jornada-de-atencion-social-en-caucaguita-y-san-agustin\/\" \/>\n<meta property=\"og:site_name\" content=\"Fondo Nacional Antidrogas\" \/>\n<meta property=\"article:published_time\" content=\"2026-03-16T15:52:00+00:00\" \/>\n<meta property=\"article:modified_time\" content=\"2026-03-16T15:56:24+00:00\" \/>\n<meta property=\"og:image\" content=\"https:\/\/www.fona.gob.ve\/wp-content\/uploads\/2026\/03\/NP-Gobierno-Nacional-realiza-Jornada-de-Atencion-Social-en-Caucaguita-y-San-Agustin.jpg\" \/>\n\t<meta property=\"og:image:width\" content=\"800\" \/>\n\t<meta property=\"og:image:height\" content=\"445\" \/>\n\t<meta property=\"og:image:type\" content=\"image\/jpeg\" \/>\n<meta name=\"author\" content=\"prensa prensa\" \/>\n<meta name=\"twitter:card\" content=\"summary_large_image\" \/>\n<meta name=\"twitter:label1\" content=\"Escrito por\" \/>\n\t<meta name=\"twitter:data1\" content=\"prensa prensa\" \/>\n\t<meta name=\"twitter:label2\" content=\"Tiempo de lectura\" \/>\n\t<meta name=\"twitter:data2\" content=\"2 minutos\" \/>\n<script type=\"application\/ld+json\" class=\"yoast-schema-graph\">{\"@context\":\"https:\/\/schema.org\",\"@graph\":[{\"@type\":\"Article\",\"@id\":\"https:\/\/www.fona.gob.ve\/index.php\/2026\/03\/16\/gobierno-nacional-realiza-jornada-de-atencion-social-en-caucaguita-y-san-agustin\/#article\",\"isPartOf\":{\"@id\":\"https:\/\/www.fona.gob.ve\/index.php\/2026\/03\/16\/gobierno-nacional-realiza-jornada-de-atencion-social-en-caucaguita-y-san-agustin\/\"},\"author\":{\"name\":\"prensa prensa\",\"@id\":\"https:\/\/www.fona.gob.ve\/#\/schema\/person\/887f0d86a3d016ef9df002d3603dd736\"},\"headline\":\"Gobierno Nacional realiza Jornada de Atenci\u00f3n Social en Caucaguita y San Agust\u00edn\",\"datePublished\":\"2026-03-16T15:52:00+00:00\",\"dateModified\":\"2026-03-16T15:56:24+00:00\",\"mainEntityOfPage\":{\"@id\":\"https:\/\/www.fona.gob.ve\/index.php\/2026\/03\/16\/gobierno-nacional-realiza-jornada-de-atencion-social-en-caucaguita-y-san-agustin\/\"},\"wordCount\":273,\"publisher\":{\"@id\":\"https:\/\/www.fona.gob.ve\/#organization\"},\"image\":{\"@id\":\"https:\/\/www.fona.gob.ve\/index.php\/2026\/03\/16\/gobierno-nacional-realiza-jornada-de-atencion-social-en-caucaguita-y-san-agustin\/#primaryimage\"},\"thumbnailUrl\":\"https:\/\/www.fona.gob.ve\/wp-content\/uploads\/2026\/03\/NP-Gobierno-Nacional-realiza-Jornada-de-Atencion-Social-en-Caucaguita-y-San-Agustin.jpg\",\"articleSection\":[\"Noticias\"],\"inLanguage\":\"es\"},{\"@type\":\"WebPage\",\"@id\":\"https:\/\/www.fona.gob.ve\/index.php\/2026\/03\/16\/gobierno-nacional-realiza-jornada-de-atencion-social-en-caucaguita-y-san-agustin\/\",\"url\":\"https:\/\/www.fona.gob.ve\/index.php\/2026\/03\/16\/gobierno-nacional-realiza-jornada-de-atencion-social-en-caucaguita-y-san-agustin\/\",\"name\":\"Gobierno Nacional realiza Jornada de Atenci\u00f3n Social en Caucaguita y San Agust\u00edn - Fondo Nacional Antidrogas\",\"isPartOf\":{\"@id\":\"https:\/\/www.fona.gob.ve\/#website\"},\"primaryImageOfPage\":{\"@id\":\"https:\/\/www.fona.gob.ve\/index.php\/2026\/03\/16\/gobierno-nacional-realiza-jornada-de-atencion-social-en-caucaguita-y-san-agustin\/#primaryimage\"},\"image\":{\"@id\":\"https:\/\/www.fona.gob.ve\/index.php\/2026\/03\/16\/gobierno-nacional-realiza-jornada-de-atencion-social-en-caucaguita-y-san-agustin\/#primaryimage\"},\"thumbnailUrl\":\"https:\/\/www.fona.gob.ve\/wp-content\/uploads\/2026\/03\/NP-Gobierno-Nacional-realiza-Jornada-de-Atencion-Social-en-Caucaguita-y-San-Agustin.jpg\",\"datePublished\":\"2026-03-16T15:52:00+00:00\",\"dateModified\":\"2026-03-16T15:56:24+00:00\",\"breadcrumb\":{\"@id\":\"https:\/\/www.fona.gob.ve\/index.php\/2026\/03\/16\/gobierno-nacional-realiza-jornada-de-atencion-social-en-caucaguita-y-san-agustin\/#breadcrumb\"},\"inLanguage\":\"es\",\"potentialAction\":[{\"@type\":\"ReadAction\",\"target\":[\"https:\/\/www.fona.gob.ve\/index.php\/2026\/03\/16\/gobierno-nacional-realiza-jornada-de-atencion-social-en-caucaguita-y-san-agustin\/\"]}]},{\"@type\":\"ImageObject\",\"inLanguage\":\"es\",\"@id\":\"https:\/\/www.fona.gob.ve\/index.php\/2026\/03\/16\/gobierno-nacional-realiza-jornada-de-atencion-social-en-caucaguita-y-san-agustin\/#primaryimage\",\"url\":\"https:\/\/www.fona.gob.ve\/wp-content\/uploads\/2026\/03\/NP-Gobierno-Nacional-realiza-Jornada-de-Atencion-Social-en-Caucaguita-y-San-Agustin.jpg\",\"contentUrl\":\"https:\/\/www.fona.gob.ve\/wp-content\/uploads\/2026\/03\/NP-Gobierno-Nacional-realiza-Jornada-de-Atencion-Social-en-Caucaguita-y-San-Agustin.jpg\",\"width\":800,\"height\":445},{\"@type\":\"BreadcrumbList\",\"@id\":\"https:\/\/www.fona.gob.ve\/index.php\/2026\/03\/16\/gobierno-nacional-realiza-jornada-de-atencion-social-en-caucaguita-y-san-agustin\/#breadcrumb\",\"itemListElement\":[{\"@type\":\"ListItem\",\"position\":1,\"name\":\"Portada\",\"item\":\"https:\/\/www.fona.gob.ve\/\"},{\"@type\":\"ListItem\",\"position\":2,\"name\":\"Gobierno Nacional realiza Jornada de Atenci\u00f3n Social en Caucaguita y San Agust\u00edn\"}]},{\"@type\":\"WebSite\",\"@id\":\"https:\/\/www.fona.gob.ve\/#website\",\"url\":\"https:\/\/www.fona.gob.ve\/\",\"name\":\"Fondo Nacional Antidrogas\",\"description\":\"Conoce las acciones, programas y pol\u00edticas del Fondo Nacional Antidrogas (FONA) orientadas a la prevenci\u00f3n, atenci\u00f3n integral y lucha contra el consumo de drogas en Venezuela. Informaci\u00f3n oficial y actualizada.\",\"publisher\":{\"@id\":\"https:\/\/www.fona.gob.ve\/#organization\"},\"potentialAction\":[{\"@type\":\"SearchAction\",\"target\":{\"@type\":\"EntryPoint\",\"urlTemplate\":\"https:\/\/www.fona.gob.ve\/?s={search_term_string}\"},\"query-input\":{\"@type\":\"PropertyValueSpecification\",\"valueRequired\":true,\"valueName\":\"search_term_string\"}}],\"inLanguage\":\"es\"},{\"@type\":\"Organization\",\"@id\":\"https:\/\/www.fona.gob.ve\/#organization\",\"name\":\"Fondo Nacional Antidrogas\",\"url\":\"https:\/\/www.fona.gob.ve\/\",\"logo\":{\"@type\":\"ImageObject\",\"inLanguage\":\"es\",\"@id\":\"https:\/\/www.fona.gob.ve\/#\/schema\/logo\/image\/\",\"url\":\"https:\/\/www.fona.gob.ve\/wp-content\/uploads\/2025\/04\/fona.jpeg\",\"contentUrl\":\"https:\/\/www.fona.gob.ve\/wp-content\/uploads\/2025\/04\/fona.jpeg\",\"width\":1200,\"height\":1200,\"caption\":\"Fondo Nacional Antidrogas\"},\"image\":{\"@id\":\"https:\/\/www.fona.gob.ve\/#\/schema\/logo\/image\/\"}},{\"@type\":\"Person\",\"@id\":\"https:\/\/www.fona.gob.ve\/#\/schema\/person\/887f0d86a3d016ef9df002d3603dd736\",\"name\":\"prensa prensa\",\"sameAs\":[\"https:\/\/fona.gob.ve\"],\"url\":\"https:\/\/www.fona.gob.ve\/index.php\/author\/prensa\/\"}]}<\/script>\n<!-- \/ Yoast SEO plugin. -->","yoast_head_json":{"title":"Gobierno Nacional realiza Jornada de Atenci\u00f3n Social en Caucaguita y San Agust\u00edn - Fondo Nacional Antidrogas","robots":{"index":"index","follow":"follow","max-snippet":"max-snippet:-1","max-image-preview":"max-image-preview:large","max-video-preview":"max-video-preview:-1"},"canonical":"https:\/\/www.fona.gob.ve\/index.php\/2026\/03\/16\/gobierno-nacional-realiza-jornada-de-atencion-social-en-caucaguita-y-san-agustin\/","og_locale":"es_ES","og_type":"article","og_title":"Gobierno Nacional realiza Jornada de Atenci\u00f3n Social en Caucaguita y San Agust\u00edn - Fondo Nacional Antidrogas","og_description":"En el marco del Plan Antonio Jos\u00e9 de Sucre, el Ministerio del Poder Popular para Relaciones Interiores, Justicia y Paz (MPPRIJP) en coordinaci\u00f3n con sus entes adscritos e instituciones del Gobierno Nacional, Regional y Municipal, realizaron una jornada de atenci\u00f3n social en el kil\u00f3metro 14 de Caucaguita, estado Miranda. Durante esta actividad realiz\u00f3 atenci\u00f3n m\u00e9dica [&hellip;]","og_url":"https:\/\/www.fona.gob.ve\/index.php\/2026\/03\/16\/gobierno-nacional-realiza-jornada-de-atencion-social-en-caucaguita-y-san-agustin\/","og_site_name":"Fondo Nacional Antidrogas","article_published_time":"2026-03-16T15:52:00+00:00","article_modified_time":"2026-03-16T15:56:24+00:00","og_image":[{"width":800,"height":445,"url":"https:\/\/www.fona.gob.ve\/wp-content\/uploads\/2026\/03\/NP-Gobierno-Nacional-realiza-Jornada-de-Atencion-Social-en-Caucaguita-y-San-Agustin.jpg","type":"image\/jpeg"}],"author":"prensa prensa","twitter_card":"summary_large_image","twitter_misc":{"Escrito por":"prensa prensa","Tiempo de lectura":"2 minutos"},"schema":{"@context":"https:\/\/schema.org","@graph":[{"@type":"Article","@id":"https:\/\/www.fona.gob.ve\/index.php\/2026\/03\/16\/gobierno-nacional-realiza-jornada-de-atencion-social-en-caucaguita-y-san-agustin\/#article","isPartOf":{"@id":"https:\/\/www.fona.gob.ve\/index.php\/2026\/03\/16\/gobierno-nacional-realiza-jornada-de-atencion-social-en-caucaguita-y-san-agustin\/"},"author":{"name":"prensa prensa","@id":"https:\/\/www.fona.gob.ve\/#\/schema\/person\/887f0d86a3d016ef9df002d3603dd736"},"headline":"Gobierno Nacional realiza Jornada de Atenci\u00f3n Social en Caucaguita y San Agust\u00edn","datePublished":"2026-03-16T15:52:00+00:00","dateModified":"2026-03-16T15:56:24+00:00","mainEntityOfPage":{"@id":"https:\/\/www.fona.gob.ve\/index.php\/2026\/03\/16\/gobierno-nacional-realiza-jornada-de-atencion-social-en-caucaguita-y-san-agustin\/"},"wordCount":273,"publisher":{"@id":"https:\/\/www.fona.gob.ve\/#organization"},"image":{"@id":"https:\/\/www.fona.gob.ve\/index.php\/2026\/03\/16\/gobierno-nacional-realiza-jornada-de-atencion-social-en-caucaguita-y-san-agustin\/#primaryimage"},"thumbnailUrl":"https:\/\/www.fona.gob.ve\/wp-content\/uploads\/2026\/03\/NP-Gobierno-Nacional-realiza-Jornada-de-Atencion-Social-en-Caucaguita-y-San-Agustin.jpg","articleSection":["Noticias"],"inLanguage":"es"},{"@type":"WebPage","@id":"https:\/\/www.fona.gob.ve\/index.php\/2026\/03\/16\/gobierno-nacional-realiza-jornada-de-atencion-social-en-caucaguita-y-san-agustin\/","url":"https:\/\/www.fona.gob.ve\/index.php\/2026\/03\/16\/gobierno-nacional-realiza-jornada-de-atencion-social-en-caucaguita-y-san-agustin\/","name":"Gobierno Nacional realiza Jornada de Atenci\u00f3n Social en Caucaguita y San Agust\u00edn - Fondo Nacional Antidrogas","isPartOf":{"@id":"https:\/\/www.fona.gob.ve\/#website"},"primaryImageOfPage":{"@id":"https:\/\/www.fona.gob.ve\/index.php\/2026\/03\/16\/gobierno-nacional-realiza-jornada-de-atencion-social-en-caucaguita-y-san-agustin\/#primaryimage"},"image":{"@id":"https:\/\/www.fona.gob.ve\/index.php\/2026\/03\/16\/gobierno-nacional-realiza-jornada-de-atencion-social-en-caucaguita-y-san-agustin\/#primaryimage"},"thumbnailUrl":"https:\/\/www.fona.gob.ve\/wp-content\/uploads\/2026\/03\/NP-Gobierno-Nacional-realiza-Jornada-de-Atencion-Social-en-Caucaguita-y-San-Agustin.jpg","datePublished":"2026-03-16T15:52:00+00:00","dateModified":"2026-03-16T15:56:24+00:00","breadcrumb":{"@id":"https:\/\/www.fona.gob.ve\/index.php\/2026\/03\/16\/gobierno-nacional-realiza-jornada-de-atencion-social-en-caucaguita-y-san-agustin\/#breadcrumb"},"inLanguage":"es","potentialAction":[{"@type":"ReadAction","target":["https:\/\/www.fona.gob.ve\/index.php\/2026\/03\/16\/gobierno-nacional-realiza-jornada-de-atencion-social-en-caucaguita-y-san-agustin\/"]}]},{"@type":"ImageObject","inLanguage":"es","@id":"https:\/\/www.fona.gob.ve\/index.php\/2026\/03\/16\/gobierno-nacional-realiza-jornada-de-atencion-social-en-caucaguita-y-san-agustin\/#primaryimage","url":"https:\/\/www.fona.gob.ve\/wp-content\/uploads\/2026\/03\/NP-Gobierno-Nacional-realiza-Jornada-de-Atencion-Social-en-Caucaguita-y-San-Agustin.jpg","contentUrl":"https:\/\/www.fona.gob.ve\/wp-content\/uploads\/2026\/03\/NP-Gobierno-Nacional-realiza-Jornada-de-Atencion-Social-en-Caucaguita-y-San-Agustin.jpg","width":800,"height":445},{"@type":"BreadcrumbList","@id":"https:\/\/www.fona.gob.ve\/index.php\/2026\/03\/16\/gobierno-nacional-realiza-jornada-de-atencion-social-en-caucaguita-y-san-agustin\/#breadcrumb","itemListElement":[{"@type":"ListItem","position":1,"name":"Portada","item":"https:\/\/www.fona.gob.ve\/"},{"@type":"ListItem","position":2,"name":"Gobierno Nacional realiza Jornada de Atenci\u00f3n Social en Caucaguita y San Agust\u00edn"}]},{"@type":"WebSite","@id":"https:\/\/www.fona.gob.ve\/#website","url":"https:\/\/www.fona.gob.ve\/","name":"Fondo Nacional Antidrogas","description":"Conoce las acciones, programas y pol\u00edticas del Fondo Nacional Antidrogas (FONA) orientadas a la prevenci\u00f3n, atenci\u00f3n integral y lucha contra el consumo de drogas en Venezuela. Informaci\u00f3n oficial y actualizada.","publisher":{"@id":"https:\/\/www.fona.gob.ve\/#organization"},"potentialAction":[{"@type":"SearchAction","target":{"@type":"EntryPoint","urlTemplate":"https:\/\/www.fona.gob.ve\/?s={search_term_string}"},"query-input":{"@type":"PropertyValueSpecification","valueRequired":true,"valueName":"search_term_string"}}],"inLanguage":"es"},{"@type":"Organization","@id":"https:\/\/www.fona.gob.ve\/#organization","name":"Fondo Nacional Antidrogas","url":"https:\/\/www.fona.gob.ve\/","logo":{"@type":"ImageObject","inLanguage":"es","@id":"https:\/\/www.fona.gob.ve\/#\/schema\/logo\/image\/","url":"https:\/\/www.fona.gob.ve\/wp-content\/uploads\/2025\/04\/fona.jpeg","contentUrl":"https:\/\/www.fona.gob.ve\/wp-content\/uploads\/2025\/04\/fona.jpeg","width":1200,"height":1200,"caption":"Fondo Nacional Antidrogas"},"image":{"@id":"https:\/\/www.fona.gob.ve\/#\/schema\/logo\/image\/"}},{"@type":"Person","@id":"https:\/\/www.fona.gob.ve\/#\/schema\/person\/887f0d86a3d016ef9df002d3603dd736","name":"prensa prensa","sameAs":["https:\/\/fona.gob.ve"],"url":"https:\/\/www.fona.gob.ve\/index.php\/author\/prensa\/"}]}},"_links":{"self":[{"href":"https:\/\/www.fona.gob.ve\/index.php\/wp-json\/wp\/v2\/posts\/13334","targetHints":{"allow":["GET"]}}],"collection":[{"href":"https:\/\/www.fona.gob.ve\/index.php\/wp-json\/wp\/v2\/posts"}],"about":[{"href":"https:\/\/www.fona.gob.ve\/index.php\/wp-json\/wp\/v2\/types\/post"}],"author":[{"embeddable":true,"href":"https:\/\/www.fona.gob.ve\/index.php\/wp-json\/wp\/v2\/users\/2"}],"replies":[{"embeddable":true,"href":"https:\/\/www.fona.gob.ve\/index.php\/wp-json\/wp\/v2\/comments?post=13334"}],"version-history":[{"count":6,"href":"https:\/\/www.fona.gob.ve\/index.php\/wp-json\/wp\/v2\/posts\/13334\/revisions"}],"predecessor-version":[{"id":13342,"href":"https:\/\/www.fona.gob.ve\/index.php\/wp-json\/wp\/v2\/posts\/13334\/revisions\/13342"}],"wp:featuredmedia":[{"embeddable":true,"href":"https:\/\/www.fona.gob.ve\/index.php\/wp-json\/wp\/v2\/media\/13335"}],"wp:attachment":[{"href":"https:\/\/www.fona.gob.ve\/index.php\/wp-json\/wp\/v2\/media?parent=13334"}],"wp:term":[{"taxonomy":"category","embeddable":true,"href":"https:\/\/www.fona.gob.ve\/index.php\/wp-json\/wp\/v2\/categories?post=13334"},{"taxonomy":"post_tag","embeddable":true,"href":"https:\/\/www.fona.gob.ve\/index.php\/wp-json\/wp\/v2\/tags?post=13334"}],"curies":[{"name":"wp","href":"https:\/\/api.w.org\/{rel}","templated":true}]}}