{"id":13305,"date":"2026-03-11T10:29:08","date_gmt":"2026-03-11T14:29:08","guid":{"rendered":"https:\/\/www.fona.gob.ve\/?p=13305"},"modified":"2026-03-11T10:34:24","modified_gmt":"2026-03-11T14:34:24","slug":"merida-alcanza-los-240-cuadrantes-de-paz-tras-nueva-adecuacion-y-equipamiento","status":"publish","type":"post","link":"https:\/\/www.fona.gob.ve\/index.php\/2026\/03\/11\/merida-alcanza-los-240-cuadrantes-de-paz-tras-nueva-adecuacion-y-equipamiento\/","title":{"rendered":"M\u00e9rida alcanza los 240 cuadrantes de paz tras nueva adecuaci\u00f3n y equipamiento"},"content":{"rendered":"\t\t<div data-elementor-type=\"wp-post\" data-elementor-id=\"13305\" class=\"elementor elementor-13305\" data-elementor-post-type=\"post\">\n\t\t\t\t\t\t<section class=\"elementor-section elementor-top-section elementor-element elementor-element-6d168b1c elementor-section-boxed elementor-section-height-default elementor-section-height-default\" data-id=\"6d168b1c\" data-element_type=\"section\">\n\t\t\t\t\t\t<div class=\"elementor-container elementor-column-gap-default\">\n\t\t\t\t\t<div class=\"elementor-column elementor-col-100 elementor-top-column elementor-element elementor-element-29420c60\" data-id=\"29420c60\" data-element_type=\"column\">\n\t\t\t<div class=\"elementor-widget-wrap elementor-element-populated\">\n\t\t\t\t\t\t<div class=\"elementor-element elementor-element-79434d5 elementor-widget elementor-widget-image\" data-id=\"79434d5\" data-element_type=\"widget\" data-widget_type=\"image.default\">\n\t\t\t\t<div class=\"elementor-widget-container\">\n\t\t\t\t\t\t\t\t\t\t\t\t\t<img fetchpriority=\"high\" decoding=\"async\" width=\"800\" height=\"445\" src=\"https:\/\/www.fona.gob.ve\/wp-content\/uploads\/2026\/03\/01-medida-para-np-diodado-merida.jpg\" class=\"attachment-large size-large wp-image-13306\" alt=\"\" srcset=\"https:\/\/www.fona.gob.ve\/wp-content\/uploads\/2026\/03\/01-medida-para-np-diodado-merida.jpg 800w, https:\/\/www.fona.gob.ve\/wp-content\/uploads\/2026\/03\/01-medida-para-np-diodado-merida-300x167.jpg 300w, https:\/\/www.fona.gob.ve\/wp-content\/uploads\/2026\/03\/01-medida-para-np-diodado-merida-768x427.jpg 768w, https:\/\/www.fona.gob.ve\/wp-content\/uploads\/2026\/03\/01-medida-para-np-diodado-merida-480x267.jpg 480w\" sizes=\"(max-width: 800px) 100vw, 800px\" title=\"01-medida-para-np-diodado-merida\" \/>\t\t\t\t\t\t\t\t\t\t\t\t\t<\/div>\n\t\t\t\t<\/div>\n\t\t\t\t<div class=\"elementor-element elementor-element-131eeb68 elementor-widget elementor-widget-text-editor\" data-id=\"131eeb68\" data-element_type=\"widget\" data-widget_type=\"text-editor.default\">\n\t\t\t\t<div class=\"elementor-widget-container\">\n\t\t\t\t\t\t\t<p><span>Este martes, el vicepresidente Sectorial de Pol\u00edtica, Seguridad Ciudadana y Paz, capit\u00e1n Diosdado Cabello Rond\u00f3n, realiz\u00f3 la adecuaci\u00f3n de 139 nuevos cuadrantes de paz para garantizar la seguridad en el estado M\u00e9rida.<\/span><\/p><p><span style=\"background-color: initial;\">Durante la jornada, destac\u00f3 el papel fundamental que tienen cada uno de los cuadrantes de paz, \u201cse les est\u00e1 dando una misi\u00f3n important\u00edsima en el territorio, que es garantizar la paz en cada rinc\u00f3n de Venezuela\u201d, mientras, indic\u00f3 que el estado contaba con 101 cuadrantes de paz y que, con esta nueva adecuaci\u00f3n y dotaci\u00f3n, llega a un total de 240; quienes trabajar\u00e1n en perfecta fusi\u00f3n popular, militar y policial en protecci\u00f3n del pueblo meride\u00f1o.<\/span><\/p><p><span style=\"background-color: initial;\">De esta manera, el capit\u00e1n Cabello Rond\u00f3n, inform\u00f3 sobre la entrega de 60 patrullas, dos unidades motorizadas y tel\u00e9fonos celulares, \u201cpara comunicarse, pasar las novedades, alertar de cualquier situaci\u00f3n y llamar al VEN 911 por una emergencia m\u00e9dica o un accidente de tr\u00e1nsito\u201d.<\/span><\/p><p><span style=\"background-color: initial;\">Igualmente, resalt\u00f3 el trabajo que realiza el Gobierno Bolivariano a trav\u00e9s de las dotaciones que se est\u00e1n llevando a cabo a nivel nacional para garantizar la paz y seguridad del pueblo venezolano, empoderando al Poder Popular organizado.<\/span><\/p><p><span style=\"background-color: initial;\">\u201cEstas camionetas y estas motos van para los consejos comunales y para las comunas\u201d, concluy\u00f3 el tambi\u00e9n Ministro del Poder Popular para Relaciones Interiores, Justicia y Paz.<\/span><\/p><p><span style=\"background-color: initial;\">R: MPPRIJP<\/span><\/p>\t\t\t\t\t\t<\/div>\n\t\t\t\t<\/div>\n\t\t\t\t\t<\/div>\n\t\t<\/div>\n\t\t\t\t\t<\/div>\n\t\t<\/section>\n\t\t\t\t<\/div>\n\t\t","protected":false},"excerpt":{"rendered":"<p>Este martes, el vicepresidente Sectorial de Pol\u00edtica, Seguridad Ciudadana y Paz, capit\u00e1n Diosdado Cabello Rond\u00f3n, realiz\u00f3 la adecuaci\u00f3n de 139 nuevos cuadrantes de paz para garantizar la seguridad en el estado M\u00e9rida. Durante la jornada, destac\u00f3 el papel fundamental que tienen cada uno de los cuadrantes de paz, \u201cse les est\u00e1 dando una misi\u00f3n important\u00edsima [&hellip;]<\/p>\n","protected":false},"author":2,"featured_media":13306,"comment_status":"closed","ping_status":"closed","sticky":false,"template":"","format":"standard","meta":{"footnotes":""},"categories":[58],"tags":[],"class_list":["post-13305","post","type-post","status-publish","format-standard","has-post-thumbnail","hentry","category-noticias"],"yoast_head":"<!-- This site is optimized with the Yoast SEO plugin v26.4 - https:\/\/yoast.com\/wordpress\/plugins\/seo\/ -->\n<title>M\u00e9rida alcanza los 240 cuadrantes de paz tras nueva adecuaci\u00f3n y equipamiento - Fondo Nacional Antidrogas<\/title>\n<meta name=\"robots\" content=\"index, follow, max-snippet:-1, max-image-preview:large, max-video-preview:-1\" \/>\n<link rel=\"canonical\" href=\"https:\/\/www.fona.gob.ve\/index.php\/2026\/03\/11\/merida-alcanza-los-240-cuadrantes-de-paz-tras-nueva-adecuacion-y-equipamiento\/\" \/>\n<meta property=\"og:locale\" content=\"es_ES\" \/>\n<meta property=\"og:type\" content=\"article\" \/>\n<meta property=\"og:title\" content=\"M\u00e9rida alcanza los 240 cuadrantes de paz tras nueva adecuaci\u00f3n y equipamiento - Fondo Nacional Antidrogas\" \/>\n<meta property=\"og:description\" content=\"Este martes, el vicepresidente Sectorial de Pol\u00edtica, Seguridad Ciudadana y Paz, capit\u00e1n Diosdado Cabello Rond\u00f3n, realiz\u00f3 la adecuaci\u00f3n de 139 nuevos cuadrantes de paz para garantizar la seguridad en el estado M\u00e9rida. Durante la jornada, destac\u00f3 el papel fundamental que tienen cada uno de los cuadrantes de paz, \u201cse les est\u00e1 dando una misi\u00f3n important\u00edsima [&hellip;]\" \/>\n<meta property=\"og:url\" content=\"https:\/\/www.fona.gob.ve\/index.php\/2026\/03\/11\/merida-alcanza-los-240-cuadrantes-de-paz-tras-nueva-adecuacion-y-equipamiento\/\" \/>\n<meta property=\"og:site_name\" content=\"Fondo Nacional Antidrogas\" \/>\n<meta property=\"article:published_time\" content=\"2026-03-11T14:29:08+00:00\" \/>\n<meta property=\"article:modified_time\" content=\"2026-03-11T14:34:24+00:00\" \/>\n<meta property=\"og:image\" content=\"https:\/\/www.fona.gob.ve\/wp-content\/uploads\/2026\/03\/01-medida-para-np-diodado-merida.jpg\" \/>\n\t<meta property=\"og:image:width\" content=\"800\" \/>\n\t<meta property=\"og:image:height\" content=\"445\" \/>\n\t<meta property=\"og:image:type\" content=\"image\/jpeg\" \/>\n<meta name=\"author\" content=\"prensa prensa\" \/>\n<meta name=\"twitter:card\" content=\"summary_large_image\" \/>\n<meta name=\"twitter:label1\" content=\"Escrito por\" \/>\n\t<meta name=\"twitter:data1\" content=\"prensa prensa\" \/>\n\t<meta name=\"twitter:label2\" content=\"Tiempo de lectura\" \/>\n\t<meta name=\"twitter:data2\" content=\"2 minutos\" \/>\n<script type=\"application\/ld+json\" class=\"yoast-schema-graph\">{\"@context\":\"https:\/\/schema.org\",\"@graph\":[{\"@type\":\"Article\",\"@id\":\"https:\/\/www.fona.gob.ve\/index.php\/2026\/03\/11\/merida-alcanza-los-240-cuadrantes-de-paz-tras-nueva-adecuacion-y-equipamiento\/#article\",\"isPartOf\":{\"@id\":\"https:\/\/www.fona.gob.ve\/index.php\/2026\/03\/11\/merida-alcanza-los-240-cuadrantes-de-paz-tras-nueva-adecuacion-y-equipamiento\/\"},\"author\":{\"name\":\"prensa prensa\",\"@id\":\"https:\/\/www.fona.gob.ve\/#\/schema\/person\/887f0d86a3d016ef9df002d3603dd736\"},\"headline\":\"M\u00e9rida alcanza los 240 cuadrantes de paz tras nueva adecuaci\u00f3n y equipamiento\",\"datePublished\":\"2026-03-11T14:29:08+00:00\",\"dateModified\":\"2026-03-11T14:34:24+00:00\",\"mainEntityOfPage\":{\"@id\":\"https:\/\/www.fona.gob.ve\/index.php\/2026\/03\/11\/merida-alcanza-los-240-cuadrantes-de-paz-tras-nueva-adecuacion-y-equipamiento\/\"},\"wordCount\":247,\"publisher\":{\"@id\":\"https:\/\/www.fona.gob.ve\/#organization\"},\"image\":{\"@id\":\"https:\/\/www.fona.gob.ve\/index.php\/2026\/03\/11\/merida-alcanza-los-240-cuadrantes-de-paz-tras-nueva-adecuacion-y-equipamiento\/#primaryimage\"},\"thumbnailUrl\":\"https:\/\/www.fona.gob.ve\/wp-content\/uploads\/2026\/03\/01-medida-para-np-diodado-merida.jpg\",\"articleSection\":[\"Noticias\"],\"inLanguage\":\"es\"},{\"@type\":\"WebPage\",\"@id\":\"https:\/\/www.fona.gob.ve\/index.php\/2026\/03\/11\/merida-alcanza-los-240-cuadrantes-de-paz-tras-nueva-adecuacion-y-equipamiento\/\",\"url\":\"https:\/\/www.fona.gob.ve\/index.php\/2026\/03\/11\/merida-alcanza-los-240-cuadrantes-de-paz-tras-nueva-adecuacion-y-equipamiento\/\",\"name\":\"M\u00e9rida alcanza los 240 cuadrantes de paz tras nueva adecuaci\u00f3n y equipamiento - Fondo Nacional Antidrogas\",\"isPartOf\":{\"@id\":\"https:\/\/www.fona.gob.ve\/#website\"},\"primaryImageOfPage\":{\"@id\":\"https:\/\/www.fona.gob.ve\/index.php\/2026\/03\/11\/merida-alcanza-los-240-cuadrantes-de-paz-tras-nueva-adecuacion-y-equipamiento\/#primaryimage\"},\"image\":{\"@id\":\"https:\/\/www.fona.gob.ve\/index.php\/2026\/03\/11\/merida-alcanza-los-240-cuadrantes-de-paz-tras-nueva-adecuacion-y-equipamiento\/#primaryimage\"},\"thumbnailUrl\":\"https:\/\/www.fona.gob.ve\/wp-content\/uploads\/2026\/03\/01-medida-para-np-diodado-merida.jpg\",\"datePublished\":\"2026-03-11T14:29:08+00:00\",\"dateModified\":\"2026-03-11T14:34:24+00:00\",\"breadcrumb\":{\"@id\":\"https:\/\/www.fona.gob.ve\/index.php\/2026\/03\/11\/merida-alcanza-los-240-cuadrantes-de-paz-tras-nueva-adecuacion-y-equipamiento\/#breadcrumb\"},\"inLanguage\":\"es\",\"potentialAction\":[{\"@type\":\"ReadAction\",\"target\":[\"https:\/\/www.fona.gob.ve\/index.php\/2026\/03\/11\/merida-alcanza-los-240-cuadrantes-de-paz-tras-nueva-adecuacion-y-equipamiento\/\"]}]},{\"@type\":\"ImageObject\",\"inLanguage\":\"es\",\"@id\":\"https:\/\/www.fona.gob.ve\/index.php\/2026\/03\/11\/merida-alcanza-los-240-cuadrantes-de-paz-tras-nueva-adecuacion-y-equipamiento\/#primaryimage\",\"url\":\"https:\/\/www.fona.gob.ve\/wp-content\/uploads\/2026\/03\/01-medida-para-np-diodado-merida.jpg\",\"contentUrl\":\"https:\/\/www.fona.gob.ve\/wp-content\/uploads\/2026\/03\/01-medida-para-np-diodado-merida.jpg\",\"width\":800,\"height\":445},{\"@type\":\"BreadcrumbList\",\"@id\":\"https:\/\/www.fona.gob.ve\/index.php\/2026\/03\/11\/merida-alcanza-los-240-cuadrantes-de-paz-tras-nueva-adecuacion-y-equipamiento\/#breadcrumb\",\"itemListElement\":[{\"@type\":\"ListItem\",\"position\":1,\"name\":\"Portada\",\"item\":\"https:\/\/www.fona.gob.ve\/\"},{\"@type\":\"ListItem\",\"position\":2,\"name\":\"M\u00e9rida alcanza los 240 cuadrantes de paz tras nueva adecuaci\u00f3n y equipamiento\"}]},{\"@type\":\"WebSite\",\"@id\":\"https:\/\/www.fona.gob.ve\/#website\",\"url\":\"https:\/\/www.fona.gob.ve\/\",\"name\":\"Fondo Nacional Antidrogas\",\"description\":\"Conoce las acciones, programas y pol\u00edticas del Fondo Nacional Antidrogas (FONA) orientadas a la prevenci\u00f3n, atenci\u00f3n integral y lucha contra el consumo de drogas en Venezuela. Informaci\u00f3n oficial y actualizada.\",\"publisher\":{\"@id\":\"https:\/\/www.fona.gob.ve\/#organization\"},\"potentialAction\":[{\"@type\":\"SearchAction\",\"target\":{\"@type\":\"EntryPoint\",\"urlTemplate\":\"https:\/\/www.fona.gob.ve\/?s={search_term_string}\"},\"query-input\":{\"@type\":\"PropertyValueSpecification\",\"valueRequired\":true,\"valueName\":\"search_term_string\"}}],\"inLanguage\":\"es\"},{\"@type\":\"Organization\",\"@id\":\"https:\/\/www.fona.gob.ve\/#organization\",\"name\":\"Fondo Nacional Antidrogas\",\"url\":\"https:\/\/www.fona.gob.ve\/\",\"logo\":{\"@type\":\"ImageObject\",\"inLanguage\":\"es\",\"@id\":\"https:\/\/www.fona.gob.ve\/#\/schema\/logo\/image\/\",\"url\":\"https:\/\/www.fona.gob.ve\/wp-content\/uploads\/2025\/04\/fona.jpeg\",\"contentUrl\":\"https:\/\/www.fona.gob.ve\/wp-content\/uploads\/2025\/04\/fona.jpeg\",\"width\":1200,\"height\":1200,\"caption\":\"Fondo Nacional Antidrogas\"},\"image\":{\"@id\":\"https:\/\/www.fona.gob.ve\/#\/schema\/logo\/image\/\"}},{\"@type\":\"Person\",\"@id\":\"https:\/\/www.fona.gob.ve\/#\/schema\/person\/887f0d86a3d016ef9df002d3603dd736\",\"name\":\"prensa prensa\",\"sameAs\":[\"https:\/\/fona.gob.ve\"],\"url\":\"https:\/\/www.fona.gob.ve\/index.php\/author\/prensa\/\"}]}<\/script>\n<!-- \/ Yoast SEO plugin. -->","yoast_head_json":{"title":"M\u00e9rida alcanza los 240 cuadrantes de paz tras nueva adecuaci\u00f3n y equipamiento - Fondo Nacional Antidrogas","robots":{"index":"index","follow":"follow","max-snippet":"max-snippet:-1","max-image-preview":"max-image-preview:large","max-video-preview":"max-video-preview:-1"},"canonical":"https:\/\/www.fona.gob.ve\/index.php\/2026\/03\/11\/merida-alcanza-los-240-cuadrantes-de-paz-tras-nueva-adecuacion-y-equipamiento\/","og_locale":"es_ES","og_type":"article","og_title":"M\u00e9rida alcanza los 240 cuadrantes de paz tras nueva adecuaci\u00f3n y equipamiento - Fondo Nacional Antidrogas","og_description":"Este martes, el vicepresidente Sectorial de Pol\u00edtica, Seguridad Ciudadana y Paz, capit\u00e1n Diosdado Cabello Rond\u00f3n, realiz\u00f3 la adecuaci\u00f3n de 139 nuevos cuadrantes de paz para garantizar la seguridad en el estado M\u00e9rida. Durante la jornada, destac\u00f3 el papel fundamental que tienen cada uno de los cuadrantes de paz, \u201cse les est\u00e1 dando una misi\u00f3n important\u00edsima [&hellip;]","og_url":"https:\/\/www.fona.gob.ve\/index.php\/2026\/03\/11\/merida-alcanza-los-240-cuadrantes-de-paz-tras-nueva-adecuacion-y-equipamiento\/","og_site_name":"Fondo Nacional Antidrogas","article_published_time":"2026-03-11T14:29:08+00:00","article_modified_time":"2026-03-11T14:34:24+00:00","og_image":[{"width":800,"height":445,"url":"https:\/\/www.fona.gob.ve\/wp-content\/uploads\/2026\/03\/01-medida-para-np-diodado-merida.jpg","type":"image\/jpeg"}],"author":"prensa prensa","twitter_card":"summary_large_image","twitter_misc":{"Escrito por":"prensa prensa","Tiempo de lectura":"2 minutos"},"schema":{"@context":"https:\/\/schema.org","@graph":[{"@type":"Article","@id":"https:\/\/www.fona.gob.ve\/index.php\/2026\/03\/11\/merida-alcanza-los-240-cuadrantes-de-paz-tras-nueva-adecuacion-y-equipamiento\/#article","isPartOf":{"@id":"https:\/\/www.fona.gob.ve\/index.php\/2026\/03\/11\/merida-alcanza-los-240-cuadrantes-de-paz-tras-nueva-adecuacion-y-equipamiento\/"},"author":{"name":"prensa prensa","@id":"https:\/\/www.fona.gob.ve\/#\/schema\/person\/887f0d86a3d016ef9df002d3603dd736"},"headline":"M\u00e9rida alcanza los 240 cuadrantes de paz tras nueva adecuaci\u00f3n y equipamiento","datePublished":"2026-03-11T14:29:08+00:00","dateModified":"2026-03-11T14:34:24+00:00","mainEntityOfPage":{"@id":"https:\/\/www.fona.gob.ve\/index.php\/2026\/03\/11\/merida-alcanza-los-240-cuadrantes-de-paz-tras-nueva-adecuacion-y-equipamiento\/"},"wordCount":247,"publisher":{"@id":"https:\/\/www.fona.gob.ve\/#organization"},"image":{"@id":"https:\/\/www.fona.gob.ve\/index.php\/2026\/03\/11\/merida-alcanza-los-240-cuadrantes-de-paz-tras-nueva-adecuacion-y-equipamiento\/#primaryimage"},"thumbnailUrl":"https:\/\/www.fona.gob.ve\/wp-content\/uploads\/2026\/03\/01-medida-para-np-diodado-merida.jpg","articleSection":["Noticias"],"inLanguage":"es"},{"@type":"WebPage","@id":"https:\/\/www.fona.gob.ve\/index.php\/2026\/03\/11\/merida-alcanza-los-240-cuadrantes-de-paz-tras-nueva-adecuacion-y-equipamiento\/","url":"https:\/\/www.fona.gob.ve\/index.php\/2026\/03\/11\/merida-alcanza-los-240-cuadrantes-de-paz-tras-nueva-adecuacion-y-equipamiento\/","name":"M\u00e9rida alcanza los 240 cuadrantes de paz tras nueva adecuaci\u00f3n y equipamiento - Fondo Nacional Antidrogas","isPartOf":{"@id":"https:\/\/www.fona.gob.ve\/#website"},"primaryImageOfPage":{"@id":"https:\/\/www.fona.gob.ve\/index.php\/2026\/03\/11\/merida-alcanza-los-240-cuadrantes-de-paz-tras-nueva-adecuacion-y-equipamiento\/#primaryimage"},"image":{"@id":"https:\/\/www.fona.gob.ve\/index.php\/2026\/03\/11\/merida-alcanza-los-240-cuadrantes-de-paz-tras-nueva-adecuacion-y-equipamiento\/#primaryimage"},"thumbnailUrl":"https:\/\/www.fona.gob.ve\/wp-content\/uploads\/2026\/03\/01-medida-para-np-diodado-merida.jpg","datePublished":"2026-03-11T14:29:08+00:00","dateModified":"2026-03-11T14:34:24+00:00","breadcrumb":{"@id":"https:\/\/www.fona.gob.ve\/index.php\/2026\/03\/11\/merida-alcanza-los-240-cuadrantes-de-paz-tras-nueva-adecuacion-y-equipamiento\/#breadcrumb"},"inLanguage":"es","potentialAction":[{"@type":"ReadAction","target":["https:\/\/www.fona.gob.ve\/index.php\/2026\/03\/11\/merida-alcanza-los-240-cuadrantes-de-paz-tras-nueva-adecuacion-y-equipamiento\/"]}]},{"@type":"ImageObject","inLanguage":"es","@id":"https:\/\/www.fona.gob.ve\/index.php\/2026\/03\/11\/merida-alcanza-los-240-cuadrantes-de-paz-tras-nueva-adecuacion-y-equipamiento\/#primaryimage","url":"https:\/\/www.fona.gob.ve\/wp-content\/uploads\/2026\/03\/01-medida-para-np-diodado-merida.jpg","contentUrl":"https:\/\/www.fona.gob.ve\/wp-content\/uploads\/2026\/03\/01-medida-para-np-diodado-merida.jpg","width":800,"height":445},{"@type":"BreadcrumbList","@id":"https:\/\/www.fona.gob.ve\/index.php\/2026\/03\/11\/merida-alcanza-los-240-cuadrantes-de-paz-tras-nueva-adecuacion-y-equipamiento\/#breadcrumb","itemListElement":[{"@type":"ListItem","position":1,"name":"Portada","item":"https:\/\/www.fona.gob.ve\/"},{"@type":"ListItem","position":2,"name":"M\u00e9rida alcanza los 240 cuadrantes de paz tras nueva adecuaci\u00f3n y equipamiento"}]},{"@type":"WebSite","@id":"https:\/\/www.fona.gob.ve\/#website","url":"https:\/\/www.fona.gob.ve\/","name":"Fondo Nacional Antidrogas","description":"Conoce las acciones, programas y pol\u00edticas del Fondo Nacional Antidrogas (FONA) orientadas a la prevenci\u00f3n, atenci\u00f3n integral y lucha contra el consumo de drogas en Venezuela. Informaci\u00f3n oficial y actualizada.","publisher":{"@id":"https:\/\/www.fona.gob.ve\/#organization"},"potentialAction":[{"@type":"SearchAction","target":{"@type":"EntryPoint","urlTemplate":"https:\/\/www.fona.gob.ve\/?s={search_term_string}"},"query-input":{"@type":"PropertyValueSpecification","valueRequired":true,"valueName":"search_term_string"}}],"inLanguage":"es"},{"@type":"Organization","@id":"https:\/\/www.fona.gob.ve\/#organization","name":"Fondo Nacional Antidrogas","url":"https:\/\/www.fona.gob.ve\/","logo":{"@type":"ImageObject","inLanguage":"es","@id":"https:\/\/www.fona.gob.ve\/#\/schema\/logo\/image\/","url":"https:\/\/www.fona.gob.ve\/wp-content\/uploads\/2025\/04\/fona.jpeg","contentUrl":"https:\/\/www.fona.gob.ve\/wp-content\/uploads\/2025\/04\/fona.jpeg","width":1200,"height":1200,"caption":"Fondo Nacional Antidrogas"},"image":{"@id":"https:\/\/www.fona.gob.ve\/#\/schema\/logo\/image\/"}},{"@type":"Person","@id":"https:\/\/www.fona.gob.ve\/#\/schema\/person\/887f0d86a3d016ef9df002d3603dd736","name":"prensa prensa","sameAs":["https:\/\/fona.gob.ve"],"url":"https:\/\/www.fona.gob.ve\/index.php\/author\/prensa\/"}]}},"_links":{"self":[{"href":"https:\/\/www.fona.gob.ve\/index.php\/wp-json\/wp\/v2\/posts\/13305","targetHints":{"allow":["GET"]}}],"collection":[{"href":"https:\/\/www.fona.gob.ve\/index.php\/wp-json\/wp\/v2\/posts"}],"about":[{"href":"https:\/\/www.fona.gob.ve\/index.php\/wp-json\/wp\/v2\/types\/post"}],"author":[{"embeddable":true,"href":"https:\/\/www.fona.gob.ve\/index.php\/wp-json\/wp\/v2\/users\/2"}],"replies":[{"embeddable":true,"href":"https:\/\/www.fona.gob.ve\/index.php\/wp-json\/wp\/v2\/comments?post=13305"}],"version-history":[{"count":6,"href":"https:\/\/www.fona.gob.ve\/index.php\/wp-json\/wp\/v2\/posts\/13305\/revisions"}],"predecessor-version":[{"id":13312,"href":"https:\/\/www.fona.gob.ve\/index.php\/wp-json\/wp\/v2\/posts\/13305\/revisions\/13312"}],"wp:featuredmedia":[{"embeddable":true,"href":"https:\/\/www.fona.gob.ve\/index.php\/wp-json\/wp\/v2\/media\/13306"}],"wp:attachment":[{"href":"https:\/\/www.fona.gob.ve\/index.php\/wp-json\/wp\/v2\/media?parent=13305"}],"wp:term":[{"taxonomy":"category","embeddable":true,"href":"https:\/\/www.fona.gob.ve\/index.php\/wp-json\/wp\/v2\/categories?post=13305"},{"taxonomy":"post_tag","embeddable":true,"href":"https:\/\/www.fona.gob.ve\/index.php\/wp-json\/wp\/v2\/tags?post=13305"}],"curies":[{"name":"wp","href":"https:\/\/api.w.org\/{rel}","templated":true}]}}