{"id":13296,"date":"2026-03-10T11:11:43","date_gmt":"2026-03-10T15:11:43","guid":{"rendered":"https:\/\/www.fona.gob.ve\/?p=13296"},"modified":"2026-03-10T11:15:56","modified_gmt":"2026-03-10T15:15:56","slug":"presidenta-delcy-rodriguez-ratifica-el-protagonismo-del-poder-popular-tras-la-exitosa-consulta-nacional","status":"publish","type":"post","link":"https:\/\/www.fona.gob.ve\/index.php\/2026\/03\/10\/presidenta-delcy-rodriguez-ratifica-el-protagonismo-del-poder-popular-tras-la-exitosa-consulta-nacional\/","title":{"rendered":"Presidenta Delcy Rodr\u00edguez ratifica el protagonismo del Poder Popular tras la exitosa Consulta Nacional"},"content":{"rendered":"\t\t<div data-elementor-type=\"wp-post\" data-elementor-id=\"13296\" class=\"elementor elementor-13296\" data-elementor-post-type=\"post\">\n\t\t\t\t\t\t<section class=\"elementor-section elementor-top-section elementor-element elementor-element-9ddb663 elementor-section-boxed elementor-section-height-default elementor-section-height-default\" data-id=\"9ddb663\" data-element_type=\"section\">\n\t\t\t\t\t\t<div class=\"elementor-container elementor-column-gap-default\">\n\t\t\t\t\t<div class=\"elementor-column elementor-col-100 elementor-top-column elementor-element elementor-element-14b74a50\" data-id=\"14b74a50\" data-element_type=\"column\">\n\t\t\t<div class=\"elementor-widget-wrap elementor-element-populated\">\n\t\t\t\t\t\t<div class=\"elementor-element elementor-element-50e09c8 elementor-widget elementor-widget-image\" data-id=\"50e09c8\" data-element_type=\"widget\" data-widget_type=\"image.default\">\n\t\t\t\t<div class=\"elementor-widget-container\">\n\t\t\t\t\t\t\t\t\t\t\t\t\t<img fetchpriority=\"high\" decoding=\"async\" width=\"800\" height=\"445\" src=\"https:\/\/www.fona.gob.ve\/wp-content\/uploads\/2026\/03\/01-medida-para-np-diodado-psuv.jpg\" class=\"attachment-large size-large wp-image-13297\" alt=\"\" srcset=\"https:\/\/www.fona.gob.ve\/wp-content\/uploads\/2026\/03\/01-medida-para-np-diodado-psuv.jpg 800w, https:\/\/www.fona.gob.ve\/wp-content\/uploads\/2026\/03\/01-medida-para-np-diodado-psuv-300x167.jpg 300w, https:\/\/www.fona.gob.ve\/wp-content\/uploads\/2026\/03\/01-medida-para-np-diodado-psuv-768x427.jpg 768w, https:\/\/www.fona.gob.ve\/wp-content\/uploads\/2026\/03\/01-medida-para-np-diodado-psuv-480x267.jpg 480w\" sizes=\"(max-width: 800px) 100vw, 800px\" title=\"01-medida-para-np-diodado-psuv\" \/>\t\t\t\t\t\t\t\t\t\t\t\t\t<\/div>\n\t\t\t\t<\/div>\n\t\t\t\t<div class=\"elementor-element elementor-element-6632033f elementor-widget elementor-widget-text-editor\" data-id=\"6632033f\" data-element_type=\"widget\" data-widget_type=\"text-editor.default\">\n\t\t\t\t<div class=\"elementor-widget-container\">\n\t\t\t\t\t\t\t<p><span>En el D\u00eda Internacional de la Mujer y tras una jornada de movilizaci\u00f3n democr\u00e1tica, la Presidenta de la Rep\u00fablica Bolivariana de Venezuela, Delcy Rodr\u00edguez G\u00f3mez, encabez\u00f3 este lunes un encuentro con la Comuna \u201cEl Ara\u00f1ero de Sabaneta\u201d, ubicada en el Fuerte Tiuna.<\/span><\/p>\n<p><span style=\"background-color: initial;\">El encuentro ofreci\u00f3 un balance detallado de la Consulta Popular Nacional celebrada el pasado 8 de marzo. Durante su intervenci\u00f3n, la Presidenta enfatiz\u00f3 la naturaleza espiritual de la Naci\u00f3n.<\/span><\/p>\n<p><span style=\"background-color: initial;\">\u201cVenezuela posee una inmensa riqueza espiritual, somos un pa\u00eds de trabajo. Tenemos riquezas materiales, pero la principal y m\u00e1s grande riqueza es nuestro pueblo\u201d, afirm\u00f3 la mandataria.<\/span><\/p>\n<p><span style=\"background-color: initial;\">Asimismo, hizo un llamado a la paz y a la dignificaci\u00f3n, rechazando las matrices de opini\u00f3n negativas contra el pa\u00eds. Venezuela se consolida como un territorio de paz y agradeci\u00f3 especialmente a los habitantes de la Comuna El Ara\u00f1ero de Sabaneta por haber registrado los niveles de participaci\u00f3n m\u00e1s altos durante la jornada electoral.<\/span><\/p>\n<p><span style=\"background-color: initial;\">Por su parte, el vicepresidente Sectorial de Pol\u00edtica, Seguridad Ciudadana y Paz, capit\u00e1n Diosdado Cabello Rond\u00f3n, acompa\u00f1\u00f3 la actividad resaltando el origen de los proyectos seleccionados.<\/span><\/p>\n<p><span style=\"background-color: initial;\">Cabello Rond\u00f3n, se\u00f1al\u00f3 que el \u00e9xito de la consulta radica en que las propuestas no fueron impuestas, sino \u201ccreadas directamente por el pueblo\u201d.<\/span><\/p>\n<p><span style=\"background-color: initial;\">R: MPPRIJP<\/span><\/p>\t\t\t\t\t\t<\/div>\n\t\t\t\t<\/div>\n\t\t\t\t\t<\/div>\n\t\t<\/div>\n\t\t\t\t\t<\/div>\n\t\t<\/section>\n\t\t\t\t<\/div>\n\t\t","protected":false},"excerpt":{"rendered":"<p>En el D\u00eda Internacional de la Mujer y tras una jornada de movilizaci\u00f3n democr\u00e1tica, la Presidenta de la Rep\u00fablica Bolivariana de Venezuela, Delcy Rodr\u00edguez G\u00f3mez, encabez\u00f3 este lunes un encuentro con la Comuna \u201cEl Ara\u00f1ero de Sabaneta\u201d, ubicada en el Fuerte Tiuna. El encuentro ofreci\u00f3 un balance detallado de la Consulta Popular Nacional celebrada el [&hellip;]<\/p>\n","protected":false},"author":2,"featured_media":13297,"comment_status":"closed","ping_status":"closed","sticky":false,"template":"","format":"standard","meta":{"footnotes":""},"categories":[58],"tags":[],"class_list":["post-13296","post","type-post","status-publish","format-standard","has-post-thumbnail","hentry","category-noticias"],"yoast_head":"<!-- This site is optimized with the Yoast SEO plugin v26.4 - https:\/\/yoast.com\/wordpress\/plugins\/seo\/ -->\n<title>Presidenta Delcy Rodr\u00edguez ratifica el protagonismo del Poder Popular tras la exitosa Consulta Nacional - Fondo Nacional Antidrogas<\/title>\n<meta name=\"robots\" content=\"index, follow, max-snippet:-1, max-image-preview:large, max-video-preview:-1\" \/>\n<link rel=\"canonical\" href=\"https:\/\/www.fona.gob.ve\/index.php\/2026\/03\/10\/presidenta-delcy-rodriguez-ratifica-el-protagonismo-del-poder-popular-tras-la-exitosa-consulta-nacional\/\" \/>\n<meta property=\"og:locale\" content=\"es_ES\" \/>\n<meta property=\"og:type\" content=\"article\" \/>\n<meta property=\"og:title\" content=\"Presidenta Delcy Rodr\u00edguez ratifica el protagonismo del Poder Popular tras la exitosa Consulta Nacional - Fondo Nacional Antidrogas\" \/>\n<meta property=\"og:description\" content=\"En el D\u00eda Internacional de la Mujer y tras una jornada de movilizaci\u00f3n democr\u00e1tica, la Presidenta de la Rep\u00fablica Bolivariana de Venezuela, Delcy Rodr\u00edguez G\u00f3mez, encabez\u00f3 este lunes un encuentro con la Comuna \u201cEl Ara\u00f1ero de Sabaneta\u201d, ubicada en el Fuerte Tiuna. El encuentro ofreci\u00f3 un balance detallado de la Consulta Popular Nacional celebrada el [&hellip;]\" \/>\n<meta property=\"og:url\" content=\"https:\/\/www.fona.gob.ve\/index.php\/2026\/03\/10\/presidenta-delcy-rodriguez-ratifica-el-protagonismo-del-poder-popular-tras-la-exitosa-consulta-nacional\/\" \/>\n<meta property=\"og:site_name\" content=\"Fondo Nacional Antidrogas\" \/>\n<meta property=\"article:published_time\" content=\"2026-03-10T15:11:43+00:00\" \/>\n<meta property=\"article:modified_time\" content=\"2026-03-10T15:15:56+00:00\" \/>\n<meta property=\"og:image\" content=\"https:\/\/www.fona.gob.ve\/wp-content\/uploads\/2026\/03\/01-medida-para-np-diodado-psuv.jpg\" \/>\n\t<meta property=\"og:image:width\" content=\"800\" \/>\n\t<meta property=\"og:image:height\" content=\"445\" \/>\n\t<meta property=\"og:image:type\" content=\"image\/jpeg\" \/>\n<meta name=\"author\" content=\"prensa prensa\" \/>\n<meta name=\"twitter:card\" content=\"summary_large_image\" \/>\n<meta name=\"twitter:label1\" content=\"Escrito por\" \/>\n\t<meta name=\"twitter:data1\" content=\"prensa prensa\" \/>\n\t<meta name=\"twitter:label2\" content=\"Tiempo de lectura\" \/>\n\t<meta name=\"twitter:data2\" content=\"2 minutos\" \/>\n<script type=\"application\/ld+json\" class=\"yoast-schema-graph\">{\"@context\":\"https:\/\/schema.org\",\"@graph\":[{\"@type\":\"Article\",\"@id\":\"https:\/\/www.fona.gob.ve\/index.php\/2026\/03\/10\/presidenta-delcy-rodriguez-ratifica-el-protagonismo-del-poder-popular-tras-la-exitosa-consulta-nacional\/#article\",\"isPartOf\":{\"@id\":\"https:\/\/www.fona.gob.ve\/index.php\/2026\/03\/10\/presidenta-delcy-rodriguez-ratifica-el-protagonismo-del-poder-popular-tras-la-exitosa-consulta-nacional\/\"},\"author\":{\"name\":\"prensa prensa\",\"@id\":\"https:\/\/www.fona.gob.ve\/#\/schema\/person\/887f0d86a3d016ef9df002d3603dd736\"},\"headline\":\"Presidenta Delcy Rodr\u00edguez ratifica el protagonismo del Poder Popular tras la exitosa Consulta Nacional\",\"datePublished\":\"2026-03-10T15:11:43+00:00\",\"dateModified\":\"2026-03-10T15:15:56+00:00\",\"mainEntityOfPage\":{\"@id\":\"https:\/\/www.fona.gob.ve\/index.php\/2026\/03\/10\/presidenta-delcy-rodriguez-ratifica-el-protagonismo-del-poder-popular-tras-la-exitosa-consulta-nacional\/\"},\"wordCount\":239,\"publisher\":{\"@id\":\"https:\/\/www.fona.gob.ve\/#organization\"},\"image\":{\"@id\":\"https:\/\/www.fona.gob.ve\/index.php\/2026\/03\/10\/presidenta-delcy-rodriguez-ratifica-el-protagonismo-del-poder-popular-tras-la-exitosa-consulta-nacional\/#primaryimage\"},\"thumbnailUrl\":\"https:\/\/www.fona.gob.ve\/wp-content\/uploads\/2026\/03\/01-medida-para-np-diodado-psuv.jpg\",\"articleSection\":[\"Noticias\"],\"inLanguage\":\"es\"},{\"@type\":\"WebPage\",\"@id\":\"https:\/\/www.fona.gob.ve\/index.php\/2026\/03\/10\/presidenta-delcy-rodriguez-ratifica-el-protagonismo-del-poder-popular-tras-la-exitosa-consulta-nacional\/\",\"url\":\"https:\/\/www.fona.gob.ve\/index.php\/2026\/03\/10\/presidenta-delcy-rodriguez-ratifica-el-protagonismo-del-poder-popular-tras-la-exitosa-consulta-nacional\/\",\"name\":\"Presidenta Delcy Rodr\u00edguez ratifica el protagonismo del Poder Popular tras la exitosa Consulta Nacional - Fondo Nacional Antidrogas\",\"isPartOf\":{\"@id\":\"https:\/\/www.fona.gob.ve\/#website\"},\"primaryImageOfPage\":{\"@id\":\"https:\/\/www.fona.gob.ve\/index.php\/2026\/03\/10\/presidenta-delcy-rodriguez-ratifica-el-protagonismo-del-poder-popular-tras-la-exitosa-consulta-nacional\/#primaryimage\"},\"image\":{\"@id\":\"https:\/\/www.fona.gob.ve\/index.php\/2026\/03\/10\/presidenta-delcy-rodriguez-ratifica-el-protagonismo-del-poder-popular-tras-la-exitosa-consulta-nacional\/#primaryimage\"},\"thumbnailUrl\":\"https:\/\/www.fona.gob.ve\/wp-content\/uploads\/2026\/03\/01-medida-para-np-diodado-psuv.jpg\",\"datePublished\":\"2026-03-10T15:11:43+00:00\",\"dateModified\":\"2026-03-10T15:15:56+00:00\",\"breadcrumb\":{\"@id\":\"https:\/\/www.fona.gob.ve\/index.php\/2026\/03\/10\/presidenta-delcy-rodriguez-ratifica-el-protagonismo-del-poder-popular-tras-la-exitosa-consulta-nacional\/#breadcrumb\"},\"inLanguage\":\"es\",\"potentialAction\":[{\"@type\":\"ReadAction\",\"target\":[\"https:\/\/www.fona.gob.ve\/index.php\/2026\/03\/10\/presidenta-delcy-rodriguez-ratifica-el-protagonismo-del-poder-popular-tras-la-exitosa-consulta-nacional\/\"]}]},{\"@type\":\"ImageObject\",\"inLanguage\":\"es\",\"@id\":\"https:\/\/www.fona.gob.ve\/index.php\/2026\/03\/10\/presidenta-delcy-rodriguez-ratifica-el-protagonismo-del-poder-popular-tras-la-exitosa-consulta-nacional\/#primaryimage\",\"url\":\"https:\/\/www.fona.gob.ve\/wp-content\/uploads\/2026\/03\/01-medida-para-np-diodado-psuv.jpg\",\"contentUrl\":\"https:\/\/www.fona.gob.ve\/wp-content\/uploads\/2026\/03\/01-medida-para-np-diodado-psuv.jpg\",\"width\":800,\"height\":445},{\"@type\":\"BreadcrumbList\",\"@id\":\"https:\/\/www.fona.gob.ve\/index.php\/2026\/03\/10\/presidenta-delcy-rodriguez-ratifica-el-protagonismo-del-poder-popular-tras-la-exitosa-consulta-nacional\/#breadcrumb\",\"itemListElement\":[{\"@type\":\"ListItem\",\"position\":1,\"name\":\"Portada\",\"item\":\"https:\/\/www.fona.gob.ve\/\"},{\"@type\":\"ListItem\",\"position\":2,\"name\":\"Presidenta Delcy Rodr\u00edguez ratifica el protagonismo del Poder Popular tras la exitosa Consulta Nacional\"}]},{\"@type\":\"WebSite\",\"@id\":\"https:\/\/www.fona.gob.ve\/#website\",\"url\":\"https:\/\/www.fona.gob.ve\/\",\"name\":\"Fondo Nacional Antidrogas\",\"description\":\"Conoce las acciones, programas y pol\u00edticas del Fondo Nacional Antidrogas (FONA) orientadas a la prevenci\u00f3n, atenci\u00f3n integral y lucha contra el consumo de drogas en Venezuela. Informaci\u00f3n oficial y actualizada.\",\"publisher\":{\"@id\":\"https:\/\/www.fona.gob.ve\/#organization\"},\"potentialAction\":[{\"@type\":\"SearchAction\",\"target\":{\"@type\":\"EntryPoint\",\"urlTemplate\":\"https:\/\/www.fona.gob.ve\/?s={search_term_string}\"},\"query-input\":{\"@type\":\"PropertyValueSpecification\",\"valueRequired\":true,\"valueName\":\"search_term_string\"}}],\"inLanguage\":\"es\"},{\"@type\":\"Organization\",\"@id\":\"https:\/\/www.fona.gob.ve\/#organization\",\"name\":\"Fondo Nacional Antidrogas\",\"url\":\"https:\/\/www.fona.gob.ve\/\",\"logo\":{\"@type\":\"ImageObject\",\"inLanguage\":\"es\",\"@id\":\"https:\/\/www.fona.gob.ve\/#\/schema\/logo\/image\/\",\"url\":\"https:\/\/www.fona.gob.ve\/wp-content\/uploads\/2025\/04\/fona.jpeg\",\"contentUrl\":\"https:\/\/www.fona.gob.ve\/wp-content\/uploads\/2025\/04\/fona.jpeg\",\"width\":1200,\"height\":1200,\"caption\":\"Fondo Nacional Antidrogas\"},\"image\":{\"@id\":\"https:\/\/www.fona.gob.ve\/#\/schema\/logo\/image\/\"}},{\"@type\":\"Person\",\"@id\":\"https:\/\/www.fona.gob.ve\/#\/schema\/person\/887f0d86a3d016ef9df002d3603dd736\",\"name\":\"prensa prensa\",\"sameAs\":[\"https:\/\/fona.gob.ve\"],\"url\":\"https:\/\/www.fona.gob.ve\/index.php\/author\/prensa\/\"}]}<\/script>\n<!-- \/ Yoast SEO plugin. -->","yoast_head_json":{"title":"Presidenta Delcy Rodr\u00edguez ratifica el protagonismo del Poder Popular tras la exitosa Consulta Nacional - Fondo Nacional Antidrogas","robots":{"index":"index","follow":"follow","max-snippet":"max-snippet:-1","max-image-preview":"max-image-preview:large","max-video-preview":"max-video-preview:-1"},"canonical":"https:\/\/www.fona.gob.ve\/index.php\/2026\/03\/10\/presidenta-delcy-rodriguez-ratifica-el-protagonismo-del-poder-popular-tras-la-exitosa-consulta-nacional\/","og_locale":"es_ES","og_type":"article","og_title":"Presidenta Delcy Rodr\u00edguez ratifica el protagonismo del Poder Popular tras la exitosa Consulta Nacional - Fondo Nacional Antidrogas","og_description":"En el D\u00eda Internacional de la Mujer y tras una jornada de movilizaci\u00f3n democr\u00e1tica, la Presidenta de la Rep\u00fablica Bolivariana de Venezuela, Delcy Rodr\u00edguez G\u00f3mez, encabez\u00f3 este lunes un encuentro con la Comuna \u201cEl Ara\u00f1ero de Sabaneta\u201d, ubicada en el Fuerte Tiuna. El encuentro ofreci\u00f3 un balance detallado de la Consulta Popular Nacional celebrada el [&hellip;]","og_url":"https:\/\/www.fona.gob.ve\/index.php\/2026\/03\/10\/presidenta-delcy-rodriguez-ratifica-el-protagonismo-del-poder-popular-tras-la-exitosa-consulta-nacional\/","og_site_name":"Fondo Nacional Antidrogas","article_published_time":"2026-03-10T15:11:43+00:00","article_modified_time":"2026-03-10T15:15:56+00:00","og_image":[{"width":800,"height":445,"url":"https:\/\/www.fona.gob.ve\/wp-content\/uploads\/2026\/03\/01-medida-para-np-diodado-psuv.jpg","type":"image\/jpeg"}],"author":"prensa prensa","twitter_card":"summary_large_image","twitter_misc":{"Escrito por":"prensa prensa","Tiempo de lectura":"2 minutos"},"schema":{"@context":"https:\/\/schema.org","@graph":[{"@type":"Article","@id":"https:\/\/www.fona.gob.ve\/index.php\/2026\/03\/10\/presidenta-delcy-rodriguez-ratifica-el-protagonismo-del-poder-popular-tras-la-exitosa-consulta-nacional\/#article","isPartOf":{"@id":"https:\/\/www.fona.gob.ve\/index.php\/2026\/03\/10\/presidenta-delcy-rodriguez-ratifica-el-protagonismo-del-poder-popular-tras-la-exitosa-consulta-nacional\/"},"author":{"name":"prensa prensa","@id":"https:\/\/www.fona.gob.ve\/#\/schema\/person\/887f0d86a3d016ef9df002d3603dd736"},"headline":"Presidenta Delcy Rodr\u00edguez ratifica el protagonismo del Poder Popular tras la exitosa Consulta Nacional","datePublished":"2026-03-10T15:11:43+00:00","dateModified":"2026-03-10T15:15:56+00:00","mainEntityOfPage":{"@id":"https:\/\/www.fona.gob.ve\/index.php\/2026\/03\/10\/presidenta-delcy-rodriguez-ratifica-el-protagonismo-del-poder-popular-tras-la-exitosa-consulta-nacional\/"},"wordCount":239,"publisher":{"@id":"https:\/\/www.fona.gob.ve\/#organization"},"image":{"@id":"https:\/\/www.fona.gob.ve\/index.php\/2026\/03\/10\/presidenta-delcy-rodriguez-ratifica-el-protagonismo-del-poder-popular-tras-la-exitosa-consulta-nacional\/#primaryimage"},"thumbnailUrl":"https:\/\/www.fona.gob.ve\/wp-content\/uploads\/2026\/03\/01-medida-para-np-diodado-psuv.jpg","articleSection":["Noticias"],"inLanguage":"es"},{"@type":"WebPage","@id":"https:\/\/www.fona.gob.ve\/index.php\/2026\/03\/10\/presidenta-delcy-rodriguez-ratifica-el-protagonismo-del-poder-popular-tras-la-exitosa-consulta-nacional\/","url":"https:\/\/www.fona.gob.ve\/index.php\/2026\/03\/10\/presidenta-delcy-rodriguez-ratifica-el-protagonismo-del-poder-popular-tras-la-exitosa-consulta-nacional\/","name":"Presidenta Delcy Rodr\u00edguez ratifica el protagonismo del Poder Popular tras la exitosa Consulta Nacional - Fondo Nacional Antidrogas","isPartOf":{"@id":"https:\/\/www.fona.gob.ve\/#website"},"primaryImageOfPage":{"@id":"https:\/\/www.fona.gob.ve\/index.php\/2026\/03\/10\/presidenta-delcy-rodriguez-ratifica-el-protagonismo-del-poder-popular-tras-la-exitosa-consulta-nacional\/#primaryimage"},"image":{"@id":"https:\/\/www.fona.gob.ve\/index.php\/2026\/03\/10\/presidenta-delcy-rodriguez-ratifica-el-protagonismo-del-poder-popular-tras-la-exitosa-consulta-nacional\/#primaryimage"},"thumbnailUrl":"https:\/\/www.fona.gob.ve\/wp-content\/uploads\/2026\/03\/01-medida-para-np-diodado-psuv.jpg","datePublished":"2026-03-10T15:11:43+00:00","dateModified":"2026-03-10T15:15:56+00:00","breadcrumb":{"@id":"https:\/\/www.fona.gob.ve\/index.php\/2026\/03\/10\/presidenta-delcy-rodriguez-ratifica-el-protagonismo-del-poder-popular-tras-la-exitosa-consulta-nacional\/#breadcrumb"},"inLanguage":"es","potentialAction":[{"@type":"ReadAction","target":["https:\/\/www.fona.gob.ve\/index.php\/2026\/03\/10\/presidenta-delcy-rodriguez-ratifica-el-protagonismo-del-poder-popular-tras-la-exitosa-consulta-nacional\/"]}]},{"@type":"ImageObject","inLanguage":"es","@id":"https:\/\/www.fona.gob.ve\/index.php\/2026\/03\/10\/presidenta-delcy-rodriguez-ratifica-el-protagonismo-del-poder-popular-tras-la-exitosa-consulta-nacional\/#primaryimage","url":"https:\/\/www.fona.gob.ve\/wp-content\/uploads\/2026\/03\/01-medida-para-np-diodado-psuv.jpg","contentUrl":"https:\/\/www.fona.gob.ve\/wp-content\/uploads\/2026\/03\/01-medida-para-np-diodado-psuv.jpg","width":800,"height":445},{"@type":"BreadcrumbList","@id":"https:\/\/www.fona.gob.ve\/index.php\/2026\/03\/10\/presidenta-delcy-rodriguez-ratifica-el-protagonismo-del-poder-popular-tras-la-exitosa-consulta-nacional\/#breadcrumb","itemListElement":[{"@type":"ListItem","position":1,"name":"Portada","item":"https:\/\/www.fona.gob.ve\/"},{"@type":"ListItem","position":2,"name":"Presidenta Delcy Rodr\u00edguez ratifica el protagonismo del Poder Popular tras la exitosa Consulta Nacional"}]},{"@type":"WebSite","@id":"https:\/\/www.fona.gob.ve\/#website","url":"https:\/\/www.fona.gob.ve\/","name":"Fondo Nacional Antidrogas","description":"Conoce las acciones, programas y pol\u00edticas del Fondo Nacional Antidrogas (FONA) orientadas a la prevenci\u00f3n, atenci\u00f3n integral y lucha contra el consumo de drogas en Venezuela. Informaci\u00f3n oficial y actualizada.","publisher":{"@id":"https:\/\/www.fona.gob.ve\/#organization"},"potentialAction":[{"@type":"SearchAction","target":{"@type":"EntryPoint","urlTemplate":"https:\/\/www.fona.gob.ve\/?s={search_term_string}"},"query-input":{"@type":"PropertyValueSpecification","valueRequired":true,"valueName":"search_term_string"}}],"inLanguage":"es"},{"@type":"Organization","@id":"https:\/\/www.fona.gob.ve\/#organization","name":"Fondo Nacional Antidrogas","url":"https:\/\/www.fona.gob.ve\/","logo":{"@type":"ImageObject","inLanguage":"es","@id":"https:\/\/www.fona.gob.ve\/#\/schema\/logo\/image\/","url":"https:\/\/www.fona.gob.ve\/wp-content\/uploads\/2025\/04\/fona.jpeg","contentUrl":"https:\/\/www.fona.gob.ve\/wp-content\/uploads\/2025\/04\/fona.jpeg","width":1200,"height":1200,"caption":"Fondo Nacional Antidrogas"},"image":{"@id":"https:\/\/www.fona.gob.ve\/#\/schema\/logo\/image\/"}},{"@type":"Person","@id":"https:\/\/www.fona.gob.ve\/#\/schema\/person\/887f0d86a3d016ef9df002d3603dd736","name":"prensa prensa","sameAs":["https:\/\/fona.gob.ve"],"url":"https:\/\/www.fona.gob.ve\/index.php\/author\/prensa\/"}]}},"_links":{"self":[{"href":"https:\/\/www.fona.gob.ve\/index.php\/wp-json\/wp\/v2\/posts\/13296","targetHints":{"allow":["GET"]}}],"collection":[{"href":"https:\/\/www.fona.gob.ve\/index.php\/wp-json\/wp\/v2\/posts"}],"about":[{"href":"https:\/\/www.fona.gob.ve\/index.php\/wp-json\/wp\/v2\/types\/post"}],"author":[{"embeddable":true,"href":"https:\/\/www.fona.gob.ve\/index.php\/wp-json\/wp\/v2\/users\/2"}],"replies":[{"embeddable":true,"href":"https:\/\/www.fona.gob.ve\/index.php\/wp-json\/wp\/v2\/comments?post=13296"}],"version-history":[{"count":6,"href":"https:\/\/www.fona.gob.ve\/index.php\/wp-json\/wp\/v2\/posts\/13296\/revisions"}],"predecessor-version":[{"id":13304,"href":"https:\/\/www.fona.gob.ve\/index.php\/wp-json\/wp\/v2\/posts\/13296\/revisions\/13304"}],"wp:featuredmedia":[{"embeddable":true,"href":"https:\/\/www.fona.gob.ve\/index.php\/wp-json\/wp\/v2\/media\/13297"}],"wp:attachment":[{"href":"https:\/\/www.fona.gob.ve\/index.php\/wp-json\/wp\/v2\/media?parent=13296"}],"wp:term":[{"taxonomy":"category","embeddable":true,"href":"https:\/\/www.fona.gob.ve\/index.php\/wp-json\/wp\/v2\/categories?post=13296"},{"taxonomy":"post_tag","embeddable":true,"href":"https:\/\/www.fona.gob.ve\/index.php\/wp-json\/wp\/v2\/tags?post=13296"}],"curies":[{"name":"wp","href":"https:\/\/api.w.org\/{rel}","templated":true}]}}