{"id":12920,"date":"2025-10-13T15:10:25","date_gmt":"2025-10-13T19:10:25","guid":{"rendered":"https:\/\/www.fona.gob.ve\/?p=12920"},"modified":"2025-10-13T15:11:20","modified_gmt":"2025-10-13T19:11:20","slug":"conmemoran-533-anos-del-dia-de-la-resistencia-indigena-en-el-panteon-nacional","status":"publish","type":"post","link":"https:\/\/www.fona.gob.ve\/index.php\/2025\/10\/13\/conmemoran-533-anos-del-dia-de-la-resistencia-indigena-en-el-panteon-nacional\/","title":{"rendered":"Conmemoran 533 a\u00f1os del D\u00eda de la Resistencia Ind\u00edgena en el Pante\u00f3n Nacional"},"content":{"rendered":"\t\t<div data-elementor-type=\"wp-post\" data-elementor-id=\"12920\" class=\"elementor elementor-12920\" data-elementor-post-type=\"post\">\n\t\t\t\t\t\t<section class=\"elementor-section elementor-top-section elementor-element elementor-element-41865486 elementor-section-boxed elementor-section-height-default elementor-section-height-default\" data-id=\"41865486\" data-element_type=\"section\">\n\t\t\t\t\t\t<div class=\"elementor-container elementor-column-gap-default\">\n\t\t\t\t\t<div class=\"elementor-column elementor-col-100 elementor-top-column elementor-element elementor-element-766953f\" data-id=\"766953f\" data-element_type=\"column\">\n\t\t\t<div class=\"elementor-widget-wrap elementor-element-populated\">\n\t\t\t\t\t\t<div class=\"elementor-element elementor-element-98786ea elementor-widget elementor-widget-image\" data-id=\"98786ea\" data-element_type=\"widget\" data-widget_type=\"image.default\">\n\t\t\t\t<div class=\"elementor-widget-container\">\n\t\t\t\t\t\t\t\t\t\t\t\t\t<img fetchpriority=\"high\" decoding=\"async\" width=\"800\" height=\"445\" src=\"https:\/\/www.fona.gob.ve\/wp-content\/uploads\/2025\/10\/Conmemoran-533-anos-del-Dia-de-la-Resistencia-Indigena-11-800x445-1.jpg\" class=\"attachment-large size-large wp-image-12921\" alt=\"\" srcset=\"https:\/\/www.fona.gob.ve\/wp-content\/uploads\/2025\/10\/Conmemoran-533-anos-del-Dia-de-la-Resistencia-Indigena-11-800x445-1.jpg 800w, https:\/\/www.fona.gob.ve\/wp-content\/uploads\/2025\/10\/Conmemoran-533-anos-del-Dia-de-la-Resistencia-Indigena-11-800x445-1-300x167.jpg 300w, https:\/\/www.fona.gob.ve\/wp-content\/uploads\/2025\/10\/Conmemoran-533-anos-del-Dia-de-la-Resistencia-Indigena-11-800x445-1-768x427.jpg 768w, https:\/\/www.fona.gob.ve\/wp-content\/uploads\/2025\/10\/Conmemoran-533-anos-del-Dia-de-la-Resistencia-Indigena-11-800x445-1-480x267.jpg 480w\" sizes=\"(max-width: 800px) 100vw, 800px\" title=\"Conmemoran-533-anos-del-Dia-de-la-Resistencia-Indigena-11-800x445\" \/>\t\t\t\t\t\t\t\t\t\t\t\t\t<\/div>\n\t\t\t\t<\/div>\n\t\t\t\t<div class=\"elementor-element elementor-element-124feb05 elementor-widget elementor-widget-text-editor\" data-id=\"124feb05\" data-element_type=\"widget\" data-widget_type=\"text-editor.default\">\n\t\t\t\t<div class=\"elementor-widget-container\">\n\t\t\t\t\t\t\t<p>Venezuela conmemora en el Pante\u00f3n Nacional el 533 aniversario del D\u00eda de la Resistencia Ind\u00edgena, con un acto de izada de la bandera en reconocimiento a las luchas de los pueblos originarios contra la colonizaci\u00f3n espa\u00f1ola.<\/p><p><span style=\"background-color: initial;\">En este sentido, la ministra para los Pueblos Ind\u00edgenas, Clara Vidal, destac\u00f3 que \u00abeste 12 de octubre de 2025, el pueblo venezolano e ind\u00edgena celebra esta emotiva fecha junto a la Fuerza Armada Nacional Bolivariana, acompa\u00f1ando a Sim\u00f3n Bol\u00edvar y a los caciques\u00bb.<\/span><\/p><p><span style=\"background-color: initial;\">A su vez, indic\u00f3 que no se celebra el inicio de una era colonial, sino la persistencia de una memoria ancestral.<\/span><\/p><p><span style=\"background-color: initial;\">Por otra parte, recalc\u00f3 que esta patria ind\u00edgena es gracias al comandante supremo Hugo Ch\u00e1vez. \u00abTodas las etnias ind\u00edgenas: \u00a0pem\u00f3n, wayuu, yukpa, entre otras, siempre contar\u00e1n con el apoyo para defender la soberan\u00eda del pa\u00eds\u00bb.<\/span><\/p><p><span style=\"background-color: initial;\">En otro orden de ideas, expres\u00f3 que Venezuela es asediada por el imperio norteamericano.<\/span><\/p><p>Asever\u00f3 que en este 2025, a pesar de los intentos de repetir la historia de la colonizaci\u00f3n, los pueblos ind\u00edgenas permanecen presentes y resisten, y no ser\u00e1n borrados, sino que seguir\u00e1n defendiendo su historia junto a los Libertadores.<\/p><p><span style=\"background-color: initial;\">Este evento refleja el compromiso hist\u00f3rico del pueblo venezolano con los ideales de libertad, as\u00ed como el reconocimiento y la valoraci\u00f3n de las culturas ind\u00edgenas.<\/span><\/p><p><strong style=\"background-color: initial;\">Prensa Mpprijp<\/strong><\/p>\t\t\t\t\t\t<\/div>\n\t\t\t\t<\/div>\n\t\t\t\t\t<\/div>\n\t\t<\/div>\n\t\t\t\t\t<\/div>\n\t\t<\/section>\n\t\t\t\t<\/div>\n\t\t","protected":false},"excerpt":{"rendered":"<p>Venezuela conmemora en el Pante\u00f3n Nacional el 533 aniversario del D\u00eda de la Resistencia Ind\u00edgena, con un acto de izada de la bandera en reconocimiento a las luchas de los pueblos originarios contra la colonizaci\u00f3n espa\u00f1ola. En este sentido, la ministra para los Pueblos Ind\u00edgenas, Clara Vidal, destac\u00f3 que \u00abeste 12 de octubre de 2025, [&hellip;]<\/p>\n","protected":false},"author":2,"featured_media":12921,"comment_status":"closed","ping_status":"closed","sticky":false,"template":"","format":"standard","meta":{"footnotes":""},"categories":[58],"tags":[],"class_list":["post-12920","post","type-post","status-publish","format-standard","has-post-thumbnail","hentry","category-noticias"],"yoast_head":"<!-- This site is optimized with the Yoast SEO plugin v26.4 - https:\/\/yoast.com\/wordpress\/plugins\/seo\/ -->\n<title>Conmemoran 533 a\u00f1os del D\u00eda de la Resistencia Ind\u00edgena en el Pante\u00f3n Nacional - Fondo Nacional Antidrogas<\/title>\n<meta name=\"robots\" content=\"index, follow, max-snippet:-1, max-image-preview:large, max-video-preview:-1\" \/>\n<link rel=\"canonical\" href=\"https:\/\/www.fona.gob.ve\/index.php\/2025\/10\/13\/conmemoran-533-anos-del-dia-de-la-resistencia-indigena-en-el-panteon-nacional\/\" \/>\n<meta property=\"og:locale\" content=\"es_ES\" \/>\n<meta property=\"og:type\" content=\"article\" \/>\n<meta property=\"og:title\" content=\"Conmemoran 533 a\u00f1os del D\u00eda de la Resistencia Ind\u00edgena en el Pante\u00f3n Nacional - Fondo Nacional Antidrogas\" \/>\n<meta property=\"og:description\" content=\"Venezuela conmemora en el Pante\u00f3n Nacional el 533 aniversario del D\u00eda de la Resistencia Ind\u00edgena, con un acto de izada de la bandera en reconocimiento a las luchas de los pueblos originarios contra la colonizaci\u00f3n espa\u00f1ola. En este sentido, la ministra para los Pueblos Ind\u00edgenas, Clara Vidal, destac\u00f3 que \u00abeste 12 de octubre de 2025, [&hellip;]\" \/>\n<meta property=\"og:url\" content=\"https:\/\/www.fona.gob.ve\/index.php\/2025\/10\/13\/conmemoran-533-anos-del-dia-de-la-resistencia-indigena-en-el-panteon-nacional\/\" \/>\n<meta property=\"og:site_name\" content=\"Fondo Nacional Antidrogas\" \/>\n<meta property=\"article:published_time\" content=\"2025-10-13T19:10:25+00:00\" \/>\n<meta property=\"article:modified_time\" content=\"2025-10-13T19:11:20+00:00\" \/>\n<meta property=\"og:image\" content=\"https:\/\/www.fona.gob.ve\/wp-content\/uploads\/2025\/10\/Conmemoran-533-anos-del-Dia-de-la-Resistencia-Indigena-11-800x445-1.jpg\" \/>\n\t<meta property=\"og:image:width\" content=\"800\" \/>\n\t<meta property=\"og:image:height\" content=\"445\" \/>\n\t<meta property=\"og:image:type\" content=\"image\/jpeg\" \/>\n<meta name=\"author\" content=\"prensa prensa\" \/>\n<meta name=\"twitter:card\" content=\"summary_large_image\" \/>\n<meta name=\"twitter:label1\" content=\"Escrito por\" \/>\n\t<meta name=\"twitter:data1\" content=\"prensa prensa\" \/>\n\t<meta name=\"twitter:label2\" content=\"Tiempo de lectura\" \/>\n\t<meta name=\"twitter:data2\" content=\"1 minuto\" \/>\n<script type=\"application\/ld+json\" class=\"yoast-schema-graph\">{\"@context\":\"https:\/\/schema.org\",\"@graph\":[{\"@type\":\"Article\",\"@id\":\"https:\/\/www.fona.gob.ve\/index.php\/2025\/10\/13\/conmemoran-533-anos-del-dia-de-la-resistencia-indigena-en-el-panteon-nacional\/#article\",\"isPartOf\":{\"@id\":\"https:\/\/www.fona.gob.ve\/index.php\/2025\/10\/13\/conmemoran-533-anos-del-dia-de-la-resistencia-indigena-en-el-panteon-nacional\/\"},\"author\":{\"name\":\"prensa prensa\",\"@id\":\"https:\/\/www.fona.gob.ve\/#\/schema\/person\/887f0d86a3d016ef9df002d3603dd736\"},\"headline\":\"Conmemoran 533 a\u00f1os del D\u00eda de la Resistencia Ind\u00edgena en el Pante\u00f3n Nacional\",\"datePublished\":\"2025-10-13T19:10:25+00:00\",\"dateModified\":\"2025-10-13T19:11:20+00:00\",\"mainEntityOfPage\":{\"@id\":\"https:\/\/www.fona.gob.ve\/index.php\/2025\/10\/13\/conmemoran-533-anos-del-dia-de-la-resistencia-indigena-en-el-panteon-nacional\/\"},\"wordCount\":250,\"publisher\":{\"@id\":\"https:\/\/www.fona.gob.ve\/#organization\"},\"image\":{\"@id\":\"https:\/\/www.fona.gob.ve\/index.php\/2025\/10\/13\/conmemoran-533-anos-del-dia-de-la-resistencia-indigena-en-el-panteon-nacional\/#primaryimage\"},\"thumbnailUrl\":\"https:\/\/www.fona.gob.ve\/wp-content\/uploads\/2025\/10\/Conmemoran-533-anos-del-Dia-de-la-Resistencia-Indigena-11-800x445-1.jpg\",\"articleSection\":[\"Noticias\"],\"inLanguage\":\"es\"},{\"@type\":\"WebPage\",\"@id\":\"https:\/\/www.fona.gob.ve\/index.php\/2025\/10\/13\/conmemoran-533-anos-del-dia-de-la-resistencia-indigena-en-el-panteon-nacional\/\",\"url\":\"https:\/\/www.fona.gob.ve\/index.php\/2025\/10\/13\/conmemoran-533-anos-del-dia-de-la-resistencia-indigena-en-el-panteon-nacional\/\",\"name\":\"Conmemoran 533 a\u00f1os del D\u00eda de la Resistencia Ind\u00edgena en el Pante\u00f3n Nacional - Fondo Nacional Antidrogas\",\"isPartOf\":{\"@id\":\"https:\/\/www.fona.gob.ve\/#website\"},\"primaryImageOfPage\":{\"@id\":\"https:\/\/www.fona.gob.ve\/index.php\/2025\/10\/13\/conmemoran-533-anos-del-dia-de-la-resistencia-indigena-en-el-panteon-nacional\/#primaryimage\"},\"image\":{\"@id\":\"https:\/\/www.fona.gob.ve\/index.php\/2025\/10\/13\/conmemoran-533-anos-del-dia-de-la-resistencia-indigena-en-el-panteon-nacional\/#primaryimage\"},\"thumbnailUrl\":\"https:\/\/www.fona.gob.ve\/wp-content\/uploads\/2025\/10\/Conmemoran-533-anos-del-Dia-de-la-Resistencia-Indigena-11-800x445-1.jpg\",\"datePublished\":\"2025-10-13T19:10:25+00:00\",\"dateModified\":\"2025-10-13T19:11:20+00:00\",\"breadcrumb\":{\"@id\":\"https:\/\/www.fona.gob.ve\/index.php\/2025\/10\/13\/conmemoran-533-anos-del-dia-de-la-resistencia-indigena-en-el-panteon-nacional\/#breadcrumb\"},\"inLanguage\":\"es\",\"potentialAction\":[{\"@type\":\"ReadAction\",\"target\":[\"https:\/\/www.fona.gob.ve\/index.php\/2025\/10\/13\/conmemoran-533-anos-del-dia-de-la-resistencia-indigena-en-el-panteon-nacional\/\"]}]},{\"@type\":\"ImageObject\",\"inLanguage\":\"es\",\"@id\":\"https:\/\/www.fona.gob.ve\/index.php\/2025\/10\/13\/conmemoran-533-anos-del-dia-de-la-resistencia-indigena-en-el-panteon-nacional\/#primaryimage\",\"url\":\"https:\/\/www.fona.gob.ve\/wp-content\/uploads\/2025\/10\/Conmemoran-533-anos-del-Dia-de-la-Resistencia-Indigena-11-800x445-1.jpg\",\"contentUrl\":\"https:\/\/www.fona.gob.ve\/wp-content\/uploads\/2025\/10\/Conmemoran-533-anos-del-Dia-de-la-Resistencia-Indigena-11-800x445-1.jpg\",\"width\":800,\"height\":445},{\"@type\":\"BreadcrumbList\",\"@id\":\"https:\/\/www.fona.gob.ve\/index.php\/2025\/10\/13\/conmemoran-533-anos-del-dia-de-la-resistencia-indigena-en-el-panteon-nacional\/#breadcrumb\",\"itemListElement\":[{\"@type\":\"ListItem\",\"position\":1,\"name\":\"Portada\",\"item\":\"https:\/\/www.fona.gob.ve\/\"},{\"@type\":\"ListItem\",\"position\":2,\"name\":\"Conmemoran 533 a\u00f1os del D\u00eda de la Resistencia Ind\u00edgena en el Pante\u00f3n Nacional\"}]},{\"@type\":\"WebSite\",\"@id\":\"https:\/\/www.fona.gob.ve\/#website\",\"url\":\"https:\/\/www.fona.gob.ve\/\",\"name\":\"Fondo Nacional Antidrogas\",\"description\":\"Conoce las acciones, programas y pol\u00edticas del Fondo Nacional Antidrogas (FONA) orientadas a la prevenci\u00f3n, atenci\u00f3n integral y lucha contra el consumo de drogas en Venezuela. Informaci\u00f3n oficial y actualizada.\",\"publisher\":{\"@id\":\"https:\/\/www.fona.gob.ve\/#organization\"},\"potentialAction\":[{\"@type\":\"SearchAction\",\"target\":{\"@type\":\"EntryPoint\",\"urlTemplate\":\"https:\/\/www.fona.gob.ve\/?s={search_term_string}\"},\"query-input\":{\"@type\":\"PropertyValueSpecification\",\"valueRequired\":true,\"valueName\":\"search_term_string\"}}],\"inLanguage\":\"es\"},{\"@type\":\"Organization\",\"@id\":\"https:\/\/www.fona.gob.ve\/#organization\",\"name\":\"Fondo Nacional Antidrogas\",\"url\":\"https:\/\/www.fona.gob.ve\/\",\"logo\":{\"@type\":\"ImageObject\",\"inLanguage\":\"es\",\"@id\":\"https:\/\/www.fona.gob.ve\/#\/schema\/logo\/image\/\",\"url\":\"https:\/\/www.fona.gob.ve\/wp-content\/uploads\/2025\/04\/fona.jpeg\",\"contentUrl\":\"https:\/\/www.fona.gob.ve\/wp-content\/uploads\/2025\/04\/fona.jpeg\",\"width\":1200,\"height\":1200,\"caption\":\"Fondo Nacional Antidrogas\"},\"image\":{\"@id\":\"https:\/\/www.fona.gob.ve\/#\/schema\/logo\/image\/\"}},{\"@type\":\"Person\",\"@id\":\"https:\/\/www.fona.gob.ve\/#\/schema\/person\/887f0d86a3d016ef9df002d3603dd736\",\"name\":\"prensa prensa\",\"sameAs\":[\"https:\/\/fona.gob.ve\"],\"url\":\"https:\/\/www.fona.gob.ve\/index.php\/author\/prensa\/\"}]}<\/script>\n<!-- \/ Yoast SEO plugin. -->","yoast_head_json":{"title":"Conmemoran 533 a\u00f1os del D\u00eda de la Resistencia Ind\u00edgena en el Pante\u00f3n Nacional - Fondo Nacional Antidrogas","robots":{"index":"index","follow":"follow","max-snippet":"max-snippet:-1","max-image-preview":"max-image-preview:large","max-video-preview":"max-video-preview:-1"},"canonical":"https:\/\/www.fona.gob.ve\/index.php\/2025\/10\/13\/conmemoran-533-anos-del-dia-de-la-resistencia-indigena-en-el-panteon-nacional\/","og_locale":"es_ES","og_type":"article","og_title":"Conmemoran 533 a\u00f1os del D\u00eda de la Resistencia Ind\u00edgena en el Pante\u00f3n Nacional - Fondo Nacional Antidrogas","og_description":"Venezuela conmemora en el Pante\u00f3n Nacional el 533 aniversario del D\u00eda de la Resistencia Ind\u00edgena, con un acto de izada de la bandera en reconocimiento a las luchas de los pueblos originarios contra la colonizaci\u00f3n espa\u00f1ola. En este sentido, la ministra para los Pueblos Ind\u00edgenas, Clara Vidal, destac\u00f3 que \u00abeste 12 de octubre de 2025, [&hellip;]","og_url":"https:\/\/www.fona.gob.ve\/index.php\/2025\/10\/13\/conmemoran-533-anos-del-dia-de-la-resistencia-indigena-en-el-panteon-nacional\/","og_site_name":"Fondo Nacional Antidrogas","article_published_time":"2025-10-13T19:10:25+00:00","article_modified_time":"2025-10-13T19:11:20+00:00","og_image":[{"width":800,"height":445,"url":"https:\/\/www.fona.gob.ve\/wp-content\/uploads\/2025\/10\/Conmemoran-533-anos-del-Dia-de-la-Resistencia-Indigena-11-800x445-1.jpg","type":"image\/jpeg"}],"author":"prensa prensa","twitter_card":"summary_large_image","twitter_misc":{"Escrito por":"prensa prensa","Tiempo de lectura":"1 minuto"},"schema":{"@context":"https:\/\/schema.org","@graph":[{"@type":"Article","@id":"https:\/\/www.fona.gob.ve\/index.php\/2025\/10\/13\/conmemoran-533-anos-del-dia-de-la-resistencia-indigena-en-el-panteon-nacional\/#article","isPartOf":{"@id":"https:\/\/www.fona.gob.ve\/index.php\/2025\/10\/13\/conmemoran-533-anos-del-dia-de-la-resistencia-indigena-en-el-panteon-nacional\/"},"author":{"name":"prensa prensa","@id":"https:\/\/www.fona.gob.ve\/#\/schema\/person\/887f0d86a3d016ef9df002d3603dd736"},"headline":"Conmemoran 533 a\u00f1os del D\u00eda de la Resistencia Ind\u00edgena en el Pante\u00f3n Nacional","datePublished":"2025-10-13T19:10:25+00:00","dateModified":"2025-10-13T19:11:20+00:00","mainEntityOfPage":{"@id":"https:\/\/www.fona.gob.ve\/index.php\/2025\/10\/13\/conmemoran-533-anos-del-dia-de-la-resistencia-indigena-en-el-panteon-nacional\/"},"wordCount":250,"publisher":{"@id":"https:\/\/www.fona.gob.ve\/#organization"},"image":{"@id":"https:\/\/www.fona.gob.ve\/index.php\/2025\/10\/13\/conmemoran-533-anos-del-dia-de-la-resistencia-indigena-en-el-panteon-nacional\/#primaryimage"},"thumbnailUrl":"https:\/\/www.fona.gob.ve\/wp-content\/uploads\/2025\/10\/Conmemoran-533-anos-del-Dia-de-la-Resistencia-Indigena-11-800x445-1.jpg","articleSection":["Noticias"],"inLanguage":"es"},{"@type":"WebPage","@id":"https:\/\/www.fona.gob.ve\/index.php\/2025\/10\/13\/conmemoran-533-anos-del-dia-de-la-resistencia-indigena-en-el-panteon-nacional\/","url":"https:\/\/www.fona.gob.ve\/index.php\/2025\/10\/13\/conmemoran-533-anos-del-dia-de-la-resistencia-indigena-en-el-panteon-nacional\/","name":"Conmemoran 533 a\u00f1os del D\u00eda de la Resistencia Ind\u00edgena en el Pante\u00f3n Nacional - Fondo Nacional Antidrogas","isPartOf":{"@id":"https:\/\/www.fona.gob.ve\/#website"},"primaryImageOfPage":{"@id":"https:\/\/www.fona.gob.ve\/index.php\/2025\/10\/13\/conmemoran-533-anos-del-dia-de-la-resistencia-indigena-en-el-panteon-nacional\/#primaryimage"},"image":{"@id":"https:\/\/www.fona.gob.ve\/index.php\/2025\/10\/13\/conmemoran-533-anos-del-dia-de-la-resistencia-indigena-en-el-panteon-nacional\/#primaryimage"},"thumbnailUrl":"https:\/\/www.fona.gob.ve\/wp-content\/uploads\/2025\/10\/Conmemoran-533-anos-del-Dia-de-la-Resistencia-Indigena-11-800x445-1.jpg","datePublished":"2025-10-13T19:10:25+00:00","dateModified":"2025-10-13T19:11:20+00:00","breadcrumb":{"@id":"https:\/\/www.fona.gob.ve\/index.php\/2025\/10\/13\/conmemoran-533-anos-del-dia-de-la-resistencia-indigena-en-el-panteon-nacional\/#breadcrumb"},"inLanguage":"es","potentialAction":[{"@type":"ReadAction","target":["https:\/\/www.fona.gob.ve\/index.php\/2025\/10\/13\/conmemoran-533-anos-del-dia-de-la-resistencia-indigena-en-el-panteon-nacional\/"]}]},{"@type":"ImageObject","inLanguage":"es","@id":"https:\/\/www.fona.gob.ve\/index.php\/2025\/10\/13\/conmemoran-533-anos-del-dia-de-la-resistencia-indigena-en-el-panteon-nacional\/#primaryimage","url":"https:\/\/www.fona.gob.ve\/wp-content\/uploads\/2025\/10\/Conmemoran-533-anos-del-Dia-de-la-Resistencia-Indigena-11-800x445-1.jpg","contentUrl":"https:\/\/www.fona.gob.ve\/wp-content\/uploads\/2025\/10\/Conmemoran-533-anos-del-Dia-de-la-Resistencia-Indigena-11-800x445-1.jpg","width":800,"height":445},{"@type":"BreadcrumbList","@id":"https:\/\/www.fona.gob.ve\/index.php\/2025\/10\/13\/conmemoran-533-anos-del-dia-de-la-resistencia-indigena-en-el-panteon-nacional\/#breadcrumb","itemListElement":[{"@type":"ListItem","position":1,"name":"Portada","item":"https:\/\/www.fona.gob.ve\/"},{"@type":"ListItem","position":2,"name":"Conmemoran 533 a\u00f1os del D\u00eda de la Resistencia Ind\u00edgena en el Pante\u00f3n Nacional"}]},{"@type":"WebSite","@id":"https:\/\/www.fona.gob.ve\/#website","url":"https:\/\/www.fona.gob.ve\/","name":"Fondo Nacional Antidrogas","description":"Conoce las acciones, programas y pol\u00edticas del Fondo Nacional Antidrogas (FONA) orientadas a la prevenci\u00f3n, atenci\u00f3n integral y lucha contra el consumo de drogas en Venezuela. Informaci\u00f3n oficial y actualizada.","publisher":{"@id":"https:\/\/www.fona.gob.ve\/#organization"},"potentialAction":[{"@type":"SearchAction","target":{"@type":"EntryPoint","urlTemplate":"https:\/\/www.fona.gob.ve\/?s={search_term_string}"},"query-input":{"@type":"PropertyValueSpecification","valueRequired":true,"valueName":"search_term_string"}}],"inLanguage":"es"},{"@type":"Organization","@id":"https:\/\/www.fona.gob.ve\/#organization","name":"Fondo Nacional Antidrogas","url":"https:\/\/www.fona.gob.ve\/","logo":{"@type":"ImageObject","inLanguage":"es","@id":"https:\/\/www.fona.gob.ve\/#\/schema\/logo\/image\/","url":"https:\/\/www.fona.gob.ve\/wp-content\/uploads\/2025\/04\/fona.jpeg","contentUrl":"https:\/\/www.fona.gob.ve\/wp-content\/uploads\/2025\/04\/fona.jpeg","width":1200,"height":1200,"caption":"Fondo Nacional Antidrogas"},"image":{"@id":"https:\/\/www.fona.gob.ve\/#\/schema\/logo\/image\/"}},{"@type":"Person","@id":"https:\/\/www.fona.gob.ve\/#\/schema\/person\/887f0d86a3d016ef9df002d3603dd736","name":"prensa prensa","sameAs":["https:\/\/fona.gob.ve"],"url":"https:\/\/www.fona.gob.ve\/index.php\/author\/prensa\/"}]}},"_links":{"self":[{"href":"https:\/\/www.fona.gob.ve\/index.php\/wp-json\/wp\/v2\/posts\/12920","targetHints":{"allow":["GET"]}}],"collection":[{"href":"https:\/\/www.fona.gob.ve\/index.php\/wp-json\/wp\/v2\/posts"}],"about":[{"href":"https:\/\/www.fona.gob.ve\/index.php\/wp-json\/wp\/v2\/types\/post"}],"author":[{"embeddable":true,"href":"https:\/\/www.fona.gob.ve\/index.php\/wp-json\/wp\/v2\/users\/2"}],"replies":[{"embeddable":true,"href":"https:\/\/www.fona.gob.ve\/index.php\/wp-json\/wp\/v2\/comments?post=12920"}],"version-history":[{"count":3,"href":"https:\/\/www.fona.gob.ve\/index.php\/wp-json\/wp\/v2\/posts\/12920\/revisions"}],"predecessor-version":[{"id":12924,"href":"https:\/\/www.fona.gob.ve\/index.php\/wp-json\/wp\/v2\/posts\/12920\/revisions\/12924"}],"wp:featuredmedia":[{"embeddable":true,"href":"https:\/\/www.fona.gob.ve\/index.php\/wp-json\/wp\/v2\/media\/12921"}],"wp:attachment":[{"href":"https:\/\/www.fona.gob.ve\/index.php\/wp-json\/wp\/v2\/media?parent=12920"}],"wp:term":[{"taxonomy":"category","embeddable":true,"href":"https:\/\/www.fona.gob.ve\/index.php\/wp-json\/wp\/v2\/categories?post=12920"},{"taxonomy":"post_tag","embeddable":true,"href":"https:\/\/www.fona.gob.ve\/index.php\/wp-json\/wp\/v2\/tags?post=12920"}],"curies":[{"name":"wp","href":"https:\/\/api.w.org\/{rel}","templated":true}]}}