{"id":12905,"date":"2025-10-06T11:08:56","date_gmt":"2025-10-06T15:08:56","guid":{"rendered":"https:\/\/www.fona.gob.ve\/?p=12905"},"modified":"2025-10-06T11:10:48","modified_gmt":"2025-10-06T15:10:48","slug":"mpprijp-y-fona-presentes-en-la-jornada-de-atencion-integral-realizada-municipio-sucre-del-estado-miranda","status":"publish","type":"post","link":"https:\/\/www.fona.gob.ve\/index.php\/2025\/10\/06\/mpprijp-y-fona-presentes-en-la-jornada-de-atencion-integral-realizada-municipio-sucre-del-estado-miranda\/","title":{"rendered":"MPPRIJP y FONA presentes en la Jornada de Atenci\u00f3n Integral realizada municipio Sucre del estado Miranda"},"content":{"rendered":"\t\t<div data-elementor-type=\"wp-post\" data-elementor-id=\"12905\" class=\"elementor elementor-12905\" data-elementor-post-type=\"post\">\n\t\t\t\t\t\t<section class=\"elementor-section elementor-top-section elementor-element elementor-element-10a4a46d elementor-section-boxed elementor-section-height-default elementor-section-height-default\" data-id=\"10a4a46d\" data-element_type=\"section\">\n\t\t\t\t\t\t<div class=\"elementor-container elementor-column-gap-default\">\n\t\t\t\t\t<div class=\"elementor-column elementor-col-100 elementor-top-column elementor-element elementor-element-173eb73f\" data-id=\"173eb73f\" data-element_type=\"column\">\n\t\t\t<div class=\"elementor-widget-wrap elementor-element-populated\">\n\t\t\t\t\t\t<div class=\"elementor-element elementor-element-313b432 elementor-widget elementor-widget-image\" data-id=\"313b432\" data-element_type=\"widget\" data-widget_type=\"image.default\">\n\t\t\t\t<div class=\"elementor-widget-container\">\n\t\t\t\t\t\t\t\t\t\t\t\t\t<img fetchpriority=\"high\" decoding=\"async\" width=\"800\" height=\"445\" src=\"https:\/\/www.fona.gob.ve\/wp-content\/uploads\/2025\/10\/001medida-para-np.jpg\" class=\"attachment-large size-large wp-image-12906\" alt=\"\" srcset=\"https:\/\/www.fona.gob.ve\/wp-content\/uploads\/2025\/10\/001medida-para-np.jpg 800w, https:\/\/www.fona.gob.ve\/wp-content\/uploads\/2025\/10\/001medida-para-np-300x167.jpg 300w, https:\/\/www.fona.gob.ve\/wp-content\/uploads\/2025\/10\/001medida-para-np-768x427.jpg 768w, https:\/\/www.fona.gob.ve\/wp-content\/uploads\/2025\/10\/001medida-para-np-480x267.jpg 480w\" sizes=\"(max-width: 800px) 100vw, 800px\" title=\"001medida-para-np\" \/>\t\t\t\t\t\t\t\t\t\t\t\t\t<\/div>\n\t\t\t\t<\/div>\n\t\t\t\t<div class=\"elementor-element elementor-element-9943444 elementor-widget elementor-widget-text-editor\" data-id=\"9943444\" data-element_type=\"widget\" data-widget_type=\"text-editor.default\">\n\t\t\t\t<div class=\"elementor-widget-container\">\n\t\t\t\t\t\t\t<p>El Fondo Nacional Antidrogas (FONA) y diversos entes adscritos al Ministerio del Poder Popular para Relaciones Interiores, Justicia y Paz (MPPRIJP), participaron en la jornada de atenci\u00f3n integral en el marco del Plan Antonio Jos\u00e9 de Sucre, realizada en la comunidad de \u201cSan Jos\u00e9\u201d de Petare, estado Miranda.<\/p><p><span style=\"background-color: initial;\">Asimismo, el FONA brind\u00f3 asesor\u00edas e informaci\u00f3n sobre las funciones de la instituci\u00f3n, tambi\u00e9n realiz\u00f3 diversas actividades para los ni\u00f1os y ni\u00f1as de la comunidad, donde pudieron colorear, jugar y ganar diversos premios en las din\u00e1micas que se hicieron.<\/span><\/p><p><span style=\"background-color: initial;\">Durante la actividad, se realizaron diferentes actividades tales como entrega de medicamentos, asesor\u00edas, feria de alimentos, charlas y actividades recreativos en materia de prevenci\u00f3n.<\/span><\/p><p><span style=\"background-color: initial;\">Esta jornada fue realizada bajo los lineamientos establecidos por el Presidente Nicol\u00e1s Maduro y del Vpdte. Sectorial el Cap. Diosdado Cabello, para garantizar el bienestar en las comunidades y promover la prevenci\u00f3n integral para la vida, la paz, la convivencia pac\u00edfica y solidaria.<\/span><\/p><p><span style=\"background-color: initial;\">R: Jonathan Prieto \/ Prensa FONA<\/span><\/p><p><span style=\"background-color: initial;\">F: Daniela Medina \/ Prensa FONA<\/span><\/p>\t\t\t\t\t\t<\/div>\n\t\t\t\t<\/div>\n\t\t\t\t\t<\/div>\n\t\t<\/div>\n\t\t\t\t\t<\/div>\n\t\t<\/section>\n\t\t\t\t<\/div>\n\t\t","protected":false},"excerpt":{"rendered":"<p>El Fondo Nacional Antidrogas (FONA) y diversos entes adscritos al Ministerio del Poder Popular para Relaciones Interiores, Justicia y Paz (MPPRIJP), participaron en la jornada de atenci\u00f3n integral en el marco del Plan Antonio Jos\u00e9 de Sucre, realizada en la comunidad de \u201cSan Jos\u00e9\u201d de Petare, estado Miranda. Asimismo, el FONA brind\u00f3 asesor\u00edas e informaci\u00f3n [&hellip;]<\/p>\n","protected":false},"author":2,"featured_media":12906,"comment_status":"closed","ping_status":"closed","sticky":false,"template":"","format":"standard","meta":{"footnotes":""},"categories":[58],"tags":[],"class_list":["post-12905","post","type-post","status-publish","format-standard","has-post-thumbnail","hentry","category-noticias"],"yoast_head":"<!-- This site is optimized with the Yoast SEO plugin v26.4 - https:\/\/yoast.com\/wordpress\/plugins\/seo\/ -->\n<title>MPPRIJP y FONA presentes en la Jornada de Atenci\u00f3n Integral realizada municipio Sucre del estado Miranda - Fondo Nacional Antidrogas<\/title>\n<meta name=\"robots\" content=\"index, follow, max-snippet:-1, max-image-preview:large, max-video-preview:-1\" \/>\n<link rel=\"canonical\" href=\"https:\/\/www.fona.gob.ve\/index.php\/2025\/10\/06\/mpprijp-y-fona-presentes-en-la-jornada-de-atencion-integral-realizada-municipio-sucre-del-estado-miranda\/\" \/>\n<meta property=\"og:locale\" content=\"es_ES\" \/>\n<meta property=\"og:type\" content=\"article\" \/>\n<meta property=\"og:title\" content=\"MPPRIJP y FONA presentes en la Jornada de Atenci\u00f3n Integral realizada municipio Sucre del estado Miranda - Fondo Nacional Antidrogas\" \/>\n<meta property=\"og:description\" content=\"El Fondo Nacional Antidrogas (FONA) y diversos entes adscritos al Ministerio del Poder Popular para Relaciones Interiores, Justicia y Paz (MPPRIJP), participaron en la jornada de atenci\u00f3n integral en el marco del Plan Antonio Jos\u00e9 de Sucre, realizada en la comunidad de \u201cSan Jos\u00e9\u201d de Petare, estado Miranda. Asimismo, el FONA brind\u00f3 asesor\u00edas e informaci\u00f3n [&hellip;]\" \/>\n<meta property=\"og:url\" content=\"https:\/\/www.fona.gob.ve\/index.php\/2025\/10\/06\/mpprijp-y-fona-presentes-en-la-jornada-de-atencion-integral-realizada-municipio-sucre-del-estado-miranda\/\" \/>\n<meta property=\"og:site_name\" content=\"Fondo Nacional Antidrogas\" \/>\n<meta property=\"article:published_time\" content=\"2025-10-06T15:08:56+00:00\" \/>\n<meta property=\"article:modified_time\" content=\"2025-10-06T15:10:48+00:00\" \/>\n<meta property=\"og:image\" content=\"https:\/\/www.fona.gob.ve\/wp-content\/uploads\/2025\/10\/001medida-para-np.jpg\" \/>\n\t<meta property=\"og:image:width\" content=\"800\" \/>\n\t<meta property=\"og:image:height\" content=\"445\" \/>\n\t<meta property=\"og:image:type\" content=\"image\/jpeg\" \/>\n<meta name=\"author\" content=\"prensa prensa\" \/>\n<meta name=\"twitter:card\" content=\"summary_large_image\" \/>\n<meta name=\"twitter:label1\" content=\"Escrito por\" \/>\n\t<meta name=\"twitter:data1\" content=\"prensa prensa\" \/>\n\t<meta name=\"twitter:label2\" content=\"Tiempo de lectura\" \/>\n\t<meta name=\"twitter:data2\" content=\"1 minuto\" \/>\n<script type=\"application\/ld+json\" class=\"yoast-schema-graph\">{\"@context\":\"https:\/\/schema.org\",\"@graph\":[{\"@type\":\"Article\",\"@id\":\"https:\/\/www.fona.gob.ve\/index.php\/2025\/10\/06\/mpprijp-y-fona-presentes-en-la-jornada-de-atencion-integral-realizada-municipio-sucre-del-estado-miranda\/#article\",\"isPartOf\":{\"@id\":\"https:\/\/www.fona.gob.ve\/index.php\/2025\/10\/06\/mpprijp-y-fona-presentes-en-la-jornada-de-atencion-integral-realizada-municipio-sucre-del-estado-miranda\/\"},\"author\":{\"name\":\"prensa prensa\",\"@id\":\"https:\/\/www.fona.gob.ve\/#\/schema\/person\/887f0d86a3d016ef9df002d3603dd736\"},\"headline\":\"MPPRIJP y FONA presentes en la Jornada de Atenci\u00f3n Integral realizada municipio Sucre del estado Miranda\",\"datePublished\":\"2025-10-06T15:08:56+00:00\",\"dateModified\":\"2025-10-06T15:10:48+00:00\",\"mainEntityOfPage\":{\"@id\":\"https:\/\/www.fona.gob.ve\/index.php\/2025\/10\/06\/mpprijp-y-fona-presentes-en-la-jornada-de-atencion-integral-realizada-municipio-sucre-del-estado-miranda\/\"},\"wordCount\":194,\"publisher\":{\"@id\":\"https:\/\/www.fona.gob.ve\/#organization\"},\"image\":{\"@id\":\"https:\/\/www.fona.gob.ve\/index.php\/2025\/10\/06\/mpprijp-y-fona-presentes-en-la-jornada-de-atencion-integral-realizada-municipio-sucre-del-estado-miranda\/#primaryimage\"},\"thumbnailUrl\":\"https:\/\/www.fona.gob.ve\/wp-content\/uploads\/2025\/10\/001medida-para-np.jpg\",\"articleSection\":[\"Noticias\"],\"inLanguage\":\"es\"},{\"@type\":\"WebPage\",\"@id\":\"https:\/\/www.fona.gob.ve\/index.php\/2025\/10\/06\/mpprijp-y-fona-presentes-en-la-jornada-de-atencion-integral-realizada-municipio-sucre-del-estado-miranda\/\",\"url\":\"https:\/\/www.fona.gob.ve\/index.php\/2025\/10\/06\/mpprijp-y-fona-presentes-en-la-jornada-de-atencion-integral-realizada-municipio-sucre-del-estado-miranda\/\",\"name\":\"MPPRIJP y FONA presentes en la Jornada de Atenci\u00f3n Integral realizada municipio Sucre del estado Miranda - Fondo Nacional Antidrogas\",\"isPartOf\":{\"@id\":\"https:\/\/www.fona.gob.ve\/#website\"},\"primaryImageOfPage\":{\"@id\":\"https:\/\/www.fona.gob.ve\/index.php\/2025\/10\/06\/mpprijp-y-fona-presentes-en-la-jornada-de-atencion-integral-realizada-municipio-sucre-del-estado-miranda\/#primaryimage\"},\"image\":{\"@id\":\"https:\/\/www.fona.gob.ve\/index.php\/2025\/10\/06\/mpprijp-y-fona-presentes-en-la-jornada-de-atencion-integral-realizada-municipio-sucre-del-estado-miranda\/#primaryimage\"},\"thumbnailUrl\":\"https:\/\/www.fona.gob.ve\/wp-content\/uploads\/2025\/10\/001medida-para-np.jpg\",\"datePublished\":\"2025-10-06T15:08:56+00:00\",\"dateModified\":\"2025-10-06T15:10:48+00:00\",\"breadcrumb\":{\"@id\":\"https:\/\/www.fona.gob.ve\/index.php\/2025\/10\/06\/mpprijp-y-fona-presentes-en-la-jornada-de-atencion-integral-realizada-municipio-sucre-del-estado-miranda\/#breadcrumb\"},\"inLanguage\":\"es\",\"potentialAction\":[{\"@type\":\"ReadAction\",\"target\":[\"https:\/\/www.fona.gob.ve\/index.php\/2025\/10\/06\/mpprijp-y-fona-presentes-en-la-jornada-de-atencion-integral-realizada-municipio-sucre-del-estado-miranda\/\"]}]},{\"@type\":\"ImageObject\",\"inLanguage\":\"es\",\"@id\":\"https:\/\/www.fona.gob.ve\/index.php\/2025\/10\/06\/mpprijp-y-fona-presentes-en-la-jornada-de-atencion-integral-realizada-municipio-sucre-del-estado-miranda\/#primaryimage\",\"url\":\"https:\/\/www.fona.gob.ve\/wp-content\/uploads\/2025\/10\/001medida-para-np.jpg\",\"contentUrl\":\"https:\/\/www.fona.gob.ve\/wp-content\/uploads\/2025\/10\/001medida-para-np.jpg\",\"width\":800,\"height\":445},{\"@type\":\"BreadcrumbList\",\"@id\":\"https:\/\/www.fona.gob.ve\/index.php\/2025\/10\/06\/mpprijp-y-fona-presentes-en-la-jornada-de-atencion-integral-realizada-municipio-sucre-del-estado-miranda\/#breadcrumb\",\"itemListElement\":[{\"@type\":\"ListItem\",\"position\":1,\"name\":\"Portada\",\"item\":\"https:\/\/www.fona.gob.ve\/\"},{\"@type\":\"ListItem\",\"position\":2,\"name\":\"MPPRIJP y FONA presentes en la Jornada de Atenci\u00f3n Integral realizada municipio Sucre del estado Miranda\"}]},{\"@type\":\"WebSite\",\"@id\":\"https:\/\/www.fona.gob.ve\/#website\",\"url\":\"https:\/\/www.fona.gob.ve\/\",\"name\":\"Fondo Nacional Antidrogas\",\"description\":\"Conoce las acciones, programas y pol\u00edticas del Fondo Nacional Antidrogas (FONA) orientadas a la prevenci\u00f3n, atenci\u00f3n integral y lucha contra el consumo de drogas en Venezuela. Informaci\u00f3n oficial y actualizada.\",\"publisher\":{\"@id\":\"https:\/\/www.fona.gob.ve\/#organization\"},\"potentialAction\":[{\"@type\":\"SearchAction\",\"target\":{\"@type\":\"EntryPoint\",\"urlTemplate\":\"https:\/\/www.fona.gob.ve\/?s={search_term_string}\"},\"query-input\":{\"@type\":\"PropertyValueSpecification\",\"valueRequired\":true,\"valueName\":\"search_term_string\"}}],\"inLanguage\":\"es\"},{\"@type\":\"Organization\",\"@id\":\"https:\/\/www.fona.gob.ve\/#organization\",\"name\":\"Fondo Nacional Antidrogas\",\"url\":\"https:\/\/www.fona.gob.ve\/\",\"logo\":{\"@type\":\"ImageObject\",\"inLanguage\":\"es\",\"@id\":\"https:\/\/www.fona.gob.ve\/#\/schema\/logo\/image\/\",\"url\":\"https:\/\/www.fona.gob.ve\/wp-content\/uploads\/2025\/04\/fona.jpeg\",\"contentUrl\":\"https:\/\/www.fona.gob.ve\/wp-content\/uploads\/2025\/04\/fona.jpeg\",\"width\":1200,\"height\":1200,\"caption\":\"Fondo Nacional Antidrogas\"},\"image\":{\"@id\":\"https:\/\/www.fona.gob.ve\/#\/schema\/logo\/image\/\"}},{\"@type\":\"Person\",\"@id\":\"https:\/\/www.fona.gob.ve\/#\/schema\/person\/887f0d86a3d016ef9df002d3603dd736\",\"name\":\"prensa prensa\",\"sameAs\":[\"https:\/\/fona.gob.ve\"],\"url\":\"https:\/\/www.fona.gob.ve\/index.php\/author\/prensa\/\"}]}<\/script>\n<!-- \/ Yoast SEO plugin. -->","yoast_head_json":{"title":"MPPRIJP y FONA presentes en la Jornada de Atenci\u00f3n Integral realizada municipio Sucre del estado Miranda - Fondo Nacional Antidrogas","robots":{"index":"index","follow":"follow","max-snippet":"max-snippet:-1","max-image-preview":"max-image-preview:large","max-video-preview":"max-video-preview:-1"},"canonical":"https:\/\/www.fona.gob.ve\/index.php\/2025\/10\/06\/mpprijp-y-fona-presentes-en-la-jornada-de-atencion-integral-realizada-municipio-sucre-del-estado-miranda\/","og_locale":"es_ES","og_type":"article","og_title":"MPPRIJP y FONA presentes en la Jornada de Atenci\u00f3n Integral realizada municipio Sucre del estado Miranda - Fondo Nacional Antidrogas","og_description":"El Fondo Nacional Antidrogas (FONA) y diversos entes adscritos al Ministerio del Poder Popular para Relaciones Interiores, Justicia y Paz (MPPRIJP), participaron en la jornada de atenci\u00f3n integral en el marco del Plan Antonio Jos\u00e9 de Sucre, realizada en la comunidad de \u201cSan Jos\u00e9\u201d de Petare, estado Miranda. Asimismo, el FONA brind\u00f3 asesor\u00edas e informaci\u00f3n [&hellip;]","og_url":"https:\/\/www.fona.gob.ve\/index.php\/2025\/10\/06\/mpprijp-y-fona-presentes-en-la-jornada-de-atencion-integral-realizada-municipio-sucre-del-estado-miranda\/","og_site_name":"Fondo Nacional Antidrogas","article_published_time":"2025-10-06T15:08:56+00:00","article_modified_time":"2025-10-06T15:10:48+00:00","og_image":[{"width":800,"height":445,"url":"https:\/\/www.fona.gob.ve\/wp-content\/uploads\/2025\/10\/001medida-para-np.jpg","type":"image\/jpeg"}],"author":"prensa prensa","twitter_card":"summary_large_image","twitter_misc":{"Escrito por":"prensa prensa","Tiempo de lectura":"1 minuto"},"schema":{"@context":"https:\/\/schema.org","@graph":[{"@type":"Article","@id":"https:\/\/www.fona.gob.ve\/index.php\/2025\/10\/06\/mpprijp-y-fona-presentes-en-la-jornada-de-atencion-integral-realizada-municipio-sucre-del-estado-miranda\/#article","isPartOf":{"@id":"https:\/\/www.fona.gob.ve\/index.php\/2025\/10\/06\/mpprijp-y-fona-presentes-en-la-jornada-de-atencion-integral-realizada-municipio-sucre-del-estado-miranda\/"},"author":{"name":"prensa prensa","@id":"https:\/\/www.fona.gob.ve\/#\/schema\/person\/887f0d86a3d016ef9df002d3603dd736"},"headline":"MPPRIJP y FONA presentes en la Jornada de Atenci\u00f3n Integral realizada municipio Sucre del estado Miranda","datePublished":"2025-10-06T15:08:56+00:00","dateModified":"2025-10-06T15:10:48+00:00","mainEntityOfPage":{"@id":"https:\/\/www.fona.gob.ve\/index.php\/2025\/10\/06\/mpprijp-y-fona-presentes-en-la-jornada-de-atencion-integral-realizada-municipio-sucre-del-estado-miranda\/"},"wordCount":194,"publisher":{"@id":"https:\/\/www.fona.gob.ve\/#organization"},"image":{"@id":"https:\/\/www.fona.gob.ve\/index.php\/2025\/10\/06\/mpprijp-y-fona-presentes-en-la-jornada-de-atencion-integral-realizada-municipio-sucre-del-estado-miranda\/#primaryimage"},"thumbnailUrl":"https:\/\/www.fona.gob.ve\/wp-content\/uploads\/2025\/10\/001medida-para-np.jpg","articleSection":["Noticias"],"inLanguage":"es"},{"@type":"WebPage","@id":"https:\/\/www.fona.gob.ve\/index.php\/2025\/10\/06\/mpprijp-y-fona-presentes-en-la-jornada-de-atencion-integral-realizada-municipio-sucre-del-estado-miranda\/","url":"https:\/\/www.fona.gob.ve\/index.php\/2025\/10\/06\/mpprijp-y-fona-presentes-en-la-jornada-de-atencion-integral-realizada-municipio-sucre-del-estado-miranda\/","name":"MPPRIJP y FONA presentes en la Jornada de Atenci\u00f3n Integral realizada municipio Sucre del estado Miranda - Fondo Nacional Antidrogas","isPartOf":{"@id":"https:\/\/www.fona.gob.ve\/#website"},"primaryImageOfPage":{"@id":"https:\/\/www.fona.gob.ve\/index.php\/2025\/10\/06\/mpprijp-y-fona-presentes-en-la-jornada-de-atencion-integral-realizada-municipio-sucre-del-estado-miranda\/#primaryimage"},"image":{"@id":"https:\/\/www.fona.gob.ve\/index.php\/2025\/10\/06\/mpprijp-y-fona-presentes-en-la-jornada-de-atencion-integral-realizada-municipio-sucre-del-estado-miranda\/#primaryimage"},"thumbnailUrl":"https:\/\/www.fona.gob.ve\/wp-content\/uploads\/2025\/10\/001medida-para-np.jpg","datePublished":"2025-10-06T15:08:56+00:00","dateModified":"2025-10-06T15:10:48+00:00","breadcrumb":{"@id":"https:\/\/www.fona.gob.ve\/index.php\/2025\/10\/06\/mpprijp-y-fona-presentes-en-la-jornada-de-atencion-integral-realizada-municipio-sucre-del-estado-miranda\/#breadcrumb"},"inLanguage":"es","potentialAction":[{"@type":"ReadAction","target":["https:\/\/www.fona.gob.ve\/index.php\/2025\/10\/06\/mpprijp-y-fona-presentes-en-la-jornada-de-atencion-integral-realizada-municipio-sucre-del-estado-miranda\/"]}]},{"@type":"ImageObject","inLanguage":"es","@id":"https:\/\/www.fona.gob.ve\/index.php\/2025\/10\/06\/mpprijp-y-fona-presentes-en-la-jornada-de-atencion-integral-realizada-municipio-sucre-del-estado-miranda\/#primaryimage","url":"https:\/\/www.fona.gob.ve\/wp-content\/uploads\/2025\/10\/001medida-para-np.jpg","contentUrl":"https:\/\/www.fona.gob.ve\/wp-content\/uploads\/2025\/10\/001medida-para-np.jpg","width":800,"height":445},{"@type":"BreadcrumbList","@id":"https:\/\/www.fona.gob.ve\/index.php\/2025\/10\/06\/mpprijp-y-fona-presentes-en-la-jornada-de-atencion-integral-realizada-municipio-sucre-del-estado-miranda\/#breadcrumb","itemListElement":[{"@type":"ListItem","position":1,"name":"Portada","item":"https:\/\/www.fona.gob.ve\/"},{"@type":"ListItem","position":2,"name":"MPPRIJP y FONA presentes en la Jornada de Atenci\u00f3n Integral realizada municipio Sucre del estado Miranda"}]},{"@type":"WebSite","@id":"https:\/\/www.fona.gob.ve\/#website","url":"https:\/\/www.fona.gob.ve\/","name":"Fondo Nacional Antidrogas","description":"Conoce las acciones, programas y pol\u00edticas del Fondo Nacional Antidrogas (FONA) orientadas a la prevenci\u00f3n, atenci\u00f3n integral y lucha contra el consumo de drogas en Venezuela. Informaci\u00f3n oficial y actualizada.","publisher":{"@id":"https:\/\/www.fona.gob.ve\/#organization"},"potentialAction":[{"@type":"SearchAction","target":{"@type":"EntryPoint","urlTemplate":"https:\/\/www.fona.gob.ve\/?s={search_term_string}"},"query-input":{"@type":"PropertyValueSpecification","valueRequired":true,"valueName":"search_term_string"}}],"inLanguage":"es"},{"@type":"Organization","@id":"https:\/\/www.fona.gob.ve\/#organization","name":"Fondo Nacional Antidrogas","url":"https:\/\/www.fona.gob.ve\/","logo":{"@type":"ImageObject","inLanguage":"es","@id":"https:\/\/www.fona.gob.ve\/#\/schema\/logo\/image\/","url":"https:\/\/www.fona.gob.ve\/wp-content\/uploads\/2025\/04\/fona.jpeg","contentUrl":"https:\/\/www.fona.gob.ve\/wp-content\/uploads\/2025\/04\/fona.jpeg","width":1200,"height":1200,"caption":"Fondo Nacional Antidrogas"},"image":{"@id":"https:\/\/www.fona.gob.ve\/#\/schema\/logo\/image\/"}},{"@type":"Person","@id":"https:\/\/www.fona.gob.ve\/#\/schema\/person\/887f0d86a3d016ef9df002d3603dd736","name":"prensa prensa","sameAs":["https:\/\/fona.gob.ve"],"url":"https:\/\/www.fona.gob.ve\/index.php\/author\/prensa\/"}]}},"_links":{"self":[{"href":"https:\/\/www.fona.gob.ve\/index.php\/wp-json\/wp\/v2\/posts\/12905","targetHints":{"allow":["GET"]}}],"collection":[{"href":"https:\/\/www.fona.gob.ve\/index.php\/wp-json\/wp\/v2\/posts"}],"about":[{"href":"https:\/\/www.fona.gob.ve\/index.php\/wp-json\/wp\/v2\/types\/post"}],"author":[{"embeddable":true,"href":"https:\/\/www.fona.gob.ve\/index.php\/wp-json\/wp\/v2\/users\/2"}],"replies":[{"embeddable":true,"href":"https:\/\/www.fona.gob.ve\/index.php\/wp-json\/wp\/v2\/comments?post=12905"}],"version-history":[{"count":3,"href":"https:\/\/www.fona.gob.ve\/index.php\/wp-json\/wp\/v2\/posts\/12905\/revisions"}],"predecessor-version":[{"id":12909,"href":"https:\/\/www.fona.gob.ve\/index.php\/wp-json\/wp\/v2\/posts\/12905\/revisions\/12909"}],"wp:featuredmedia":[{"embeddable":true,"href":"https:\/\/www.fona.gob.ve\/index.php\/wp-json\/wp\/v2\/media\/12906"}],"wp:attachment":[{"href":"https:\/\/www.fona.gob.ve\/index.php\/wp-json\/wp\/v2\/media?parent=12905"}],"wp:term":[{"taxonomy":"category","embeddable":true,"href":"https:\/\/www.fona.gob.ve\/index.php\/wp-json\/wp\/v2\/categories?post=12905"},{"taxonomy":"post_tag","embeddable":true,"href":"https:\/\/www.fona.gob.ve\/index.php\/wp-json\/wp\/v2\/tags?post=12905"}],"curies":[{"name":"wp","href":"https:\/\/api.w.org\/{rel}","templated":true}]}}