{"id":12893,"date":"2025-09-24T09:55:30","date_gmt":"2025-09-24T13:55:30","guid":{"rendered":"https:\/\/www.fona.gob.ve\/?p=12893"},"modified":"2025-09-24T09:56:28","modified_gmt":"2025-09-24T13:56:28","slug":"aprobado-decreto-para-la-proteccion-de-la-soberania-de-la-patria","status":"publish","type":"post","link":"https:\/\/www.fona.gob.ve\/index.php\/2025\/09\/24\/aprobado-decreto-para-la-proteccion-de-la-soberania-de-la-patria\/","title":{"rendered":"Aprobado decreto para la protecci\u00f3n de la soberan\u00eda de la patria"},"content":{"rendered":"\t\t<div data-elementor-type=\"wp-post\" data-elementor-id=\"12893\" class=\"elementor elementor-12893\" data-elementor-post-type=\"post\">\n\t\t\t\t\t\t<section class=\"elementor-section elementor-top-section elementor-element elementor-element-12ae3eb8 elementor-section-boxed elementor-section-height-default elementor-section-height-default\" data-id=\"12ae3eb8\" data-element_type=\"section\">\n\t\t\t\t\t\t<div class=\"elementor-container elementor-column-gap-default\">\n\t\t\t\t\t<div class=\"elementor-column elementor-col-100 elementor-top-column elementor-element elementor-element-8dfe7bf\" data-id=\"8dfe7bf\" data-element_type=\"column\">\n\t\t\t<div class=\"elementor-widget-wrap elementor-element-populated\">\n\t\t\t\t\t\t<div class=\"elementor-element elementor-element-7014b1f elementor-widget elementor-widget-image\" data-id=\"7014b1f\" data-element_type=\"widget\" data-widget_type=\"image.default\">\n\t\t\t\t<div class=\"elementor-widget-container\">\n\t\t\t\t\t\t\t\t\t\t\t\t\t<img fetchpriority=\"high\" decoding=\"async\" width=\"800\" height=\"445\" src=\"https:\/\/www.fona.gob.ve\/wp-content\/uploads\/2025\/09\/Aprobado-decreto-para-la-proteccion-de-la-soberania-de-la-patria-5-1-800x445-1.jpeg\" class=\"attachment-large size-large wp-image-12894\" alt=\"\" srcset=\"https:\/\/www.fona.gob.ve\/wp-content\/uploads\/2025\/09\/Aprobado-decreto-para-la-proteccion-de-la-soberania-de-la-patria-5-1-800x445-1.jpeg 800w, https:\/\/www.fona.gob.ve\/wp-content\/uploads\/2025\/09\/Aprobado-decreto-para-la-proteccion-de-la-soberania-de-la-patria-5-1-800x445-1-300x167.jpeg 300w, https:\/\/www.fona.gob.ve\/wp-content\/uploads\/2025\/09\/Aprobado-decreto-para-la-proteccion-de-la-soberania-de-la-patria-5-1-800x445-1-768x427.jpeg 768w, https:\/\/www.fona.gob.ve\/wp-content\/uploads\/2025\/09\/Aprobado-decreto-para-la-proteccion-de-la-soberania-de-la-patria-5-1-800x445-1-480x267.jpeg 480w\" sizes=\"(max-width: 800px) 100vw, 800px\" title=\"Aprobado-decreto-para-la-proteccion-de-la-soberania-de-la-patria-5-1-800x445\" \/>\t\t\t\t\t\t\t\t\t\t\t\t\t<\/div>\n\t\t\t\t<\/div>\n\t\t\t\t<div class=\"elementor-element elementor-element-a0bd6ba elementor-widget elementor-widget-text-editor\" data-id=\"a0bd6ba\" data-element_type=\"widget\" data-widget_type=\"text-editor.default\">\n\t\t\t\t<div class=\"elementor-widget-container\">\n\t\t\t\t\t\t\t<p>Durante la reuni\u00f3n del Consejo de Estado de la Naci\u00f3n, celebrada en el Sal\u00f3n Sim\u00f3n Bol\u00edvar del Palacio de Miraflores en Caracas, el presidente constitucional de la Rep\u00fablica Bolivariana de Venezuela, Nicol\u00e1s Maduro Moros, aprob\u00f3 el decreto mediante el cual se declara el estado de conmoci\u00f3n exterior en todo el territorio nacional, debido a las amenazas de la presencia militar estadounidense en el Mar Caribe, cerca de las costas del pa\u00eds.<\/p><p><span style=\"background-color: initial;\">El Primer Mandatario Nacional aprob\u00f3 dicho instrumento legal en compa\u00f1\u00eda de la vicepresidenta Ejecutiva de la Rep\u00fablica, Delcy Rodr\u00edguez; del fiscal general de la Rep\u00fablica, Tarek William Saab; de la presidenta del Tribunal Supremo de Justicia, magistrada Caryslia Rodr\u00edguez; y del presidente de la Asamblea Nacional,\u00a0 Jorge Rodr\u00edguez.<\/span><\/p><p><span style=\"background-color: initial;\">Es importante resaltar, que a trav\u00e9s de la mencionada normativa jur\u00eddica, se otorga car\u00e1cter legal a las acciones que ejercer\u00e1 el Gobierno Bolivariano ante un posible ataque militar de Estados Unidos contra la soberan\u00eda venezolana.<\/span><\/p><p><span style=\"background-color: initial;\">En este sentido, el jefe de Estado indic\u00f3 que las y los venezolanos, \u201cest\u00e1n unidos y tienen la raz\u00f3n de luchar por nuestra soberan\u00eda\u201d, la cual es amenazada por la administraci\u00f3n del presidente norteamericano Donald Trump.<\/span><\/p><p><span style=\"background-color: initial;\">\u201cVenezuela jam\u00e1s ser\u00e1 humillada por ning\u00fan imperio,\u201d, resalt\u00f3 el presidente Maduro Moros, quien agradeci\u00f3 la presencia de las autoridades mencionadas de los diversos poderes p\u00fablicos del pa\u00eds para la defensa de la naci\u00f3n.<\/span><\/p><p><strong style=\"background-color: initial;\">Prensa Mpprijp<\/strong><\/p>\t\t\t\t\t\t<\/div>\n\t\t\t\t<\/div>\n\t\t\t\t\t<\/div>\n\t\t<\/div>\n\t\t\t\t\t<\/div>\n\t\t<\/section>\n\t\t\t\t<\/div>\n\t\t","protected":false},"excerpt":{"rendered":"<p>Durante la reuni\u00f3n del Consejo de Estado de la Naci\u00f3n, celebrada en el Sal\u00f3n Sim\u00f3n Bol\u00edvar del Palacio de Miraflores en Caracas, el presidente constitucional de la Rep\u00fablica Bolivariana de Venezuela, Nicol\u00e1s Maduro Moros, aprob\u00f3 el decreto mediante el cual se declara el estado de conmoci\u00f3n exterior en todo el territorio nacional, debido a las [&hellip;]<\/p>\n","protected":false},"author":2,"featured_media":12894,"comment_status":"closed","ping_status":"closed","sticky":false,"template":"","format":"standard","meta":{"footnotes":""},"categories":[58],"tags":[],"class_list":["post-12893","post","type-post","status-publish","format-standard","has-post-thumbnail","hentry","category-noticias"],"yoast_head":"<!-- This site is optimized with the Yoast SEO plugin v26.4 - https:\/\/yoast.com\/wordpress\/plugins\/seo\/ -->\n<title>Aprobado decreto para la protecci\u00f3n de la soberan\u00eda de la patria - Fondo Nacional Antidrogas<\/title>\n<meta name=\"robots\" content=\"index, follow, max-snippet:-1, max-image-preview:large, max-video-preview:-1\" \/>\n<link rel=\"canonical\" href=\"https:\/\/www.fona.gob.ve\/index.php\/2025\/09\/24\/aprobado-decreto-para-la-proteccion-de-la-soberania-de-la-patria\/\" \/>\n<meta property=\"og:locale\" content=\"es_ES\" \/>\n<meta property=\"og:type\" content=\"article\" \/>\n<meta property=\"og:title\" content=\"Aprobado decreto para la protecci\u00f3n de la soberan\u00eda de la patria - Fondo Nacional Antidrogas\" \/>\n<meta property=\"og:description\" content=\"Durante la reuni\u00f3n del Consejo de Estado de la Naci\u00f3n, celebrada en el Sal\u00f3n Sim\u00f3n Bol\u00edvar del Palacio de Miraflores en Caracas, el presidente constitucional de la Rep\u00fablica Bolivariana de Venezuela, Nicol\u00e1s Maduro Moros, aprob\u00f3 el decreto mediante el cual se declara el estado de conmoci\u00f3n exterior en todo el territorio nacional, debido a las [&hellip;]\" \/>\n<meta property=\"og:url\" content=\"https:\/\/www.fona.gob.ve\/index.php\/2025\/09\/24\/aprobado-decreto-para-la-proteccion-de-la-soberania-de-la-patria\/\" \/>\n<meta property=\"og:site_name\" content=\"Fondo Nacional Antidrogas\" \/>\n<meta property=\"article:published_time\" content=\"2025-09-24T13:55:30+00:00\" \/>\n<meta property=\"article:modified_time\" content=\"2025-09-24T13:56:28+00:00\" \/>\n<meta property=\"og:image\" content=\"https:\/\/www.fona.gob.ve\/wp-content\/uploads\/2025\/09\/Aprobado-decreto-para-la-proteccion-de-la-soberania-de-la-patria-5-1-800x445-1.jpeg\" \/>\n\t<meta property=\"og:image:width\" content=\"800\" \/>\n\t<meta property=\"og:image:height\" content=\"445\" \/>\n\t<meta property=\"og:image:type\" content=\"image\/jpeg\" \/>\n<meta name=\"author\" content=\"prensa prensa\" \/>\n<meta name=\"twitter:card\" content=\"summary_large_image\" \/>\n<meta name=\"twitter:label1\" content=\"Escrito por\" \/>\n\t<meta name=\"twitter:data1\" content=\"prensa prensa\" \/>\n\t<meta name=\"twitter:label2\" content=\"Tiempo de lectura\" \/>\n\t<meta name=\"twitter:data2\" content=\"1 minuto\" \/>\n<script type=\"application\/ld+json\" class=\"yoast-schema-graph\">{\"@context\":\"https:\/\/schema.org\",\"@graph\":[{\"@type\":\"Article\",\"@id\":\"https:\/\/www.fona.gob.ve\/index.php\/2025\/09\/24\/aprobado-decreto-para-la-proteccion-de-la-soberania-de-la-patria\/#article\",\"isPartOf\":{\"@id\":\"https:\/\/www.fona.gob.ve\/index.php\/2025\/09\/24\/aprobado-decreto-para-la-proteccion-de-la-soberania-de-la-patria\/\"},\"author\":{\"name\":\"prensa prensa\",\"@id\":\"https:\/\/www.fona.gob.ve\/#\/schema\/person\/887f0d86a3d016ef9df002d3603dd736\"},\"headline\":\"Aprobado decreto para la protecci\u00f3n de la soberan\u00eda de la patria\",\"datePublished\":\"2025-09-24T13:55:30+00:00\",\"dateModified\":\"2025-09-24T13:56:28+00:00\",\"mainEntityOfPage\":{\"@id\":\"https:\/\/www.fona.gob.ve\/index.php\/2025\/09\/24\/aprobado-decreto-para-la-proteccion-de-la-soberania-de-la-patria\/\"},\"wordCount\":266,\"publisher\":{\"@id\":\"https:\/\/www.fona.gob.ve\/#organization\"},\"image\":{\"@id\":\"https:\/\/www.fona.gob.ve\/index.php\/2025\/09\/24\/aprobado-decreto-para-la-proteccion-de-la-soberania-de-la-patria\/#primaryimage\"},\"thumbnailUrl\":\"https:\/\/www.fona.gob.ve\/wp-content\/uploads\/2025\/09\/Aprobado-decreto-para-la-proteccion-de-la-soberania-de-la-patria-5-1-800x445-1.jpeg\",\"articleSection\":[\"Noticias\"],\"inLanguage\":\"es\"},{\"@type\":\"WebPage\",\"@id\":\"https:\/\/www.fona.gob.ve\/index.php\/2025\/09\/24\/aprobado-decreto-para-la-proteccion-de-la-soberania-de-la-patria\/\",\"url\":\"https:\/\/www.fona.gob.ve\/index.php\/2025\/09\/24\/aprobado-decreto-para-la-proteccion-de-la-soberania-de-la-patria\/\",\"name\":\"Aprobado decreto para la protecci\u00f3n de la soberan\u00eda de la patria - Fondo Nacional Antidrogas\",\"isPartOf\":{\"@id\":\"https:\/\/www.fona.gob.ve\/#website\"},\"primaryImageOfPage\":{\"@id\":\"https:\/\/www.fona.gob.ve\/index.php\/2025\/09\/24\/aprobado-decreto-para-la-proteccion-de-la-soberania-de-la-patria\/#primaryimage\"},\"image\":{\"@id\":\"https:\/\/www.fona.gob.ve\/index.php\/2025\/09\/24\/aprobado-decreto-para-la-proteccion-de-la-soberania-de-la-patria\/#primaryimage\"},\"thumbnailUrl\":\"https:\/\/www.fona.gob.ve\/wp-content\/uploads\/2025\/09\/Aprobado-decreto-para-la-proteccion-de-la-soberania-de-la-patria-5-1-800x445-1.jpeg\",\"datePublished\":\"2025-09-24T13:55:30+00:00\",\"dateModified\":\"2025-09-24T13:56:28+00:00\",\"breadcrumb\":{\"@id\":\"https:\/\/www.fona.gob.ve\/index.php\/2025\/09\/24\/aprobado-decreto-para-la-proteccion-de-la-soberania-de-la-patria\/#breadcrumb\"},\"inLanguage\":\"es\",\"potentialAction\":[{\"@type\":\"ReadAction\",\"target\":[\"https:\/\/www.fona.gob.ve\/index.php\/2025\/09\/24\/aprobado-decreto-para-la-proteccion-de-la-soberania-de-la-patria\/\"]}]},{\"@type\":\"ImageObject\",\"inLanguage\":\"es\",\"@id\":\"https:\/\/www.fona.gob.ve\/index.php\/2025\/09\/24\/aprobado-decreto-para-la-proteccion-de-la-soberania-de-la-patria\/#primaryimage\",\"url\":\"https:\/\/www.fona.gob.ve\/wp-content\/uploads\/2025\/09\/Aprobado-decreto-para-la-proteccion-de-la-soberania-de-la-patria-5-1-800x445-1.jpeg\",\"contentUrl\":\"https:\/\/www.fona.gob.ve\/wp-content\/uploads\/2025\/09\/Aprobado-decreto-para-la-proteccion-de-la-soberania-de-la-patria-5-1-800x445-1.jpeg\",\"width\":800,\"height\":445},{\"@type\":\"BreadcrumbList\",\"@id\":\"https:\/\/www.fona.gob.ve\/index.php\/2025\/09\/24\/aprobado-decreto-para-la-proteccion-de-la-soberania-de-la-patria\/#breadcrumb\",\"itemListElement\":[{\"@type\":\"ListItem\",\"position\":1,\"name\":\"Portada\",\"item\":\"https:\/\/www.fona.gob.ve\/\"},{\"@type\":\"ListItem\",\"position\":2,\"name\":\"Aprobado decreto para la protecci\u00f3n de la soberan\u00eda de la patria\"}]},{\"@type\":\"WebSite\",\"@id\":\"https:\/\/www.fona.gob.ve\/#website\",\"url\":\"https:\/\/www.fona.gob.ve\/\",\"name\":\"Fondo Nacional Antidrogas\",\"description\":\"Conoce las acciones, programas y pol\u00edticas del Fondo Nacional Antidrogas (FONA) orientadas a la prevenci\u00f3n, atenci\u00f3n integral y lucha contra el consumo de drogas en Venezuela. Informaci\u00f3n oficial y actualizada.\",\"publisher\":{\"@id\":\"https:\/\/www.fona.gob.ve\/#organization\"},\"potentialAction\":[{\"@type\":\"SearchAction\",\"target\":{\"@type\":\"EntryPoint\",\"urlTemplate\":\"https:\/\/www.fona.gob.ve\/?s={search_term_string}\"},\"query-input\":{\"@type\":\"PropertyValueSpecification\",\"valueRequired\":true,\"valueName\":\"search_term_string\"}}],\"inLanguage\":\"es\"},{\"@type\":\"Organization\",\"@id\":\"https:\/\/www.fona.gob.ve\/#organization\",\"name\":\"Fondo Nacional Antidrogas\",\"url\":\"https:\/\/www.fona.gob.ve\/\",\"logo\":{\"@type\":\"ImageObject\",\"inLanguage\":\"es\",\"@id\":\"https:\/\/www.fona.gob.ve\/#\/schema\/logo\/image\/\",\"url\":\"https:\/\/www.fona.gob.ve\/wp-content\/uploads\/2025\/04\/fona.jpeg\",\"contentUrl\":\"https:\/\/www.fona.gob.ve\/wp-content\/uploads\/2025\/04\/fona.jpeg\",\"width\":1200,\"height\":1200,\"caption\":\"Fondo Nacional Antidrogas\"},\"image\":{\"@id\":\"https:\/\/www.fona.gob.ve\/#\/schema\/logo\/image\/\"}},{\"@type\":\"Person\",\"@id\":\"https:\/\/www.fona.gob.ve\/#\/schema\/person\/887f0d86a3d016ef9df002d3603dd736\",\"name\":\"prensa prensa\",\"sameAs\":[\"https:\/\/fona.gob.ve\"],\"url\":\"https:\/\/www.fona.gob.ve\/index.php\/author\/prensa\/\"}]}<\/script>\n<!-- \/ Yoast SEO plugin. -->","yoast_head_json":{"title":"Aprobado decreto para la protecci\u00f3n de la soberan\u00eda de la patria - Fondo Nacional Antidrogas","robots":{"index":"index","follow":"follow","max-snippet":"max-snippet:-1","max-image-preview":"max-image-preview:large","max-video-preview":"max-video-preview:-1"},"canonical":"https:\/\/www.fona.gob.ve\/index.php\/2025\/09\/24\/aprobado-decreto-para-la-proteccion-de-la-soberania-de-la-patria\/","og_locale":"es_ES","og_type":"article","og_title":"Aprobado decreto para la protecci\u00f3n de la soberan\u00eda de la patria - Fondo Nacional Antidrogas","og_description":"Durante la reuni\u00f3n del Consejo de Estado de la Naci\u00f3n, celebrada en el Sal\u00f3n Sim\u00f3n Bol\u00edvar del Palacio de Miraflores en Caracas, el presidente constitucional de la Rep\u00fablica Bolivariana de Venezuela, Nicol\u00e1s Maduro Moros, aprob\u00f3 el decreto mediante el cual se declara el estado de conmoci\u00f3n exterior en todo el territorio nacional, debido a las [&hellip;]","og_url":"https:\/\/www.fona.gob.ve\/index.php\/2025\/09\/24\/aprobado-decreto-para-la-proteccion-de-la-soberania-de-la-patria\/","og_site_name":"Fondo Nacional Antidrogas","article_published_time":"2025-09-24T13:55:30+00:00","article_modified_time":"2025-09-24T13:56:28+00:00","og_image":[{"width":800,"height":445,"url":"https:\/\/www.fona.gob.ve\/wp-content\/uploads\/2025\/09\/Aprobado-decreto-para-la-proteccion-de-la-soberania-de-la-patria-5-1-800x445-1.jpeg","type":"image\/jpeg"}],"author":"prensa prensa","twitter_card":"summary_large_image","twitter_misc":{"Escrito por":"prensa prensa","Tiempo de lectura":"1 minuto"},"schema":{"@context":"https:\/\/schema.org","@graph":[{"@type":"Article","@id":"https:\/\/www.fona.gob.ve\/index.php\/2025\/09\/24\/aprobado-decreto-para-la-proteccion-de-la-soberania-de-la-patria\/#article","isPartOf":{"@id":"https:\/\/www.fona.gob.ve\/index.php\/2025\/09\/24\/aprobado-decreto-para-la-proteccion-de-la-soberania-de-la-patria\/"},"author":{"name":"prensa prensa","@id":"https:\/\/www.fona.gob.ve\/#\/schema\/person\/887f0d86a3d016ef9df002d3603dd736"},"headline":"Aprobado decreto para la protecci\u00f3n de la soberan\u00eda de la patria","datePublished":"2025-09-24T13:55:30+00:00","dateModified":"2025-09-24T13:56:28+00:00","mainEntityOfPage":{"@id":"https:\/\/www.fona.gob.ve\/index.php\/2025\/09\/24\/aprobado-decreto-para-la-proteccion-de-la-soberania-de-la-patria\/"},"wordCount":266,"publisher":{"@id":"https:\/\/www.fona.gob.ve\/#organization"},"image":{"@id":"https:\/\/www.fona.gob.ve\/index.php\/2025\/09\/24\/aprobado-decreto-para-la-proteccion-de-la-soberania-de-la-patria\/#primaryimage"},"thumbnailUrl":"https:\/\/www.fona.gob.ve\/wp-content\/uploads\/2025\/09\/Aprobado-decreto-para-la-proteccion-de-la-soberania-de-la-patria-5-1-800x445-1.jpeg","articleSection":["Noticias"],"inLanguage":"es"},{"@type":"WebPage","@id":"https:\/\/www.fona.gob.ve\/index.php\/2025\/09\/24\/aprobado-decreto-para-la-proteccion-de-la-soberania-de-la-patria\/","url":"https:\/\/www.fona.gob.ve\/index.php\/2025\/09\/24\/aprobado-decreto-para-la-proteccion-de-la-soberania-de-la-patria\/","name":"Aprobado decreto para la protecci\u00f3n de la soberan\u00eda de la patria - Fondo Nacional Antidrogas","isPartOf":{"@id":"https:\/\/www.fona.gob.ve\/#website"},"primaryImageOfPage":{"@id":"https:\/\/www.fona.gob.ve\/index.php\/2025\/09\/24\/aprobado-decreto-para-la-proteccion-de-la-soberania-de-la-patria\/#primaryimage"},"image":{"@id":"https:\/\/www.fona.gob.ve\/index.php\/2025\/09\/24\/aprobado-decreto-para-la-proteccion-de-la-soberania-de-la-patria\/#primaryimage"},"thumbnailUrl":"https:\/\/www.fona.gob.ve\/wp-content\/uploads\/2025\/09\/Aprobado-decreto-para-la-proteccion-de-la-soberania-de-la-patria-5-1-800x445-1.jpeg","datePublished":"2025-09-24T13:55:30+00:00","dateModified":"2025-09-24T13:56:28+00:00","breadcrumb":{"@id":"https:\/\/www.fona.gob.ve\/index.php\/2025\/09\/24\/aprobado-decreto-para-la-proteccion-de-la-soberania-de-la-patria\/#breadcrumb"},"inLanguage":"es","potentialAction":[{"@type":"ReadAction","target":["https:\/\/www.fona.gob.ve\/index.php\/2025\/09\/24\/aprobado-decreto-para-la-proteccion-de-la-soberania-de-la-patria\/"]}]},{"@type":"ImageObject","inLanguage":"es","@id":"https:\/\/www.fona.gob.ve\/index.php\/2025\/09\/24\/aprobado-decreto-para-la-proteccion-de-la-soberania-de-la-patria\/#primaryimage","url":"https:\/\/www.fona.gob.ve\/wp-content\/uploads\/2025\/09\/Aprobado-decreto-para-la-proteccion-de-la-soberania-de-la-patria-5-1-800x445-1.jpeg","contentUrl":"https:\/\/www.fona.gob.ve\/wp-content\/uploads\/2025\/09\/Aprobado-decreto-para-la-proteccion-de-la-soberania-de-la-patria-5-1-800x445-1.jpeg","width":800,"height":445},{"@type":"BreadcrumbList","@id":"https:\/\/www.fona.gob.ve\/index.php\/2025\/09\/24\/aprobado-decreto-para-la-proteccion-de-la-soberania-de-la-patria\/#breadcrumb","itemListElement":[{"@type":"ListItem","position":1,"name":"Portada","item":"https:\/\/www.fona.gob.ve\/"},{"@type":"ListItem","position":2,"name":"Aprobado decreto para la protecci\u00f3n de la soberan\u00eda de la patria"}]},{"@type":"WebSite","@id":"https:\/\/www.fona.gob.ve\/#website","url":"https:\/\/www.fona.gob.ve\/","name":"Fondo Nacional Antidrogas","description":"Conoce las acciones, programas y pol\u00edticas del Fondo Nacional Antidrogas (FONA) orientadas a la prevenci\u00f3n, atenci\u00f3n integral y lucha contra el consumo de drogas en Venezuela. Informaci\u00f3n oficial y actualizada.","publisher":{"@id":"https:\/\/www.fona.gob.ve\/#organization"},"potentialAction":[{"@type":"SearchAction","target":{"@type":"EntryPoint","urlTemplate":"https:\/\/www.fona.gob.ve\/?s={search_term_string}"},"query-input":{"@type":"PropertyValueSpecification","valueRequired":true,"valueName":"search_term_string"}}],"inLanguage":"es"},{"@type":"Organization","@id":"https:\/\/www.fona.gob.ve\/#organization","name":"Fondo Nacional Antidrogas","url":"https:\/\/www.fona.gob.ve\/","logo":{"@type":"ImageObject","inLanguage":"es","@id":"https:\/\/www.fona.gob.ve\/#\/schema\/logo\/image\/","url":"https:\/\/www.fona.gob.ve\/wp-content\/uploads\/2025\/04\/fona.jpeg","contentUrl":"https:\/\/www.fona.gob.ve\/wp-content\/uploads\/2025\/04\/fona.jpeg","width":1200,"height":1200,"caption":"Fondo Nacional Antidrogas"},"image":{"@id":"https:\/\/www.fona.gob.ve\/#\/schema\/logo\/image\/"}},{"@type":"Person","@id":"https:\/\/www.fona.gob.ve\/#\/schema\/person\/887f0d86a3d016ef9df002d3603dd736","name":"prensa prensa","sameAs":["https:\/\/fona.gob.ve"],"url":"https:\/\/www.fona.gob.ve\/index.php\/author\/prensa\/"}]}},"_links":{"self":[{"href":"https:\/\/www.fona.gob.ve\/index.php\/wp-json\/wp\/v2\/posts\/12893","targetHints":{"allow":["GET"]}}],"collection":[{"href":"https:\/\/www.fona.gob.ve\/index.php\/wp-json\/wp\/v2\/posts"}],"about":[{"href":"https:\/\/www.fona.gob.ve\/index.php\/wp-json\/wp\/v2\/types\/post"}],"author":[{"embeddable":true,"href":"https:\/\/www.fona.gob.ve\/index.php\/wp-json\/wp\/v2\/users\/2"}],"replies":[{"embeddable":true,"href":"https:\/\/www.fona.gob.ve\/index.php\/wp-json\/wp\/v2\/comments?post=12893"}],"version-history":[{"count":3,"href":"https:\/\/www.fona.gob.ve\/index.php\/wp-json\/wp\/v2\/posts\/12893\/revisions"}],"predecessor-version":[{"id":12897,"href":"https:\/\/www.fona.gob.ve\/index.php\/wp-json\/wp\/v2\/posts\/12893\/revisions\/12897"}],"wp:featuredmedia":[{"embeddable":true,"href":"https:\/\/www.fona.gob.ve\/index.php\/wp-json\/wp\/v2\/media\/12894"}],"wp:attachment":[{"href":"https:\/\/www.fona.gob.ve\/index.php\/wp-json\/wp\/v2\/media?parent=12893"}],"wp:term":[{"taxonomy":"category","embeddable":true,"href":"https:\/\/www.fona.gob.ve\/index.php\/wp-json\/wp\/v2\/categories?post=12893"},{"taxonomy":"post_tag","embeddable":true,"href":"https:\/\/www.fona.gob.ve\/index.php\/wp-json\/wp\/v2\/tags?post=12893"}],"curies":[{"name":"wp","href":"https:\/\/api.w.org\/{rel}","templated":true}]}}