{"id":12877,"date":"2025-09-18T12:23:14","date_gmt":"2025-09-18T16:23:14","guid":{"rendered":"https:\/\/www.fona.gob.ve\/?p=12877"},"modified":"2025-09-18T12:24:11","modified_gmt":"2025-09-18T16:24:11","slug":"estado-venezolano-muestra-su-eficacia-en-la-lucha-contra-el-trafico-ilicito-de-drogas","status":"publish","type":"post","link":"https:\/\/www.fona.gob.ve\/index.php\/2025\/09\/18\/estado-venezolano-muestra-su-eficacia-en-la-lucha-contra-el-trafico-ilicito-de-drogas\/","title":{"rendered":"Estado venezolano muestra su eficacia en la lucha contra el tr\u00e1fico il\u00edcito de drogas"},"content":{"rendered":"\t\t<div data-elementor-type=\"wp-post\" data-elementor-id=\"12877\" class=\"elementor elementor-12877\" data-elementor-post-type=\"post\">\n\t\t\t\t\t\t<section class=\"elementor-section elementor-top-section elementor-element elementor-element-70c3407b elementor-section-boxed elementor-section-height-default elementor-section-height-default\" data-id=\"70c3407b\" data-element_type=\"section\">\n\t\t\t\t\t\t<div class=\"elementor-container elementor-column-gap-default\">\n\t\t\t\t\t<div class=\"elementor-column elementor-col-100 elementor-top-column elementor-element elementor-element-549071b8\" data-id=\"549071b8\" data-element_type=\"column\">\n\t\t\t<div class=\"elementor-widget-wrap elementor-element-populated\">\n\t\t\t\t\t\t<div class=\"elementor-element elementor-element-67d2b82 elementor-widget elementor-widget-image\" data-id=\"67d2b82\" data-element_type=\"widget\" data-widget_type=\"image.default\">\n\t\t\t\t<div class=\"elementor-widget-container\">\n\t\t\t\t\t\t\t\t\t\t\t\t\t<img fetchpriority=\"high\" decoding=\"async\" width=\"800\" height=\"445\" src=\"https:\/\/www.fona.gob.ve\/wp-content\/uploads\/2025\/09\/Estado-venezolano-muestra-su-eficacia-en-la-lucha-contra-el-trafico-ilicito-de-drogas-3-800x445-1.jpeg\" class=\"attachment-large size-large wp-image-12878\" alt=\"\" srcset=\"https:\/\/www.fona.gob.ve\/wp-content\/uploads\/2025\/09\/Estado-venezolano-muestra-su-eficacia-en-la-lucha-contra-el-trafico-ilicito-de-drogas-3-800x445-1.jpeg 800w, https:\/\/www.fona.gob.ve\/wp-content\/uploads\/2025\/09\/Estado-venezolano-muestra-su-eficacia-en-la-lucha-contra-el-trafico-ilicito-de-drogas-3-800x445-1-300x167.jpeg 300w, https:\/\/www.fona.gob.ve\/wp-content\/uploads\/2025\/09\/Estado-venezolano-muestra-su-eficacia-en-la-lucha-contra-el-trafico-ilicito-de-drogas-3-800x445-1-768x427.jpeg 768w, https:\/\/www.fona.gob.ve\/wp-content\/uploads\/2025\/09\/Estado-venezolano-muestra-su-eficacia-en-la-lucha-contra-el-trafico-ilicito-de-drogas-3-800x445-1-480x267.jpeg 480w\" sizes=\"(max-width: 800px) 100vw, 800px\" title=\"Estado-venezolano-muestra-su-eficacia-en-la-lucha-contra-el-trafico-ilicito-de-drogas-3-800x445\" \/>\t\t\t\t\t\t\t\t\t\t\t\t\t<\/div>\n\t\t\t\t<\/div>\n\t\t\t\t<div class=\"elementor-element elementor-element-121d200e elementor-widget elementor-widget-text-editor\" data-id=\"121d200e\" data-element_type=\"widget\" data-widget_type=\"text-editor.default\">\n\t\t\t\t<div class=\"elementor-widget-container\">\n\t\t\t\t\t\t\t<p>Este mi\u00e9rcoles, el vicepresidente Sectorial de Pol\u00edtica, Seguridad Ciudadana y Paz, capit\u00e1n Diosdado Cabello Rond\u00f3n, destac\u00f3 la aplicaci\u00f3n del protocolo correcto en materia antidrogas por parte de los \u00f3rganos de seguridad del Estado venezolano.<\/p><p><span style=\"background-color: initial;\">\u00abEn Venezuela existe un Gobierno responsable, realmente abocado al combate del narcotr\u00e1fico con operaciones antidrogas de comprobada eficiencia\u00bb, destac\u00f3 Cabello Rond\u00f3n.<\/span><\/p><p><span style=\"background-color: initial;\">En este contexto, al referirse al desarrollo de la operaci\u00f3n de falsa bandera, frustrada por la acci\u00f3n de los \u00f3rganos de seguridad el pasado domingo, resalt\u00f3 la eficacia de los funcionarios actuantes, liderados por una capitana de la Guardia Nacional Bolivariana (GNB).<\/span><\/p><p><span style=\"background-color: initial;\">\u201cAs\u00ed se realiza una operaci\u00f3n. Cuando usted quiere demostrar un hecho, lo hace as\u00ed; no bombardear una embarcaci\u00f3n sin seguir el protocolo correspondiente. All\u00ed se le dio la voz de alto y, con el meg\u00e1fono, la capitana les dec\u00eda: \u2018Los estamos esperando m\u00e1s adelante, r\u00edndanse, los tenemos plenamente identificados\u2019\u201d, asegur\u00f3 el ministro de Interior, Justicia y Paz.<\/span><\/p><p><span style=\"background-color: initial;\">De igual forma, Cabello destac\u00f3 que \u201ca los responsables no los asesinamos. Cuando decimos que es de noche, es de noche; cuando decimos que es de d\u00eda, es de d\u00eda. En este caso, los tribunales competentes y el Ministerio P\u00fablico har\u00e1n, en base a los argumentos de los testimonios de estos se\u00f1ores, las acusaciones correspondientes\u201d.<\/span><\/p><p><span style=\"background-color: initial;\">Finalmente, resalt\u00f3 que, gracias al accionar de la Fuerza Armada Nacional Bolivariana (FANB) y los \u00f3rganos de seguridad, a la fecha se han incautado m\u00e1s de 60 toneladas de drogas.<\/span><\/p><p><strong style=\"background-color: initial;\">Prensa Mpprijp<\/strong><\/p>\t\t\t\t\t\t<\/div>\n\t\t\t\t<\/div>\n\t\t\t\t\t<\/div>\n\t\t<\/div>\n\t\t\t\t\t<\/div>\n\t\t<\/section>\n\t\t\t\t<\/div>\n\t\t","protected":false},"excerpt":{"rendered":"<p>Este mi\u00e9rcoles, el vicepresidente Sectorial de Pol\u00edtica, Seguridad Ciudadana y Paz, capit\u00e1n Diosdado Cabello Rond\u00f3n, destac\u00f3 la aplicaci\u00f3n del protocolo correcto en materia antidrogas por parte de los \u00f3rganos de seguridad del Estado venezolano. \u00abEn Venezuela existe un Gobierno responsable, realmente abocado al combate del narcotr\u00e1fico con operaciones antidrogas de comprobada eficiencia\u00bb, destac\u00f3 Cabello Rond\u00f3n. [&hellip;]<\/p>\n","protected":false},"author":2,"featured_media":12878,"comment_status":"closed","ping_status":"closed","sticky":false,"template":"","format":"standard","meta":{"footnotes":""},"categories":[58],"tags":[],"class_list":["post-12877","post","type-post","status-publish","format-standard","has-post-thumbnail","hentry","category-noticias"],"yoast_head":"<!-- This site is optimized with the Yoast SEO plugin v26.4 - https:\/\/yoast.com\/wordpress\/plugins\/seo\/ -->\n<title>Estado venezolano muestra su eficacia en la lucha contra el tr\u00e1fico il\u00edcito de drogas - Fondo Nacional Antidrogas<\/title>\n<meta name=\"robots\" content=\"index, follow, max-snippet:-1, max-image-preview:large, max-video-preview:-1\" \/>\n<link rel=\"canonical\" href=\"https:\/\/www.fona.gob.ve\/index.php\/2025\/09\/18\/estado-venezolano-muestra-su-eficacia-en-la-lucha-contra-el-trafico-ilicito-de-drogas\/\" \/>\n<meta property=\"og:locale\" content=\"es_ES\" \/>\n<meta property=\"og:type\" content=\"article\" \/>\n<meta property=\"og:title\" content=\"Estado venezolano muestra su eficacia en la lucha contra el tr\u00e1fico il\u00edcito de drogas - Fondo Nacional Antidrogas\" \/>\n<meta property=\"og:description\" content=\"Este mi\u00e9rcoles, el vicepresidente Sectorial de Pol\u00edtica, Seguridad Ciudadana y Paz, capit\u00e1n Diosdado Cabello Rond\u00f3n, destac\u00f3 la aplicaci\u00f3n del protocolo correcto en materia antidrogas por parte de los \u00f3rganos de seguridad del Estado venezolano. \u00abEn Venezuela existe un Gobierno responsable, realmente abocado al combate del narcotr\u00e1fico con operaciones antidrogas de comprobada eficiencia\u00bb, destac\u00f3 Cabello Rond\u00f3n. [&hellip;]\" \/>\n<meta property=\"og:url\" content=\"https:\/\/www.fona.gob.ve\/index.php\/2025\/09\/18\/estado-venezolano-muestra-su-eficacia-en-la-lucha-contra-el-trafico-ilicito-de-drogas\/\" \/>\n<meta property=\"og:site_name\" content=\"Fondo Nacional Antidrogas\" \/>\n<meta property=\"article:published_time\" content=\"2025-09-18T16:23:14+00:00\" \/>\n<meta property=\"article:modified_time\" content=\"2025-09-18T16:24:11+00:00\" \/>\n<meta property=\"og:image\" content=\"https:\/\/www.fona.gob.ve\/wp-content\/uploads\/2025\/09\/Estado-venezolano-muestra-su-eficacia-en-la-lucha-contra-el-trafico-ilicito-de-drogas-3-800x445-1.jpeg\" \/>\n\t<meta property=\"og:image:width\" content=\"800\" \/>\n\t<meta property=\"og:image:height\" content=\"445\" \/>\n\t<meta property=\"og:image:type\" content=\"image\/jpeg\" \/>\n<meta name=\"author\" content=\"prensa prensa\" \/>\n<meta name=\"twitter:card\" content=\"summary_large_image\" \/>\n<meta name=\"twitter:label1\" content=\"Escrito por\" \/>\n\t<meta name=\"twitter:data1\" content=\"prensa prensa\" \/>\n\t<meta name=\"twitter:label2\" content=\"Tiempo de lectura\" \/>\n\t<meta name=\"twitter:data2\" content=\"1 minuto\" \/>\n<script type=\"application\/ld+json\" class=\"yoast-schema-graph\">{\"@context\":\"https:\/\/schema.org\",\"@graph\":[{\"@type\":\"Article\",\"@id\":\"https:\/\/www.fona.gob.ve\/index.php\/2025\/09\/18\/estado-venezolano-muestra-su-eficacia-en-la-lucha-contra-el-trafico-ilicito-de-drogas\/#article\",\"isPartOf\":{\"@id\":\"https:\/\/www.fona.gob.ve\/index.php\/2025\/09\/18\/estado-venezolano-muestra-su-eficacia-en-la-lucha-contra-el-trafico-ilicito-de-drogas\/\"},\"author\":{\"name\":\"prensa prensa\",\"@id\":\"https:\/\/www.fona.gob.ve\/#\/schema\/person\/887f0d86a3d016ef9df002d3603dd736\"},\"headline\":\"Estado venezolano muestra su eficacia en la lucha contra el tr\u00e1fico il\u00edcito de drogas\",\"datePublished\":\"2025-09-18T16:23:14+00:00\",\"dateModified\":\"2025-09-18T16:24:11+00:00\",\"mainEntityOfPage\":{\"@id\":\"https:\/\/www.fona.gob.ve\/index.php\/2025\/09\/18\/estado-venezolano-muestra-su-eficacia-en-la-lucha-contra-el-trafico-ilicito-de-drogas\/\"},\"wordCount\":277,\"publisher\":{\"@id\":\"https:\/\/www.fona.gob.ve\/#organization\"},\"image\":{\"@id\":\"https:\/\/www.fona.gob.ve\/index.php\/2025\/09\/18\/estado-venezolano-muestra-su-eficacia-en-la-lucha-contra-el-trafico-ilicito-de-drogas\/#primaryimage\"},\"thumbnailUrl\":\"https:\/\/www.fona.gob.ve\/wp-content\/uploads\/2025\/09\/Estado-venezolano-muestra-su-eficacia-en-la-lucha-contra-el-trafico-ilicito-de-drogas-3-800x445-1.jpeg\",\"articleSection\":[\"Noticias\"],\"inLanguage\":\"es\"},{\"@type\":\"WebPage\",\"@id\":\"https:\/\/www.fona.gob.ve\/index.php\/2025\/09\/18\/estado-venezolano-muestra-su-eficacia-en-la-lucha-contra-el-trafico-ilicito-de-drogas\/\",\"url\":\"https:\/\/www.fona.gob.ve\/index.php\/2025\/09\/18\/estado-venezolano-muestra-su-eficacia-en-la-lucha-contra-el-trafico-ilicito-de-drogas\/\",\"name\":\"Estado venezolano muestra su eficacia en la lucha contra el tr\u00e1fico il\u00edcito de drogas - Fondo Nacional Antidrogas\",\"isPartOf\":{\"@id\":\"https:\/\/www.fona.gob.ve\/#website\"},\"primaryImageOfPage\":{\"@id\":\"https:\/\/www.fona.gob.ve\/index.php\/2025\/09\/18\/estado-venezolano-muestra-su-eficacia-en-la-lucha-contra-el-trafico-ilicito-de-drogas\/#primaryimage\"},\"image\":{\"@id\":\"https:\/\/www.fona.gob.ve\/index.php\/2025\/09\/18\/estado-venezolano-muestra-su-eficacia-en-la-lucha-contra-el-trafico-ilicito-de-drogas\/#primaryimage\"},\"thumbnailUrl\":\"https:\/\/www.fona.gob.ve\/wp-content\/uploads\/2025\/09\/Estado-venezolano-muestra-su-eficacia-en-la-lucha-contra-el-trafico-ilicito-de-drogas-3-800x445-1.jpeg\",\"datePublished\":\"2025-09-18T16:23:14+00:00\",\"dateModified\":\"2025-09-18T16:24:11+00:00\",\"breadcrumb\":{\"@id\":\"https:\/\/www.fona.gob.ve\/index.php\/2025\/09\/18\/estado-venezolano-muestra-su-eficacia-en-la-lucha-contra-el-trafico-ilicito-de-drogas\/#breadcrumb\"},\"inLanguage\":\"es\",\"potentialAction\":[{\"@type\":\"ReadAction\",\"target\":[\"https:\/\/www.fona.gob.ve\/index.php\/2025\/09\/18\/estado-venezolano-muestra-su-eficacia-en-la-lucha-contra-el-trafico-ilicito-de-drogas\/\"]}]},{\"@type\":\"ImageObject\",\"inLanguage\":\"es\",\"@id\":\"https:\/\/www.fona.gob.ve\/index.php\/2025\/09\/18\/estado-venezolano-muestra-su-eficacia-en-la-lucha-contra-el-trafico-ilicito-de-drogas\/#primaryimage\",\"url\":\"https:\/\/www.fona.gob.ve\/wp-content\/uploads\/2025\/09\/Estado-venezolano-muestra-su-eficacia-en-la-lucha-contra-el-trafico-ilicito-de-drogas-3-800x445-1.jpeg\",\"contentUrl\":\"https:\/\/www.fona.gob.ve\/wp-content\/uploads\/2025\/09\/Estado-venezolano-muestra-su-eficacia-en-la-lucha-contra-el-trafico-ilicito-de-drogas-3-800x445-1.jpeg\",\"width\":800,\"height\":445},{\"@type\":\"BreadcrumbList\",\"@id\":\"https:\/\/www.fona.gob.ve\/index.php\/2025\/09\/18\/estado-venezolano-muestra-su-eficacia-en-la-lucha-contra-el-trafico-ilicito-de-drogas\/#breadcrumb\",\"itemListElement\":[{\"@type\":\"ListItem\",\"position\":1,\"name\":\"Portada\",\"item\":\"https:\/\/www.fona.gob.ve\/\"},{\"@type\":\"ListItem\",\"position\":2,\"name\":\"Estado venezolano muestra su eficacia en la lucha contra el tr\u00e1fico il\u00edcito de drogas\"}]},{\"@type\":\"WebSite\",\"@id\":\"https:\/\/www.fona.gob.ve\/#website\",\"url\":\"https:\/\/www.fona.gob.ve\/\",\"name\":\"Fondo Nacional Antidrogas\",\"description\":\"Conoce las acciones, programas y pol\u00edticas del Fondo Nacional Antidrogas (FONA) orientadas a la prevenci\u00f3n, atenci\u00f3n integral y lucha contra el consumo de drogas en Venezuela. Informaci\u00f3n oficial y actualizada.\",\"publisher\":{\"@id\":\"https:\/\/www.fona.gob.ve\/#organization\"},\"potentialAction\":[{\"@type\":\"SearchAction\",\"target\":{\"@type\":\"EntryPoint\",\"urlTemplate\":\"https:\/\/www.fona.gob.ve\/?s={search_term_string}\"},\"query-input\":{\"@type\":\"PropertyValueSpecification\",\"valueRequired\":true,\"valueName\":\"search_term_string\"}}],\"inLanguage\":\"es\"},{\"@type\":\"Organization\",\"@id\":\"https:\/\/www.fona.gob.ve\/#organization\",\"name\":\"Fondo Nacional Antidrogas\",\"url\":\"https:\/\/www.fona.gob.ve\/\",\"logo\":{\"@type\":\"ImageObject\",\"inLanguage\":\"es\",\"@id\":\"https:\/\/www.fona.gob.ve\/#\/schema\/logo\/image\/\",\"url\":\"https:\/\/www.fona.gob.ve\/wp-content\/uploads\/2025\/04\/fona.jpeg\",\"contentUrl\":\"https:\/\/www.fona.gob.ve\/wp-content\/uploads\/2025\/04\/fona.jpeg\",\"width\":1200,\"height\":1200,\"caption\":\"Fondo Nacional Antidrogas\"},\"image\":{\"@id\":\"https:\/\/www.fona.gob.ve\/#\/schema\/logo\/image\/\"}},{\"@type\":\"Person\",\"@id\":\"https:\/\/www.fona.gob.ve\/#\/schema\/person\/887f0d86a3d016ef9df002d3603dd736\",\"name\":\"prensa prensa\",\"sameAs\":[\"https:\/\/fona.gob.ve\"],\"url\":\"https:\/\/www.fona.gob.ve\/index.php\/author\/prensa\/\"}]}<\/script>\n<!-- \/ Yoast SEO plugin. -->","yoast_head_json":{"title":"Estado venezolano muestra su eficacia en la lucha contra el tr\u00e1fico il\u00edcito de drogas - Fondo Nacional Antidrogas","robots":{"index":"index","follow":"follow","max-snippet":"max-snippet:-1","max-image-preview":"max-image-preview:large","max-video-preview":"max-video-preview:-1"},"canonical":"https:\/\/www.fona.gob.ve\/index.php\/2025\/09\/18\/estado-venezolano-muestra-su-eficacia-en-la-lucha-contra-el-trafico-ilicito-de-drogas\/","og_locale":"es_ES","og_type":"article","og_title":"Estado venezolano muestra su eficacia en la lucha contra el tr\u00e1fico il\u00edcito de drogas - Fondo Nacional Antidrogas","og_description":"Este mi\u00e9rcoles, el vicepresidente Sectorial de Pol\u00edtica, Seguridad Ciudadana y Paz, capit\u00e1n Diosdado Cabello Rond\u00f3n, destac\u00f3 la aplicaci\u00f3n del protocolo correcto en materia antidrogas por parte de los \u00f3rganos de seguridad del Estado venezolano. \u00abEn Venezuela existe un Gobierno responsable, realmente abocado al combate del narcotr\u00e1fico con operaciones antidrogas de comprobada eficiencia\u00bb, destac\u00f3 Cabello Rond\u00f3n. [&hellip;]","og_url":"https:\/\/www.fona.gob.ve\/index.php\/2025\/09\/18\/estado-venezolano-muestra-su-eficacia-en-la-lucha-contra-el-trafico-ilicito-de-drogas\/","og_site_name":"Fondo Nacional Antidrogas","article_published_time":"2025-09-18T16:23:14+00:00","article_modified_time":"2025-09-18T16:24:11+00:00","og_image":[{"width":800,"height":445,"url":"https:\/\/www.fona.gob.ve\/wp-content\/uploads\/2025\/09\/Estado-venezolano-muestra-su-eficacia-en-la-lucha-contra-el-trafico-ilicito-de-drogas-3-800x445-1.jpeg","type":"image\/jpeg"}],"author":"prensa prensa","twitter_card":"summary_large_image","twitter_misc":{"Escrito por":"prensa prensa","Tiempo de lectura":"1 minuto"},"schema":{"@context":"https:\/\/schema.org","@graph":[{"@type":"Article","@id":"https:\/\/www.fona.gob.ve\/index.php\/2025\/09\/18\/estado-venezolano-muestra-su-eficacia-en-la-lucha-contra-el-trafico-ilicito-de-drogas\/#article","isPartOf":{"@id":"https:\/\/www.fona.gob.ve\/index.php\/2025\/09\/18\/estado-venezolano-muestra-su-eficacia-en-la-lucha-contra-el-trafico-ilicito-de-drogas\/"},"author":{"name":"prensa prensa","@id":"https:\/\/www.fona.gob.ve\/#\/schema\/person\/887f0d86a3d016ef9df002d3603dd736"},"headline":"Estado venezolano muestra su eficacia en la lucha contra el tr\u00e1fico il\u00edcito de drogas","datePublished":"2025-09-18T16:23:14+00:00","dateModified":"2025-09-18T16:24:11+00:00","mainEntityOfPage":{"@id":"https:\/\/www.fona.gob.ve\/index.php\/2025\/09\/18\/estado-venezolano-muestra-su-eficacia-en-la-lucha-contra-el-trafico-ilicito-de-drogas\/"},"wordCount":277,"publisher":{"@id":"https:\/\/www.fona.gob.ve\/#organization"},"image":{"@id":"https:\/\/www.fona.gob.ve\/index.php\/2025\/09\/18\/estado-venezolano-muestra-su-eficacia-en-la-lucha-contra-el-trafico-ilicito-de-drogas\/#primaryimage"},"thumbnailUrl":"https:\/\/www.fona.gob.ve\/wp-content\/uploads\/2025\/09\/Estado-venezolano-muestra-su-eficacia-en-la-lucha-contra-el-trafico-ilicito-de-drogas-3-800x445-1.jpeg","articleSection":["Noticias"],"inLanguage":"es"},{"@type":"WebPage","@id":"https:\/\/www.fona.gob.ve\/index.php\/2025\/09\/18\/estado-venezolano-muestra-su-eficacia-en-la-lucha-contra-el-trafico-ilicito-de-drogas\/","url":"https:\/\/www.fona.gob.ve\/index.php\/2025\/09\/18\/estado-venezolano-muestra-su-eficacia-en-la-lucha-contra-el-trafico-ilicito-de-drogas\/","name":"Estado venezolano muestra su eficacia en la lucha contra el tr\u00e1fico il\u00edcito de drogas - Fondo Nacional Antidrogas","isPartOf":{"@id":"https:\/\/www.fona.gob.ve\/#website"},"primaryImageOfPage":{"@id":"https:\/\/www.fona.gob.ve\/index.php\/2025\/09\/18\/estado-venezolano-muestra-su-eficacia-en-la-lucha-contra-el-trafico-ilicito-de-drogas\/#primaryimage"},"image":{"@id":"https:\/\/www.fona.gob.ve\/index.php\/2025\/09\/18\/estado-venezolano-muestra-su-eficacia-en-la-lucha-contra-el-trafico-ilicito-de-drogas\/#primaryimage"},"thumbnailUrl":"https:\/\/www.fona.gob.ve\/wp-content\/uploads\/2025\/09\/Estado-venezolano-muestra-su-eficacia-en-la-lucha-contra-el-trafico-ilicito-de-drogas-3-800x445-1.jpeg","datePublished":"2025-09-18T16:23:14+00:00","dateModified":"2025-09-18T16:24:11+00:00","breadcrumb":{"@id":"https:\/\/www.fona.gob.ve\/index.php\/2025\/09\/18\/estado-venezolano-muestra-su-eficacia-en-la-lucha-contra-el-trafico-ilicito-de-drogas\/#breadcrumb"},"inLanguage":"es","potentialAction":[{"@type":"ReadAction","target":["https:\/\/www.fona.gob.ve\/index.php\/2025\/09\/18\/estado-venezolano-muestra-su-eficacia-en-la-lucha-contra-el-trafico-ilicito-de-drogas\/"]}]},{"@type":"ImageObject","inLanguage":"es","@id":"https:\/\/www.fona.gob.ve\/index.php\/2025\/09\/18\/estado-venezolano-muestra-su-eficacia-en-la-lucha-contra-el-trafico-ilicito-de-drogas\/#primaryimage","url":"https:\/\/www.fona.gob.ve\/wp-content\/uploads\/2025\/09\/Estado-venezolano-muestra-su-eficacia-en-la-lucha-contra-el-trafico-ilicito-de-drogas-3-800x445-1.jpeg","contentUrl":"https:\/\/www.fona.gob.ve\/wp-content\/uploads\/2025\/09\/Estado-venezolano-muestra-su-eficacia-en-la-lucha-contra-el-trafico-ilicito-de-drogas-3-800x445-1.jpeg","width":800,"height":445},{"@type":"BreadcrumbList","@id":"https:\/\/www.fona.gob.ve\/index.php\/2025\/09\/18\/estado-venezolano-muestra-su-eficacia-en-la-lucha-contra-el-trafico-ilicito-de-drogas\/#breadcrumb","itemListElement":[{"@type":"ListItem","position":1,"name":"Portada","item":"https:\/\/www.fona.gob.ve\/"},{"@type":"ListItem","position":2,"name":"Estado venezolano muestra su eficacia en la lucha contra el tr\u00e1fico il\u00edcito de drogas"}]},{"@type":"WebSite","@id":"https:\/\/www.fona.gob.ve\/#website","url":"https:\/\/www.fona.gob.ve\/","name":"Fondo Nacional Antidrogas","description":"Conoce las acciones, programas y pol\u00edticas del Fondo Nacional Antidrogas (FONA) orientadas a la prevenci\u00f3n, atenci\u00f3n integral y lucha contra el consumo de drogas en Venezuela. Informaci\u00f3n oficial y actualizada.","publisher":{"@id":"https:\/\/www.fona.gob.ve\/#organization"},"potentialAction":[{"@type":"SearchAction","target":{"@type":"EntryPoint","urlTemplate":"https:\/\/www.fona.gob.ve\/?s={search_term_string}"},"query-input":{"@type":"PropertyValueSpecification","valueRequired":true,"valueName":"search_term_string"}}],"inLanguage":"es"},{"@type":"Organization","@id":"https:\/\/www.fona.gob.ve\/#organization","name":"Fondo Nacional Antidrogas","url":"https:\/\/www.fona.gob.ve\/","logo":{"@type":"ImageObject","inLanguage":"es","@id":"https:\/\/www.fona.gob.ve\/#\/schema\/logo\/image\/","url":"https:\/\/www.fona.gob.ve\/wp-content\/uploads\/2025\/04\/fona.jpeg","contentUrl":"https:\/\/www.fona.gob.ve\/wp-content\/uploads\/2025\/04\/fona.jpeg","width":1200,"height":1200,"caption":"Fondo Nacional Antidrogas"},"image":{"@id":"https:\/\/www.fona.gob.ve\/#\/schema\/logo\/image\/"}},{"@type":"Person","@id":"https:\/\/www.fona.gob.ve\/#\/schema\/person\/887f0d86a3d016ef9df002d3603dd736","name":"prensa prensa","sameAs":["https:\/\/fona.gob.ve"],"url":"https:\/\/www.fona.gob.ve\/index.php\/author\/prensa\/"}]}},"_links":{"self":[{"href":"https:\/\/www.fona.gob.ve\/index.php\/wp-json\/wp\/v2\/posts\/12877","targetHints":{"allow":["GET"]}}],"collection":[{"href":"https:\/\/www.fona.gob.ve\/index.php\/wp-json\/wp\/v2\/posts"}],"about":[{"href":"https:\/\/www.fona.gob.ve\/index.php\/wp-json\/wp\/v2\/types\/post"}],"author":[{"embeddable":true,"href":"https:\/\/www.fona.gob.ve\/index.php\/wp-json\/wp\/v2\/users\/2"}],"replies":[{"embeddable":true,"href":"https:\/\/www.fona.gob.ve\/index.php\/wp-json\/wp\/v2\/comments?post=12877"}],"version-history":[{"count":3,"href":"https:\/\/www.fona.gob.ve\/index.php\/wp-json\/wp\/v2\/posts\/12877\/revisions"}],"predecessor-version":[{"id":12881,"href":"https:\/\/www.fona.gob.ve\/index.php\/wp-json\/wp\/v2\/posts\/12877\/revisions\/12881"}],"wp:featuredmedia":[{"embeddable":true,"href":"https:\/\/www.fona.gob.ve\/index.php\/wp-json\/wp\/v2\/media\/12878"}],"wp:attachment":[{"href":"https:\/\/www.fona.gob.ve\/index.php\/wp-json\/wp\/v2\/media?parent=12877"}],"wp:term":[{"taxonomy":"category","embeddable":true,"href":"https:\/\/www.fona.gob.ve\/index.php\/wp-json\/wp\/v2\/categories?post=12877"},{"taxonomy":"post_tag","embeddable":true,"href":"https:\/\/www.fona.gob.ve\/index.php\/wp-json\/wp\/v2\/tags?post=12877"}],"curies":[{"name":"wp","href":"https:\/\/api.w.org\/{rel}","templated":true}]}}