{"id":12872,"date":"2025-09-16T11:47:30","date_gmt":"2025-09-16T15:47:30","guid":{"rendered":"https:\/\/www.fona.gob.ve\/?p=12872"},"modified":"2025-09-16T11:49:01","modified_gmt":"2025-09-16T15:49:01","slug":"decomisan-mas-de-36-toneladas-de-cocaina-provenientes-de-la-guajira-colombiana","status":"publish","type":"post","link":"https:\/\/www.fona.gob.ve\/index.php\/2025\/09\/16\/decomisan-mas-de-36-toneladas-de-cocaina-provenientes-de-la-guajira-colombiana\/","title":{"rendered":"Decomisan m\u00e1s de 3,6 toneladas de coca\u00edna provenientes de la Guajira colombiana"},"content":{"rendered":"\t\t<div data-elementor-type=\"wp-post\" data-elementor-id=\"12872\" class=\"elementor elementor-12872\" data-elementor-post-type=\"post\">\n\t\t\t\t\t\t<section class=\"elementor-section elementor-top-section elementor-element elementor-element-27e0e157 elementor-section-boxed elementor-section-height-default elementor-section-height-default\" data-id=\"27e0e157\" data-element_type=\"section\">\n\t\t\t\t\t\t<div class=\"elementor-container elementor-column-gap-default\">\n\t\t\t\t\t<div class=\"elementor-column elementor-col-100 elementor-top-column elementor-element elementor-element-d9ab530\" data-id=\"d9ab530\" data-element_type=\"column\">\n\t\t\t<div class=\"elementor-widget-wrap elementor-element-populated\">\n\t\t\t\t\t\t<div class=\"elementor-element elementor-element-e6a3b19 elementor-widget elementor-widget-image\" data-id=\"e6a3b19\" data-element_type=\"widget\" data-widget_type=\"image.default\">\n\t\t\t\t<div class=\"elementor-widget-container\">\n\t\t\t\t\t\t\t\t\t\t\t\t\t<img fetchpriority=\"high\" decoding=\"async\" width=\"800\" height=\"445\" src=\"https:\/\/www.fona.gob.ve\/wp-content\/uploads\/2025\/09\/Ministro-Diosdado-Cabello-PSUV-lunes-15-09-2025-foto-13-800x445-1.jpeg\" class=\"attachment-large size-large wp-image-12873\" alt=\"\" srcset=\"https:\/\/www.fona.gob.ve\/wp-content\/uploads\/2025\/09\/Ministro-Diosdado-Cabello-PSUV-lunes-15-09-2025-foto-13-800x445-1.jpeg 800w, https:\/\/www.fona.gob.ve\/wp-content\/uploads\/2025\/09\/Ministro-Diosdado-Cabello-PSUV-lunes-15-09-2025-foto-13-800x445-1-300x167.jpeg 300w, https:\/\/www.fona.gob.ve\/wp-content\/uploads\/2025\/09\/Ministro-Diosdado-Cabello-PSUV-lunes-15-09-2025-foto-13-800x445-1-768x427.jpeg 768w, https:\/\/www.fona.gob.ve\/wp-content\/uploads\/2025\/09\/Ministro-Diosdado-Cabello-PSUV-lunes-15-09-2025-foto-13-800x445-1-480x267.jpeg 480w\" sizes=\"(max-width: 800px) 100vw, 800px\" title=\"Ministro-Diosdado-Cabello-PSUV-lunes-15-09-2025-foto-13-800x445\" \/>\t\t\t\t\t\t\t\t\t\t\t\t\t<\/div>\n\t\t\t\t<\/div>\n\t\t\t\t<div class=\"elementor-element elementor-element-4699ebb5 elementor-widget elementor-widget-text-editor\" data-id=\"4699ebb5\" data-element_type=\"widget\" data-widget_type=\"text-editor.default\">\n\t\t\t\t<div class=\"elementor-widget-container\">\n\t\t\t\t\t\t\t<p>El Vicepresidente Sectorial de Pol\u00edtica de Seguridad Ciudadana y Paz, capit\u00e1n Diosdado Cabello Rond\u00f3n, anunci\u00f3 que durante la madrugada de este lunes, fueron detenidas cuatro personas, a quienes se les incautaron 3 mil 680 kilos de coca\u00edna.<\/p><p><span style=\"background-color: initial;\">En este orden de ideas, el tambi\u00e9n ministro del Poder Popular para Relaciones Interiores, Justicia y Paz explic\u00f3 que los cuatro aprehendidos, a quienes se les decomis\u00f3 la droga, proven\u00edan del sector Puerto L\u00f3pez, en la Guajira colombiana, cerca de la frontera con el estado Zulia.<\/span><\/p><p><span style=\"background-color: initial;\">\u201cNo bombardeamos la nave, no asesinamos a nadie, pero capturamos la droga y a los responsables\u201d, destac\u00f3 el titular del citado despacho ministerial, quien coment\u00f3 que una mujer, capitana de los \u00f3rganos de seguridad del estado, fue la que dirigi\u00f3 la operaci\u00f3n antinarc\u00f3tica. Expres\u00f3 su satisfacci\u00f3n por la actuaci\u00f3n de la funcionaria en este despliegue contra dicha acci\u00f3n punible, cuya duraci\u00f3n fue de m\u00e1s de 20 horas.<\/span><\/p><p><span style=\"background-color: initial;\">De igual modo, cuestion\u00f3 que Estados Unidos pretenda invadir Venezuela bajo el pretexto de la lucha contra el narcotr\u00e1fico, ya que la detenci\u00f3n de estas cuatro personas, evidencia el compromiso del Gobierno Bolivariano en el combate contra este tipo de delito.<\/span><\/p><p><strong style=\"background-color: initial;\">Prensa Mpprijp<\/strong><\/p>\t\t\t\t\t\t<\/div>\n\t\t\t\t<\/div>\n\t\t\t\t\t<\/div>\n\t\t<\/div>\n\t\t\t\t\t<\/div>\n\t\t<\/section>\n\t\t\t\t<\/div>\n\t\t","protected":false},"excerpt":{"rendered":"<p>El Vicepresidente Sectorial de Pol\u00edtica de Seguridad Ciudadana y Paz, capit\u00e1n Diosdado Cabello Rond\u00f3n, anunci\u00f3 que durante la madrugada de este lunes, fueron detenidas cuatro personas, a quienes se les incautaron 3 mil 680 kilos de coca\u00edna. En este orden de ideas, el tambi\u00e9n ministro del Poder Popular para Relaciones Interiores, Justicia y Paz explic\u00f3 [&hellip;]<\/p>\n","protected":false},"author":2,"featured_media":12873,"comment_status":"closed","ping_status":"closed","sticky":false,"template":"","format":"standard","meta":{"footnotes":""},"categories":[58],"tags":[],"class_list":["post-12872","post","type-post","status-publish","format-standard","has-post-thumbnail","hentry","category-noticias"],"yoast_head":"<!-- This site is optimized with the Yoast SEO plugin v26.4 - https:\/\/yoast.com\/wordpress\/plugins\/seo\/ -->\n<title>Decomisan m\u00e1s de 3,6 toneladas de coca\u00edna provenientes de la Guajira colombiana - Fondo Nacional Antidrogas<\/title>\n<meta name=\"robots\" content=\"index, follow, max-snippet:-1, max-image-preview:large, max-video-preview:-1\" \/>\n<link rel=\"canonical\" href=\"https:\/\/www.fona.gob.ve\/index.php\/2025\/09\/16\/decomisan-mas-de-36-toneladas-de-cocaina-provenientes-de-la-guajira-colombiana\/\" \/>\n<meta property=\"og:locale\" content=\"es_ES\" \/>\n<meta property=\"og:type\" content=\"article\" \/>\n<meta property=\"og:title\" content=\"Decomisan m\u00e1s de 3,6 toneladas de coca\u00edna provenientes de la Guajira colombiana - Fondo Nacional Antidrogas\" \/>\n<meta property=\"og:description\" content=\"El Vicepresidente Sectorial de Pol\u00edtica de Seguridad Ciudadana y Paz, capit\u00e1n Diosdado Cabello Rond\u00f3n, anunci\u00f3 que durante la madrugada de este lunes, fueron detenidas cuatro personas, a quienes se les incautaron 3 mil 680 kilos de coca\u00edna. En este orden de ideas, el tambi\u00e9n ministro del Poder Popular para Relaciones Interiores, Justicia y Paz explic\u00f3 [&hellip;]\" \/>\n<meta property=\"og:url\" content=\"https:\/\/www.fona.gob.ve\/index.php\/2025\/09\/16\/decomisan-mas-de-36-toneladas-de-cocaina-provenientes-de-la-guajira-colombiana\/\" \/>\n<meta property=\"og:site_name\" content=\"Fondo Nacional Antidrogas\" \/>\n<meta property=\"article:published_time\" content=\"2025-09-16T15:47:30+00:00\" \/>\n<meta property=\"article:modified_time\" content=\"2025-09-16T15:49:01+00:00\" \/>\n<meta property=\"og:image\" content=\"https:\/\/www.fona.gob.ve\/wp-content\/uploads\/2025\/09\/Ministro-Diosdado-Cabello-PSUV-lunes-15-09-2025-foto-13-800x445-1.jpeg\" \/>\n\t<meta property=\"og:image:width\" content=\"800\" \/>\n\t<meta property=\"og:image:height\" content=\"445\" \/>\n\t<meta property=\"og:image:type\" content=\"image\/jpeg\" \/>\n<meta name=\"author\" content=\"prensa prensa\" \/>\n<meta name=\"twitter:card\" content=\"summary_large_image\" \/>\n<meta name=\"twitter:label1\" content=\"Escrito por\" \/>\n\t<meta name=\"twitter:data1\" content=\"prensa prensa\" \/>\n\t<meta name=\"twitter:label2\" content=\"Tiempo de lectura\" \/>\n\t<meta name=\"twitter:data2\" content=\"1 minuto\" \/>\n<script type=\"application\/ld+json\" class=\"yoast-schema-graph\">{\"@context\":\"https:\/\/schema.org\",\"@graph\":[{\"@type\":\"Article\",\"@id\":\"https:\/\/www.fona.gob.ve\/index.php\/2025\/09\/16\/decomisan-mas-de-36-toneladas-de-cocaina-provenientes-de-la-guajira-colombiana\/#article\",\"isPartOf\":{\"@id\":\"https:\/\/www.fona.gob.ve\/index.php\/2025\/09\/16\/decomisan-mas-de-36-toneladas-de-cocaina-provenientes-de-la-guajira-colombiana\/\"},\"author\":{\"name\":\"prensa prensa\",\"@id\":\"https:\/\/www.fona.gob.ve\/#\/schema\/person\/887f0d86a3d016ef9df002d3603dd736\"},\"headline\":\"Decomisan m\u00e1s de 3,6 toneladas de coca\u00edna provenientes de la Guajira colombiana\",\"datePublished\":\"2025-09-16T15:47:30+00:00\",\"dateModified\":\"2025-09-16T15:49:01+00:00\",\"mainEntityOfPage\":{\"@id\":\"https:\/\/www.fona.gob.ve\/index.php\/2025\/09\/16\/decomisan-mas-de-36-toneladas-de-cocaina-provenientes-de-la-guajira-colombiana\/\"},\"wordCount\":219,\"publisher\":{\"@id\":\"https:\/\/www.fona.gob.ve\/#organization\"},\"image\":{\"@id\":\"https:\/\/www.fona.gob.ve\/index.php\/2025\/09\/16\/decomisan-mas-de-36-toneladas-de-cocaina-provenientes-de-la-guajira-colombiana\/#primaryimage\"},\"thumbnailUrl\":\"https:\/\/www.fona.gob.ve\/wp-content\/uploads\/2025\/09\/Ministro-Diosdado-Cabello-PSUV-lunes-15-09-2025-foto-13-800x445-1.jpeg\",\"articleSection\":[\"Noticias\"],\"inLanguage\":\"es\"},{\"@type\":\"WebPage\",\"@id\":\"https:\/\/www.fona.gob.ve\/index.php\/2025\/09\/16\/decomisan-mas-de-36-toneladas-de-cocaina-provenientes-de-la-guajira-colombiana\/\",\"url\":\"https:\/\/www.fona.gob.ve\/index.php\/2025\/09\/16\/decomisan-mas-de-36-toneladas-de-cocaina-provenientes-de-la-guajira-colombiana\/\",\"name\":\"Decomisan m\u00e1s de 3,6 toneladas de coca\u00edna provenientes de la Guajira colombiana - Fondo Nacional Antidrogas\",\"isPartOf\":{\"@id\":\"https:\/\/www.fona.gob.ve\/#website\"},\"primaryImageOfPage\":{\"@id\":\"https:\/\/www.fona.gob.ve\/index.php\/2025\/09\/16\/decomisan-mas-de-36-toneladas-de-cocaina-provenientes-de-la-guajira-colombiana\/#primaryimage\"},\"image\":{\"@id\":\"https:\/\/www.fona.gob.ve\/index.php\/2025\/09\/16\/decomisan-mas-de-36-toneladas-de-cocaina-provenientes-de-la-guajira-colombiana\/#primaryimage\"},\"thumbnailUrl\":\"https:\/\/www.fona.gob.ve\/wp-content\/uploads\/2025\/09\/Ministro-Diosdado-Cabello-PSUV-lunes-15-09-2025-foto-13-800x445-1.jpeg\",\"datePublished\":\"2025-09-16T15:47:30+00:00\",\"dateModified\":\"2025-09-16T15:49:01+00:00\",\"breadcrumb\":{\"@id\":\"https:\/\/www.fona.gob.ve\/index.php\/2025\/09\/16\/decomisan-mas-de-36-toneladas-de-cocaina-provenientes-de-la-guajira-colombiana\/#breadcrumb\"},\"inLanguage\":\"es\",\"potentialAction\":[{\"@type\":\"ReadAction\",\"target\":[\"https:\/\/www.fona.gob.ve\/index.php\/2025\/09\/16\/decomisan-mas-de-36-toneladas-de-cocaina-provenientes-de-la-guajira-colombiana\/\"]}]},{\"@type\":\"ImageObject\",\"inLanguage\":\"es\",\"@id\":\"https:\/\/www.fona.gob.ve\/index.php\/2025\/09\/16\/decomisan-mas-de-36-toneladas-de-cocaina-provenientes-de-la-guajira-colombiana\/#primaryimage\",\"url\":\"https:\/\/www.fona.gob.ve\/wp-content\/uploads\/2025\/09\/Ministro-Diosdado-Cabello-PSUV-lunes-15-09-2025-foto-13-800x445-1.jpeg\",\"contentUrl\":\"https:\/\/www.fona.gob.ve\/wp-content\/uploads\/2025\/09\/Ministro-Diosdado-Cabello-PSUV-lunes-15-09-2025-foto-13-800x445-1.jpeg\",\"width\":800,\"height\":445},{\"@type\":\"BreadcrumbList\",\"@id\":\"https:\/\/www.fona.gob.ve\/index.php\/2025\/09\/16\/decomisan-mas-de-36-toneladas-de-cocaina-provenientes-de-la-guajira-colombiana\/#breadcrumb\",\"itemListElement\":[{\"@type\":\"ListItem\",\"position\":1,\"name\":\"Portada\",\"item\":\"https:\/\/www.fona.gob.ve\/\"},{\"@type\":\"ListItem\",\"position\":2,\"name\":\"Decomisan m\u00e1s de 3,6 toneladas de coca\u00edna provenientes de la Guajira colombiana\"}]},{\"@type\":\"WebSite\",\"@id\":\"https:\/\/www.fona.gob.ve\/#website\",\"url\":\"https:\/\/www.fona.gob.ve\/\",\"name\":\"Fondo Nacional Antidrogas\",\"description\":\"Conoce las acciones, programas y pol\u00edticas del Fondo Nacional Antidrogas (FONA) orientadas a la prevenci\u00f3n, atenci\u00f3n integral y lucha contra el consumo de drogas en Venezuela. Informaci\u00f3n oficial y actualizada.\",\"publisher\":{\"@id\":\"https:\/\/www.fona.gob.ve\/#organization\"},\"potentialAction\":[{\"@type\":\"SearchAction\",\"target\":{\"@type\":\"EntryPoint\",\"urlTemplate\":\"https:\/\/www.fona.gob.ve\/?s={search_term_string}\"},\"query-input\":{\"@type\":\"PropertyValueSpecification\",\"valueRequired\":true,\"valueName\":\"search_term_string\"}}],\"inLanguage\":\"es\"},{\"@type\":\"Organization\",\"@id\":\"https:\/\/www.fona.gob.ve\/#organization\",\"name\":\"Fondo Nacional Antidrogas\",\"url\":\"https:\/\/www.fona.gob.ve\/\",\"logo\":{\"@type\":\"ImageObject\",\"inLanguage\":\"es\",\"@id\":\"https:\/\/www.fona.gob.ve\/#\/schema\/logo\/image\/\",\"url\":\"https:\/\/www.fona.gob.ve\/wp-content\/uploads\/2025\/04\/fona.jpeg\",\"contentUrl\":\"https:\/\/www.fona.gob.ve\/wp-content\/uploads\/2025\/04\/fona.jpeg\",\"width\":1200,\"height\":1200,\"caption\":\"Fondo Nacional Antidrogas\"},\"image\":{\"@id\":\"https:\/\/www.fona.gob.ve\/#\/schema\/logo\/image\/\"}},{\"@type\":\"Person\",\"@id\":\"https:\/\/www.fona.gob.ve\/#\/schema\/person\/887f0d86a3d016ef9df002d3603dd736\",\"name\":\"prensa prensa\",\"sameAs\":[\"https:\/\/fona.gob.ve\"],\"url\":\"https:\/\/www.fona.gob.ve\/index.php\/author\/prensa\/\"}]}<\/script>\n<!-- \/ Yoast SEO plugin. -->","yoast_head_json":{"title":"Decomisan m\u00e1s de 3,6 toneladas de coca\u00edna provenientes de la Guajira colombiana - Fondo Nacional Antidrogas","robots":{"index":"index","follow":"follow","max-snippet":"max-snippet:-1","max-image-preview":"max-image-preview:large","max-video-preview":"max-video-preview:-1"},"canonical":"https:\/\/www.fona.gob.ve\/index.php\/2025\/09\/16\/decomisan-mas-de-36-toneladas-de-cocaina-provenientes-de-la-guajira-colombiana\/","og_locale":"es_ES","og_type":"article","og_title":"Decomisan m\u00e1s de 3,6 toneladas de coca\u00edna provenientes de la Guajira colombiana - Fondo Nacional Antidrogas","og_description":"El Vicepresidente Sectorial de Pol\u00edtica de Seguridad Ciudadana y Paz, capit\u00e1n Diosdado Cabello Rond\u00f3n, anunci\u00f3 que durante la madrugada de este lunes, fueron detenidas cuatro personas, a quienes se les incautaron 3 mil 680 kilos de coca\u00edna. En este orden de ideas, el tambi\u00e9n ministro del Poder Popular para Relaciones Interiores, Justicia y Paz explic\u00f3 [&hellip;]","og_url":"https:\/\/www.fona.gob.ve\/index.php\/2025\/09\/16\/decomisan-mas-de-36-toneladas-de-cocaina-provenientes-de-la-guajira-colombiana\/","og_site_name":"Fondo Nacional Antidrogas","article_published_time":"2025-09-16T15:47:30+00:00","article_modified_time":"2025-09-16T15:49:01+00:00","og_image":[{"width":800,"height":445,"url":"https:\/\/www.fona.gob.ve\/wp-content\/uploads\/2025\/09\/Ministro-Diosdado-Cabello-PSUV-lunes-15-09-2025-foto-13-800x445-1.jpeg","type":"image\/jpeg"}],"author":"prensa prensa","twitter_card":"summary_large_image","twitter_misc":{"Escrito por":"prensa prensa","Tiempo de lectura":"1 minuto"},"schema":{"@context":"https:\/\/schema.org","@graph":[{"@type":"Article","@id":"https:\/\/www.fona.gob.ve\/index.php\/2025\/09\/16\/decomisan-mas-de-36-toneladas-de-cocaina-provenientes-de-la-guajira-colombiana\/#article","isPartOf":{"@id":"https:\/\/www.fona.gob.ve\/index.php\/2025\/09\/16\/decomisan-mas-de-36-toneladas-de-cocaina-provenientes-de-la-guajira-colombiana\/"},"author":{"name":"prensa prensa","@id":"https:\/\/www.fona.gob.ve\/#\/schema\/person\/887f0d86a3d016ef9df002d3603dd736"},"headline":"Decomisan m\u00e1s de 3,6 toneladas de coca\u00edna provenientes de la Guajira colombiana","datePublished":"2025-09-16T15:47:30+00:00","dateModified":"2025-09-16T15:49:01+00:00","mainEntityOfPage":{"@id":"https:\/\/www.fona.gob.ve\/index.php\/2025\/09\/16\/decomisan-mas-de-36-toneladas-de-cocaina-provenientes-de-la-guajira-colombiana\/"},"wordCount":219,"publisher":{"@id":"https:\/\/www.fona.gob.ve\/#organization"},"image":{"@id":"https:\/\/www.fona.gob.ve\/index.php\/2025\/09\/16\/decomisan-mas-de-36-toneladas-de-cocaina-provenientes-de-la-guajira-colombiana\/#primaryimage"},"thumbnailUrl":"https:\/\/www.fona.gob.ve\/wp-content\/uploads\/2025\/09\/Ministro-Diosdado-Cabello-PSUV-lunes-15-09-2025-foto-13-800x445-1.jpeg","articleSection":["Noticias"],"inLanguage":"es"},{"@type":"WebPage","@id":"https:\/\/www.fona.gob.ve\/index.php\/2025\/09\/16\/decomisan-mas-de-36-toneladas-de-cocaina-provenientes-de-la-guajira-colombiana\/","url":"https:\/\/www.fona.gob.ve\/index.php\/2025\/09\/16\/decomisan-mas-de-36-toneladas-de-cocaina-provenientes-de-la-guajira-colombiana\/","name":"Decomisan m\u00e1s de 3,6 toneladas de coca\u00edna provenientes de la Guajira colombiana - Fondo Nacional Antidrogas","isPartOf":{"@id":"https:\/\/www.fona.gob.ve\/#website"},"primaryImageOfPage":{"@id":"https:\/\/www.fona.gob.ve\/index.php\/2025\/09\/16\/decomisan-mas-de-36-toneladas-de-cocaina-provenientes-de-la-guajira-colombiana\/#primaryimage"},"image":{"@id":"https:\/\/www.fona.gob.ve\/index.php\/2025\/09\/16\/decomisan-mas-de-36-toneladas-de-cocaina-provenientes-de-la-guajira-colombiana\/#primaryimage"},"thumbnailUrl":"https:\/\/www.fona.gob.ve\/wp-content\/uploads\/2025\/09\/Ministro-Diosdado-Cabello-PSUV-lunes-15-09-2025-foto-13-800x445-1.jpeg","datePublished":"2025-09-16T15:47:30+00:00","dateModified":"2025-09-16T15:49:01+00:00","breadcrumb":{"@id":"https:\/\/www.fona.gob.ve\/index.php\/2025\/09\/16\/decomisan-mas-de-36-toneladas-de-cocaina-provenientes-de-la-guajira-colombiana\/#breadcrumb"},"inLanguage":"es","potentialAction":[{"@type":"ReadAction","target":["https:\/\/www.fona.gob.ve\/index.php\/2025\/09\/16\/decomisan-mas-de-36-toneladas-de-cocaina-provenientes-de-la-guajira-colombiana\/"]}]},{"@type":"ImageObject","inLanguage":"es","@id":"https:\/\/www.fona.gob.ve\/index.php\/2025\/09\/16\/decomisan-mas-de-36-toneladas-de-cocaina-provenientes-de-la-guajira-colombiana\/#primaryimage","url":"https:\/\/www.fona.gob.ve\/wp-content\/uploads\/2025\/09\/Ministro-Diosdado-Cabello-PSUV-lunes-15-09-2025-foto-13-800x445-1.jpeg","contentUrl":"https:\/\/www.fona.gob.ve\/wp-content\/uploads\/2025\/09\/Ministro-Diosdado-Cabello-PSUV-lunes-15-09-2025-foto-13-800x445-1.jpeg","width":800,"height":445},{"@type":"BreadcrumbList","@id":"https:\/\/www.fona.gob.ve\/index.php\/2025\/09\/16\/decomisan-mas-de-36-toneladas-de-cocaina-provenientes-de-la-guajira-colombiana\/#breadcrumb","itemListElement":[{"@type":"ListItem","position":1,"name":"Portada","item":"https:\/\/www.fona.gob.ve\/"},{"@type":"ListItem","position":2,"name":"Decomisan m\u00e1s de 3,6 toneladas de coca\u00edna provenientes de la Guajira colombiana"}]},{"@type":"WebSite","@id":"https:\/\/www.fona.gob.ve\/#website","url":"https:\/\/www.fona.gob.ve\/","name":"Fondo Nacional Antidrogas","description":"Conoce las acciones, programas y pol\u00edticas del Fondo Nacional Antidrogas (FONA) orientadas a la prevenci\u00f3n, atenci\u00f3n integral y lucha contra el consumo de drogas en Venezuela. Informaci\u00f3n oficial y actualizada.","publisher":{"@id":"https:\/\/www.fona.gob.ve\/#organization"},"potentialAction":[{"@type":"SearchAction","target":{"@type":"EntryPoint","urlTemplate":"https:\/\/www.fona.gob.ve\/?s={search_term_string}"},"query-input":{"@type":"PropertyValueSpecification","valueRequired":true,"valueName":"search_term_string"}}],"inLanguage":"es"},{"@type":"Organization","@id":"https:\/\/www.fona.gob.ve\/#organization","name":"Fondo Nacional Antidrogas","url":"https:\/\/www.fona.gob.ve\/","logo":{"@type":"ImageObject","inLanguage":"es","@id":"https:\/\/www.fona.gob.ve\/#\/schema\/logo\/image\/","url":"https:\/\/www.fona.gob.ve\/wp-content\/uploads\/2025\/04\/fona.jpeg","contentUrl":"https:\/\/www.fona.gob.ve\/wp-content\/uploads\/2025\/04\/fona.jpeg","width":1200,"height":1200,"caption":"Fondo Nacional Antidrogas"},"image":{"@id":"https:\/\/www.fona.gob.ve\/#\/schema\/logo\/image\/"}},{"@type":"Person","@id":"https:\/\/www.fona.gob.ve\/#\/schema\/person\/887f0d86a3d016ef9df002d3603dd736","name":"prensa prensa","sameAs":["https:\/\/fona.gob.ve"],"url":"https:\/\/www.fona.gob.ve\/index.php\/author\/prensa\/"}]}},"_links":{"self":[{"href":"https:\/\/www.fona.gob.ve\/index.php\/wp-json\/wp\/v2\/posts\/12872","targetHints":{"allow":["GET"]}}],"collection":[{"href":"https:\/\/www.fona.gob.ve\/index.php\/wp-json\/wp\/v2\/posts"}],"about":[{"href":"https:\/\/www.fona.gob.ve\/index.php\/wp-json\/wp\/v2\/types\/post"}],"author":[{"embeddable":true,"href":"https:\/\/www.fona.gob.ve\/index.php\/wp-json\/wp\/v2\/users\/2"}],"replies":[{"embeddable":true,"href":"https:\/\/www.fona.gob.ve\/index.php\/wp-json\/wp\/v2\/comments?post=12872"}],"version-history":[{"count":3,"href":"https:\/\/www.fona.gob.ve\/index.php\/wp-json\/wp\/v2\/posts\/12872\/revisions"}],"predecessor-version":[{"id":12876,"href":"https:\/\/www.fona.gob.ve\/index.php\/wp-json\/wp\/v2\/posts\/12872\/revisions\/12876"}],"wp:featuredmedia":[{"embeddable":true,"href":"https:\/\/www.fona.gob.ve\/index.php\/wp-json\/wp\/v2\/media\/12873"}],"wp:attachment":[{"href":"https:\/\/www.fona.gob.ve\/index.php\/wp-json\/wp\/v2\/media?parent=12872"}],"wp:term":[{"taxonomy":"category","embeddable":true,"href":"https:\/\/www.fona.gob.ve\/index.php\/wp-json\/wp\/v2\/categories?post=12872"},{"taxonomy":"post_tag","embeddable":true,"href":"https:\/\/www.fona.gob.ve\/index.php\/wp-json\/wp\/v2\/tags?post=12872"}],"curies":[{"name":"wp","href":"https:\/\/api.w.org\/{rel}","templated":true}]}}