{"id":12845,"date":"2025-09-03T11:39:24","date_gmt":"2025-09-03T15:39:24","guid":{"rendered":"https:\/\/www.fona.gob.ve\/?p=12845"},"modified":"2025-09-03T11:41:01","modified_gmt":"2025-09-03T15:41:01","slug":"a-un-ano-de-su-gestion-ministro-diosdado-cabello-neutraliza-exitosamente-planes-terroristas-en-venezuela","status":"publish","type":"post","link":"https:\/\/www.fona.gob.ve\/index.php\/2025\/09\/03\/a-un-ano-de-su-gestion-ministro-diosdado-cabello-neutraliza-exitosamente-planes-terroristas-en-venezuela\/","title":{"rendered":"A un a\u00f1o de su gesti\u00f3n | Ministro Diosdado Cabello neutraliza exitosamente planes terroristas en Venezuela"},"content":{"rendered":"\t\t<div data-elementor-type=\"wp-post\" data-elementor-id=\"12845\" class=\"elementor elementor-12845\" data-elementor-post-type=\"post\">\n\t\t\t\t\t\t<section class=\"elementor-section elementor-top-section elementor-element elementor-element-131e60ed elementor-section-boxed elementor-section-height-default elementor-section-height-default\" data-id=\"131e60ed\" data-element_type=\"section\">\n\t\t\t\t\t\t<div class=\"elementor-container elementor-column-gap-default\">\n\t\t\t\t\t<div class=\"elementor-column elementor-col-100 elementor-top-column elementor-element elementor-element-2f10fbcd\" data-id=\"2f10fbcd\" data-element_type=\"column\">\n\t\t\t<div class=\"elementor-widget-wrap elementor-element-populated\">\n\t\t\t\t\t\t<div class=\"elementor-element elementor-element-0a104aa elementor-widget elementor-widget-image\" data-id=\"0a104aa\" data-element_type=\"widget\" data-widget_type=\"image.default\">\n\t\t\t\t<div class=\"elementor-widget-container\">\n\t\t\t\t\t\t\t\t\t\t\t\t\t<img fetchpriority=\"high\" decoding=\"async\" width=\"800\" height=\"445\" src=\"https:\/\/www.fona.gob.ve\/wp-content\/uploads\/2025\/09\/A-un-ano-de-su-gestion-Ministro-Diosdado-Cabello-neutraliza-exitosamente-planes-terroristas-en-Venezuela-4-800x445-1.jpeg\" class=\"attachment-large size-large wp-image-12846\" alt=\"\" srcset=\"https:\/\/www.fona.gob.ve\/wp-content\/uploads\/2025\/09\/A-un-ano-de-su-gestion-Ministro-Diosdado-Cabello-neutraliza-exitosamente-planes-terroristas-en-Venezuela-4-800x445-1.jpeg 800w, https:\/\/www.fona.gob.ve\/wp-content\/uploads\/2025\/09\/A-un-ano-de-su-gestion-Ministro-Diosdado-Cabello-neutraliza-exitosamente-planes-terroristas-en-Venezuela-4-800x445-1-300x167.jpeg 300w, https:\/\/www.fona.gob.ve\/wp-content\/uploads\/2025\/09\/A-un-ano-de-su-gestion-Ministro-Diosdado-Cabello-neutraliza-exitosamente-planes-terroristas-en-Venezuela-4-800x445-1-768x427.jpeg 768w, https:\/\/www.fona.gob.ve\/wp-content\/uploads\/2025\/09\/A-un-ano-de-su-gestion-Ministro-Diosdado-Cabello-neutraliza-exitosamente-planes-terroristas-en-Venezuela-4-800x445-1-480x267.jpeg 480w\" sizes=\"(max-width: 800px) 100vw, 800px\" title=\"A-un-ano-de-su-gestion-Ministro-Diosdado-Cabello-neutraliza-exitosamente-planes-terroristas-en-Venezuela-4-800x445\" \/>\t\t\t\t\t\t\t\t\t\t\t\t\t<\/div>\n\t\t\t\t<\/div>\n\t\t\t\t<div class=\"elementor-element elementor-element-6efe0a0 elementor-widget elementor-widget-text-editor\" data-id=\"6efe0a0\" data-element_type=\"widget\" data-widget_type=\"text-editor.default\">\n\t\t\t\t<div class=\"elementor-widget-container\">\n\t\t\t\t\t\t\t<p>En el a\u00f1o 2024, Venezuela la violencia y el terrorismo se convirtieron en el foco central de la agenda de los grupos de extrema derecha del pa\u00eds. Desde entonces, el Gobierno Bolivariano enfrent\u00f3 una serie de desaf\u00edos relacionados con la desarticulaci\u00f3n de Grupos Estructurados de Delincuencia Organizada (GEDO), atentados a la infraestructura el\u00e9ctrica y explosivos.<\/p><p><span style=\"background-color: initial;\">Desde su designaci\u00f3n como vicepresidente Sectorial de Pol\u00edtica, Seguridad Ciudadana y Paz, y ministro para Relaciones Interiores, Justicia y Paz, el 27 de agosto de 2024, el capit\u00e1n Diosdado Cabello Rond\u00f3n se ha convertido en un l\u00edder contra las amenazas internas y externas que surgen en el pa\u00eds. Su gesti\u00f3n se ha enfocado en desarticular planes subversivos y denunciar atentados contra infraestructuras vitales orquestados por el Gobierno de los Estados Unidos.<\/span><\/p><p><span style=\"background-color: initial;\">Tras la ejecuci\u00f3n de la Perfecta Fusi\u00f3n Popular, Militar y Policial, instruida por el Ejecutivo Nacional; los diversos \u00f3rganos de seguridad ciudadana lograron importantes avances en el territorio nacional en cuanto a la desarticulaci\u00f3n de GEDO.<\/span><\/p><p><span style=\"background-color: initial;\">A lo largo de los meses, se llevaron a cabo m\u00faltiples operativos que resultaron en la captura de l\u00edderes de estas organizaciones y la incautaci\u00f3n de grandes cantidades de armamento y explosivos. Las autoridades informaron que m\u00e1s de 30 grupos fueron desmantelados, lo que se present\u00f3 como un \u00e9xito significativo en la lucha contra el terrorismo.<\/span><\/p><p><span style=\"background-color: initial;\">Durante el primer a\u00f1o de gesti\u00f3n del capit\u00e1n Diosdado Cabello, se han producido numerosos atentados contra el Sistema El\u00e9ctrico Nacional (SEN). Estos actos, que afectaron a diversas regiones del pa\u00eds y causaron interrupciones masivas del servicio, fueron atribuidos a una \u00abguerra el\u00e9ctrica\u00bb.<\/span><\/p><p><strong style=\"background-color: initial;\"><em>La Operaci\u00f3n Rel\u00e1mpago del Catatumbo: un plan desarticulado<\/em><\/strong><\/p><p><span style=\"background-color: initial;\">La Operaci\u00f3n Rel\u00e1mpago del Catatumbo fue presentada como una respuesta contundente a la creciente violencia generada por la actividad guerrillera y el narcotr\u00e1fico en la frontera colombo-venezolana. El objetivo principal de dicha operaci\u00f3n era desmantelar los grupos armados que operaban en la zona con la finalidad de realizar el tr\u00e1fico il\u00edcito de estupefacientes.<\/span><\/p><p><span style=\"background-color: initial;\">En los primeros meses de su gesti\u00f3n, el ministro de Relaciones Interiores, Justicia y Paz, Diosdado Cabello, anunci\u00f3 la desarticulaci\u00f3n de bandas dedicadas al tr\u00e1fico il\u00edcito de psicotr\u00f3picos a trav\u00e9s de la denominada Operaci\u00f3n Rel\u00e1mpago del Catatumbo, acciones que persegu\u00edan por parte de los GEDO un intento de magnicidio contra el presidente de la Rep\u00fablica, Nicol\u00e1s Maduro, y el propio ministro Cabello.<\/span><\/p><p><span style=\"background-color: initial;\">Cabe destacar que el desarrollo de estas acciones terroristas, son impulsados por la oposici\u00f3n y el Gobierno de Estados Unidos, as\u00ed como por los expresidentes de Colombia, \u00c1lvaro Uribe, Juan Manuel Santos, Iv\u00e1n Duque y Andr\u00e9s Pastrana, los cuales pretend\u00edan generar un golpe de Estado y sumergir al pa\u00eds en el caos.<\/span><\/p><p><span style=\"background-color: initial;\">Estas acciones terroristas lograron ser desarticuladas, gracias a las labores de inteligencia de los diversos \u00f3rganos de seguridad ciudadana y la Fuerza Armada Nacional Bolivariana (FANB), lo que permiti\u00f3 la captura de sus cabecillas y, por ende, la incautaci\u00f3n de armamento, drogas, entre otros.<\/span><\/p><p><strong style=\"background-color: initial;\"><em>El terrorismo como arma de desestabilizaci\u00f3n<\/em><\/strong><\/p><p><span style=\"background-color: initial;\">Adem\u00e1s de los ataques el\u00e9ctricos, se han registrado diversos intentos de atentados con explosivos en puntos estrat\u00e9gicos del pa\u00eds. Estos actos, que incluyeron el intento de detonaci\u00f3n de artefactos en espacios p\u00fablicos como hospitales, plazas, sedes institucionales, sistema de transporte subterr\u00e1neo, estaciones de servicio e instituciones petroleras, fueron presentados como parte de una estrategia de terrorismo urbano dise\u00f1ada para sembrar el p\u00e1nico entre los venezolanos.<\/span><\/p><p><span style=\"background-color: initial;\">La respuesta del Gobierno Bolivariano ante estos eventos ha sido intensificar la vigilancia y la seguridad, as\u00ed como iniciar investigaciones que han culminado con la detenci\u00f3n de varios sospechosos.<\/span><\/p><p><span style=\"background-color: initial;\">Tras estos hechos, el Gobierno de Venezuela ha denunciado a la \u00abextrema derecha\u00bb y a los sectores de la oposici\u00f3n nacional e internacional por financiar y orquestar dichos actos terroristas.<\/span><\/p><p><span style=\"background-color: initial;\">El periodo de Diosdado Cabello como ministro ha estado marcado por una lucha constante contra el terrorismo que pretend\u00eda hundir al Estado venezolano en una crisis social y econ\u00f3mica.<\/span><\/p><p><strong style=\"background-color: initial;\">Prensa Mpprijp<\/strong><\/p>\t\t\t\t\t\t<\/div>\n\t\t\t\t<\/div>\n\t\t\t\t\t<\/div>\n\t\t<\/div>\n\t\t\t\t\t<\/div>\n\t\t<\/section>\n\t\t\t\t<\/div>\n\t\t","protected":false},"excerpt":{"rendered":"<p>En el a\u00f1o 2024, Venezuela la violencia y el terrorismo se convirtieron en el foco central de la agenda de los grupos de extrema derecha del pa\u00eds. Desde entonces, el Gobierno Bolivariano enfrent\u00f3 una serie de desaf\u00edos relacionados con la desarticulaci\u00f3n de Grupos Estructurados de Delincuencia Organizada (GEDO), atentados a la infraestructura el\u00e9ctrica y explosivos. [&hellip;]<\/p>\n","protected":false},"author":2,"featured_media":12846,"comment_status":"closed","ping_status":"closed","sticky":false,"template":"","format":"standard","meta":{"footnotes":""},"categories":[58],"tags":[],"class_list":["post-12845","post","type-post","status-publish","format-standard","has-post-thumbnail","hentry","category-noticias"],"yoast_head":"<!-- This site is optimized with the Yoast SEO plugin v26.4 - https:\/\/yoast.com\/wordpress\/plugins\/seo\/ -->\n<title>A un a\u00f1o de su gesti\u00f3n | Ministro Diosdado Cabello neutraliza exitosamente planes terroristas en Venezuela - Fondo Nacional Antidrogas<\/title>\n<meta name=\"robots\" content=\"index, follow, max-snippet:-1, max-image-preview:large, max-video-preview:-1\" \/>\n<link rel=\"canonical\" href=\"https:\/\/www.fona.gob.ve\/index.php\/2025\/09\/03\/a-un-ano-de-su-gestion-ministro-diosdado-cabello-neutraliza-exitosamente-planes-terroristas-en-venezuela\/\" \/>\n<meta property=\"og:locale\" content=\"es_ES\" \/>\n<meta property=\"og:type\" content=\"article\" \/>\n<meta property=\"og:title\" content=\"A un a\u00f1o de su gesti\u00f3n | Ministro Diosdado Cabello neutraliza exitosamente planes terroristas en Venezuela - Fondo Nacional Antidrogas\" \/>\n<meta property=\"og:description\" content=\"En el a\u00f1o 2024, Venezuela la violencia y el terrorismo se convirtieron en el foco central de la agenda de los grupos de extrema derecha del pa\u00eds. Desde entonces, el Gobierno Bolivariano enfrent\u00f3 una serie de desaf\u00edos relacionados con la desarticulaci\u00f3n de Grupos Estructurados de Delincuencia Organizada (GEDO), atentados a la infraestructura el\u00e9ctrica y explosivos. [&hellip;]\" \/>\n<meta property=\"og:url\" content=\"https:\/\/www.fona.gob.ve\/index.php\/2025\/09\/03\/a-un-ano-de-su-gestion-ministro-diosdado-cabello-neutraliza-exitosamente-planes-terroristas-en-venezuela\/\" \/>\n<meta property=\"og:site_name\" content=\"Fondo Nacional Antidrogas\" \/>\n<meta property=\"article:published_time\" content=\"2025-09-03T15:39:24+00:00\" \/>\n<meta property=\"article:modified_time\" content=\"2025-09-03T15:41:01+00:00\" \/>\n<meta property=\"og:image\" content=\"https:\/\/www.fona.gob.ve\/wp-content\/uploads\/2025\/09\/A-un-ano-de-su-gestion-Ministro-Diosdado-Cabello-neutraliza-exitosamente-planes-terroristas-en-Venezuela-4-800x445-1.jpeg\" \/>\n\t<meta property=\"og:image:width\" content=\"800\" \/>\n\t<meta property=\"og:image:height\" content=\"445\" \/>\n\t<meta property=\"og:image:type\" content=\"image\/jpeg\" \/>\n<meta name=\"author\" content=\"prensa prensa\" \/>\n<meta name=\"twitter:card\" content=\"summary_large_image\" \/>\n<meta name=\"twitter:label1\" content=\"Escrito por\" \/>\n\t<meta name=\"twitter:data1\" content=\"prensa prensa\" \/>\n\t<meta name=\"twitter:label2\" content=\"Tiempo de lectura\" \/>\n\t<meta name=\"twitter:data2\" content=\"3 minutos\" \/>\n<script type=\"application\/ld+json\" class=\"yoast-schema-graph\">{\"@context\":\"https:\/\/schema.org\",\"@graph\":[{\"@type\":\"Article\",\"@id\":\"https:\/\/www.fona.gob.ve\/index.php\/2025\/09\/03\/a-un-ano-de-su-gestion-ministro-diosdado-cabello-neutraliza-exitosamente-planes-terroristas-en-venezuela\/#article\",\"isPartOf\":{\"@id\":\"https:\/\/www.fona.gob.ve\/index.php\/2025\/09\/03\/a-un-ano-de-su-gestion-ministro-diosdado-cabello-neutraliza-exitosamente-planes-terroristas-en-venezuela\/\"},\"author\":{\"name\":\"prensa prensa\",\"@id\":\"https:\/\/www.fona.gob.ve\/#\/schema\/person\/887f0d86a3d016ef9df002d3603dd736\"},\"headline\":\"A un a\u00f1o de su gesti\u00f3n | Ministro Diosdado Cabello neutraliza exitosamente planes terroristas en Venezuela\",\"datePublished\":\"2025-09-03T15:39:24+00:00\",\"dateModified\":\"2025-09-03T15:41:01+00:00\",\"mainEntityOfPage\":{\"@id\":\"https:\/\/www.fona.gob.ve\/index.php\/2025\/09\/03\/a-un-ano-de-su-gestion-ministro-diosdado-cabello-neutraliza-exitosamente-planes-terroristas-en-venezuela\/\"},\"wordCount\":717,\"publisher\":{\"@id\":\"https:\/\/www.fona.gob.ve\/#organization\"},\"image\":{\"@id\":\"https:\/\/www.fona.gob.ve\/index.php\/2025\/09\/03\/a-un-ano-de-su-gestion-ministro-diosdado-cabello-neutraliza-exitosamente-planes-terroristas-en-venezuela\/#primaryimage\"},\"thumbnailUrl\":\"https:\/\/www.fona.gob.ve\/wp-content\/uploads\/2025\/09\/A-un-ano-de-su-gestion-Ministro-Diosdado-Cabello-neutraliza-exitosamente-planes-terroristas-en-Venezuela-4-800x445-1.jpeg\",\"articleSection\":[\"Noticias\"],\"inLanguage\":\"es\"},{\"@type\":\"WebPage\",\"@id\":\"https:\/\/www.fona.gob.ve\/index.php\/2025\/09\/03\/a-un-ano-de-su-gestion-ministro-diosdado-cabello-neutraliza-exitosamente-planes-terroristas-en-venezuela\/\",\"url\":\"https:\/\/www.fona.gob.ve\/index.php\/2025\/09\/03\/a-un-ano-de-su-gestion-ministro-diosdado-cabello-neutraliza-exitosamente-planes-terroristas-en-venezuela\/\",\"name\":\"A un a\u00f1o de su gesti\u00f3n | Ministro Diosdado Cabello neutraliza exitosamente planes terroristas en Venezuela - Fondo Nacional Antidrogas\",\"isPartOf\":{\"@id\":\"https:\/\/www.fona.gob.ve\/#website\"},\"primaryImageOfPage\":{\"@id\":\"https:\/\/www.fona.gob.ve\/index.php\/2025\/09\/03\/a-un-ano-de-su-gestion-ministro-diosdado-cabello-neutraliza-exitosamente-planes-terroristas-en-venezuela\/#primaryimage\"},\"image\":{\"@id\":\"https:\/\/www.fona.gob.ve\/index.php\/2025\/09\/03\/a-un-ano-de-su-gestion-ministro-diosdado-cabello-neutraliza-exitosamente-planes-terroristas-en-venezuela\/#primaryimage\"},\"thumbnailUrl\":\"https:\/\/www.fona.gob.ve\/wp-content\/uploads\/2025\/09\/A-un-ano-de-su-gestion-Ministro-Diosdado-Cabello-neutraliza-exitosamente-planes-terroristas-en-Venezuela-4-800x445-1.jpeg\",\"datePublished\":\"2025-09-03T15:39:24+00:00\",\"dateModified\":\"2025-09-03T15:41:01+00:00\",\"breadcrumb\":{\"@id\":\"https:\/\/www.fona.gob.ve\/index.php\/2025\/09\/03\/a-un-ano-de-su-gestion-ministro-diosdado-cabello-neutraliza-exitosamente-planes-terroristas-en-venezuela\/#breadcrumb\"},\"inLanguage\":\"es\",\"potentialAction\":[{\"@type\":\"ReadAction\",\"target\":[\"https:\/\/www.fona.gob.ve\/index.php\/2025\/09\/03\/a-un-ano-de-su-gestion-ministro-diosdado-cabello-neutraliza-exitosamente-planes-terroristas-en-venezuela\/\"]}]},{\"@type\":\"ImageObject\",\"inLanguage\":\"es\",\"@id\":\"https:\/\/www.fona.gob.ve\/index.php\/2025\/09\/03\/a-un-ano-de-su-gestion-ministro-diosdado-cabello-neutraliza-exitosamente-planes-terroristas-en-venezuela\/#primaryimage\",\"url\":\"https:\/\/www.fona.gob.ve\/wp-content\/uploads\/2025\/09\/A-un-ano-de-su-gestion-Ministro-Diosdado-Cabello-neutraliza-exitosamente-planes-terroristas-en-Venezuela-4-800x445-1.jpeg\",\"contentUrl\":\"https:\/\/www.fona.gob.ve\/wp-content\/uploads\/2025\/09\/A-un-ano-de-su-gestion-Ministro-Diosdado-Cabello-neutraliza-exitosamente-planes-terroristas-en-Venezuela-4-800x445-1.jpeg\",\"width\":800,\"height\":445},{\"@type\":\"BreadcrumbList\",\"@id\":\"https:\/\/www.fona.gob.ve\/index.php\/2025\/09\/03\/a-un-ano-de-su-gestion-ministro-diosdado-cabello-neutraliza-exitosamente-planes-terroristas-en-venezuela\/#breadcrumb\",\"itemListElement\":[{\"@type\":\"ListItem\",\"position\":1,\"name\":\"Portada\",\"item\":\"https:\/\/www.fona.gob.ve\/\"},{\"@type\":\"ListItem\",\"position\":2,\"name\":\"A un a\u00f1o de su gesti\u00f3n | Ministro Diosdado Cabello neutraliza exitosamente planes terroristas en Venezuela\"}]},{\"@type\":\"WebSite\",\"@id\":\"https:\/\/www.fona.gob.ve\/#website\",\"url\":\"https:\/\/www.fona.gob.ve\/\",\"name\":\"Fondo Nacional Antidrogas\",\"description\":\"Conoce las acciones, programas y pol\u00edticas del Fondo Nacional Antidrogas (FONA) orientadas a la prevenci\u00f3n, atenci\u00f3n integral y lucha contra el consumo de drogas en Venezuela. Informaci\u00f3n oficial y actualizada.\",\"publisher\":{\"@id\":\"https:\/\/www.fona.gob.ve\/#organization\"},\"potentialAction\":[{\"@type\":\"SearchAction\",\"target\":{\"@type\":\"EntryPoint\",\"urlTemplate\":\"https:\/\/www.fona.gob.ve\/?s={search_term_string}\"},\"query-input\":{\"@type\":\"PropertyValueSpecification\",\"valueRequired\":true,\"valueName\":\"search_term_string\"}}],\"inLanguage\":\"es\"},{\"@type\":\"Organization\",\"@id\":\"https:\/\/www.fona.gob.ve\/#organization\",\"name\":\"Fondo Nacional Antidrogas\",\"url\":\"https:\/\/www.fona.gob.ve\/\",\"logo\":{\"@type\":\"ImageObject\",\"inLanguage\":\"es\",\"@id\":\"https:\/\/www.fona.gob.ve\/#\/schema\/logo\/image\/\",\"url\":\"https:\/\/www.fona.gob.ve\/wp-content\/uploads\/2025\/04\/fona.jpeg\",\"contentUrl\":\"https:\/\/www.fona.gob.ve\/wp-content\/uploads\/2025\/04\/fona.jpeg\",\"width\":1200,\"height\":1200,\"caption\":\"Fondo Nacional Antidrogas\"},\"image\":{\"@id\":\"https:\/\/www.fona.gob.ve\/#\/schema\/logo\/image\/\"}},{\"@type\":\"Person\",\"@id\":\"https:\/\/www.fona.gob.ve\/#\/schema\/person\/887f0d86a3d016ef9df002d3603dd736\",\"name\":\"prensa prensa\",\"sameAs\":[\"https:\/\/fona.gob.ve\"],\"url\":\"https:\/\/www.fona.gob.ve\/index.php\/author\/prensa\/\"}]}<\/script>\n<!-- \/ Yoast SEO plugin. -->","yoast_head_json":{"title":"A un a\u00f1o de su gesti\u00f3n | Ministro Diosdado Cabello neutraliza exitosamente planes terroristas en Venezuela - Fondo Nacional Antidrogas","robots":{"index":"index","follow":"follow","max-snippet":"max-snippet:-1","max-image-preview":"max-image-preview:large","max-video-preview":"max-video-preview:-1"},"canonical":"https:\/\/www.fona.gob.ve\/index.php\/2025\/09\/03\/a-un-ano-de-su-gestion-ministro-diosdado-cabello-neutraliza-exitosamente-planes-terroristas-en-venezuela\/","og_locale":"es_ES","og_type":"article","og_title":"A un a\u00f1o de su gesti\u00f3n | Ministro Diosdado Cabello neutraliza exitosamente planes terroristas en Venezuela - Fondo Nacional Antidrogas","og_description":"En el a\u00f1o 2024, Venezuela la violencia y el terrorismo se convirtieron en el foco central de la agenda de los grupos de extrema derecha del pa\u00eds. Desde entonces, el Gobierno Bolivariano enfrent\u00f3 una serie de desaf\u00edos relacionados con la desarticulaci\u00f3n de Grupos Estructurados de Delincuencia Organizada (GEDO), atentados a la infraestructura el\u00e9ctrica y explosivos. [&hellip;]","og_url":"https:\/\/www.fona.gob.ve\/index.php\/2025\/09\/03\/a-un-ano-de-su-gestion-ministro-diosdado-cabello-neutraliza-exitosamente-planes-terroristas-en-venezuela\/","og_site_name":"Fondo Nacional Antidrogas","article_published_time":"2025-09-03T15:39:24+00:00","article_modified_time":"2025-09-03T15:41:01+00:00","og_image":[{"width":800,"height":445,"url":"https:\/\/www.fona.gob.ve\/wp-content\/uploads\/2025\/09\/A-un-ano-de-su-gestion-Ministro-Diosdado-Cabello-neutraliza-exitosamente-planes-terroristas-en-Venezuela-4-800x445-1.jpeg","type":"image\/jpeg"}],"author":"prensa prensa","twitter_card":"summary_large_image","twitter_misc":{"Escrito por":"prensa prensa","Tiempo de lectura":"3 minutos"},"schema":{"@context":"https:\/\/schema.org","@graph":[{"@type":"Article","@id":"https:\/\/www.fona.gob.ve\/index.php\/2025\/09\/03\/a-un-ano-de-su-gestion-ministro-diosdado-cabello-neutraliza-exitosamente-planes-terroristas-en-venezuela\/#article","isPartOf":{"@id":"https:\/\/www.fona.gob.ve\/index.php\/2025\/09\/03\/a-un-ano-de-su-gestion-ministro-diosdado-cabello-neutraliza-exitosamente-planes-terroristas-en-venezuela\/"},"author":{"name":"prensa prensa","@id":"https:\/\/www.fona.gob.ve\/#\/schema\/person\/887f0d86a3d016ef9df002d3603dd736"},"headline":"A un a\u00f1o de su gesti\u00f3n | Ministro Diosdado Cabello neutraliza exitosamente planes terroristas en Venezuela","datePublished":"2025-09-03T15:39:24+00:00","dateModified":"2025-09-03T15:41:01+00:00","mainEntityOfPage":{"@id":"https:\/\/www.fona.gob.ve\/index.php\/2025\/09\/03\/a-un-ano-de-su-gestion-ministro-diosdado-cabello-neutraliza-exitosamente-planes-terroristas-en-venezuela\/"},"wordCount":717,"publisher":{"@id":"https:\/\/www.fona.gob.ve\/#organization"},"image":{"@id":"https:\/\/www.fona.gob.ve\/index.php\/2025\/09\/03\/a-un-ano-de-su-gestion-ministro-diosdado-cabello-neutraliza-exitosamente-planes-terroristas-en-venezuela\/#primaryimage"},"thumbnailUrl":"https:\/\/www.fona.gob.ve\/wp-content\/uploads\/2025\/09\/A-un-ano-de-su-gestion-Ministro-Diosdado-Cabello-neutraliza-exitosamente-planes-terroristas-en-Venezuela-4-800x445-1.jpeg","articleSection":["Noticias"],"inLanguage":"es"},{"@type":"WebPage","@id":"https:\/\/www.fona.gob.ve\/index.php\/2025\/09\/03\/a-un-ano-de-su-gestion-ministro-diosdado-cabello-neutraliza-exitosamente-planes-terroristas-en-venezuela\/","url":"https:\/\/www.fona.gob.ve\/index.php\/2025\/09\/03\/a-un-ano-de-su-gestion-ministro-diosdado-cabello-neutraliza-exitosamente-planes-terroristas-en-venezuela\/","name":"A un a\u00f1o de su gesti\u00f3n | Ministro Diosdado Cabello neutraliza exitosamente planes terroristas en Venezuela - Fondo Nacional Antidrogas","isPartOf":{"@id":"https:\/\/www.fona.gob.ve\/#website"},"primaryImageOfPage":{"@id":"https:\/\/www.fona.gob.ve\/index.php\/2025\/09\/03\/a-un-ano-de-su-gestion-ministro-diosdado-cabello-neutraliza-exitosamente-planes-terroristas-en-venezuela\/#primaryimage"},"image":{"@id":"https:\/\/www.fona.gob.ve\/index.php\/2025\/09\/03\/a-un-ano-de-su-gestion-ministro-diosdado-cabello-neutraliza-exitosamente-planes-terroristas-en-venezuela\/#primaryimage"},"thumbnailUrl":"https:\/\/www.fona.gob.ve\/wp-content\/uploads\/2025\/09\/A-un-ano-de-su-gestion-Ministro-Diosdado-Cabello-neutraliza-exitosamente-planes-terroristas-en-Venezuela-4-800x445-1.jpeg","datePublished":"2025-09-03T15:39:24+00:00","dateModified":"2025-09-03T15:41:01+00:00","breadcrumb":{"@id":"https:\/\/www.fona.gob.ve\/index.php\/2025\/09\/03\/a-un-ano-de-su-gestion-ministro-diosdado-cabello-neutraliza-exitosamente-planes-terroristas-en-venezuela\/#breadcrumb"},"inLanguage":"es","potentialAction":[{"@type":"ReadAction","target":["https:\/\/www.fona.gob.ve\/index.php\/2025\/09\/03\/a-un-ano-de-su-gestion-ministro-diosdado-cabello-neutraliza-exitosamente-planes-terroristas-en-venezuela\/"]}]},{"@type":"ImageObject","inLanguage":"es","@id":"https:\/\/www.fona.gob.ve\/index.php\/2025\/09\/03\/a-un-ano-de-su-gestion-ministro-diosdado-cabello-neutraliza-exitosamente-planes-terroristas-en-venezuela\/#primaryimage","url":"https:\/\/www.fona.gob.ve\/wp-content\/uploads\/2025\/09\/A-un-ano-de-su-gestion-Ministro-Diosdado-Cabello-neutraliza-exitosamente-planes-terroristas-en-Venezuela-4-800x445-1.jpeg","contentUrl":"https:\/\/www.fona.gob.ve\/wp-content\/uploads\/2025\/09\/A-un-ano-de-su-gestion-Ministro-Diosdado-Cabello-neutraliza-exitosamente-planes-terroristas-en-Venezuela-4-800x445-1.jpeg","width":800,"height":445},{"@type":"BreadcrumbList","@id":"https:\/\/www.fona.gob.ve\/index.php\/2025\/09\/03\/a-un-ano-de-su-gestion-ministro-diosdado-cabello-neutraliza-exitosamente-planes-terroristas-en-venezuela\/#breadcrumb","itemListElement":[{"@type":"ListItem","position":1,"name":"Portada","item":"https:\/\/www.fona.gob.ve\/"},{"@type":"ListItem","position":2,"name":"A un a\u00f1o de su gesti\u00f3n | Ministro Diosdado Cabello neutraliza exitosamente planes terroristas en Venezuela"}]},{"@type":"WebSite","@id":"https:\/\/www.fona.gob.ve\/#website","url":"https:\/\/www.fona.gob.ve\/","name":"Fondo Nacional Antidrogas","description":"Conoce las acciones, programas y pol\u00edticas del Fondo Nacional Antidrogas (FONA) orientadas a la prevenci\u00f3n, atenci\u00f3n integral y lucha contra el consumo de drogas en Venezuela. Informaci\u00f3n oficial y actualizada.","publisher":{"@id":"https:\/\/www.fona.gob.ve\/#organization"},"potentialAction":[{"@type":"SearchAction","target":{"@type":"EntryPoint","urlTemplate":"https:\/\/www.fona.gob.ve\/?s={search_term_string}"},"query-input":{"@type":"PropertyValueSpecification","valueRequired":true,"valueName":"search_term_string"}}],"inLanguage":"es"},{"@type":"Organization","@id":"https:\/\/www.fona.gob.ve\/#organization","name":"Fondo Nacional Antidrogas","url":"https:\/\/www.fona.gob.ve\/","logo":{"@type":"ImageObject","inLanguage":"es","@id":"https:\/\/www.fona.gob.ve\/#\/schema\/logo\/image\/","url":"https:\/\/www.fona.gob.ve\/wp-content\/uploads\/2025\/04\/fona.jpeg","contentUrl":"https:\/\/www.fona.gob.ve\/wp-content\/uploads\/2025\/04\/fona.jpeg","width":1200,"height":1200,"caption":"Fondo Nacional Antidrogas"},"image":{"@id":"https:\/\/www.fona.gob.ve\/#\/schema\/logo\/image\/"}},{"@type":"Person","@id":"https:\/\/www.fona.gob.ve\/#\/schema\/person\/887f0d86a3d016ef9df002d3603dd736","name":"prensa prensa","sameAs":["https:\/\/fona.gob.ve"],"url":"https:\/\/www.fona.gob.ve\/index.php\/author\/prensa\/"}]}},"_links":{"self":[{"href":"https:\/\/www.fona.gob.ve\/index.php\/wp-json\/wp\/v2\/posts\/12845","targetHints":{"allow":["GET"]}}],"collection":[{"href":"https:\/\/www.fona.gob.ve\/index.php\/wp-json\/wp\/v2\/posts"}],"about":[{"href":"https:\/\/www.fona.gob.ve\/index.php\/wp-json\/wp\/v2\/types\/post"}],"author":[{"embeddable":true,"href":"https:\/\/www.fona.gob.ve\/index.php\/wp-json\/wp\/v2\/users\/2"}],"replies":[{"embeddable":true,"href":"https:\/\/www.fona.gob.ve\/index.php\/wp-json\/wp\/v2\/comments?post=12845"}],"version-history":[{"count":3,"href":"https:\/\/www.fona.gob.ve\/index.php\/wp-json\/wp\/v2\/posts\/12845\/revisions"}],"predecessor-version":[{"id":12849,"href":"https:\/\/www.fona.gob.ve\/index.php\/wp-json\/wp\/v2\/posts\/12845\/revisions\/12849"}],"wp:featuredmedia":[{"embeddable":true,"href":"https:\/\/www.fona.gob.ve\/index.php\/wp-json\/wp\/v2\/media\/12846"}],"wp:attachment":[{"href":"https:\/\/www.fona.gob.ve\/index.php\/wp-json\/wp\/v2\/media?parent=12845"}],"wp:term":[{"taxonomy":"category","embeddable":true,"href":"https:\/\/www.fona.gob.ve\/index.php\/wp-json\/wp\/v2\/categories?post=12845"},{"taxonomy":"post_tag","embeddable":true,"href":"https:\/\/www.fona.gob.ve\/index.php\/wp-json\/wp\/v2\/tags?post=12845"}],"curies":[{"name":"wp","href":"https:\/\/api.w.org\/{rel}","templated":true}]}}