{"id":12817,"date":"2025-08-15T11:59:53","date_gmt":"2025-08-15T15:59:53","guid":{"rendered":"https:\/\/www.fona.gob.ve\/?p=12817"},"modified":"2025-08-15T12:02:10","modified_gmt":"2025-08-15T16:02:10","slug":"autoridades-del-gobierno-bolivariano-incautan-arsenal-en-el-estado-anzoategui","status":"publish","type":"post","link":"https:\/\/www.fona.gob.ve\/index.php\/2025\/08\/15\/autoridades-del-gobierno-bolivariano-incautan-arsenal-en-el-estado-anzoategui\/","title":{"rendered":"Autoridades del Gobierno Bolivariano incautan arsenal en el estado Anzo\u00e1tegui"},"content":{"rendered":"\t\t<div data-elementor-type=\"wp-post\" data-elementor-id=\"12817\" class=\"elementor elementor-12817\" data-elementor-post-type=\"post\">\n\t\t\t\t\t\t<section class=\"elementor-section elementor-top-section elementor-element elementor-element-2aa54aaf elementor-section-boxed elementor-section-height-default elementor-section-height-default\" data-id=\"2aa54aaf\" data-element_type=\"section\">\n\t\t\t\t\t\t<div class=\"elementor-container elementor-column-gap-default\">\n\t\t\t\t\t<div class=\"elementor-column elementor-col-100 elementor-top-column elementor-element elementor-element-31ef388f\" data-id=\"31ef388f\" data-element_type=\"column\">\n\t\t\t<div class=\"elementor-widget-wrap elementor-element-populated\">\n\t\t\t\t\t\t<div class=\"elementor-element elementor-element-bf7f4d9 elementor-widget elementor-widget-image\" data-id=\"bf7f4d9\" data-element_type=\"widget\" data-widget_type=\"image.default\">\n\t\t\t\t<div class=\"elementor-widget-container\">\n\t\t\t\t\t\t\t\t\t\t\t\t\t<img fetchpriority=\"high\" decoding=\"async\" width=\"800\" height=\"445\" src=\"https:\/\/www.fona.gob.ve\/wp-content\/uploads\/2025\/08\/WhatsApp-Image-2025-08-14-at-12.44.50-PM-800x445-1.jpeg\" class=\"attachment-large size-large wp-image-12818\" alt=\"\" srcset=\"https:\/\/www.fona.gob.ve\/wp-content\/uploads\/2025\/08\/WhatsApp-Image-2025-08-14-at-12.44.50-PM-800x445-1.jpeg 800w, https:\/\/www.fona.gob.ve\/wp-content\/uploads\/2025\/08\/WhatsApp-Image-2025-08-14-at-12.44.50-PM-800x445-1-300x167.jpeg 300w, https:\/\/www.fona.gob.ve\/wp-content\/uploads\/2025\/08\/WhatsApp-Image-2025-08-14-at-12.44.50-PM-800x445-1-768x427.jpeg 768w, https:\/\/www.fona.gob.ve\/wp-content\/uploads\/2025\/08\/WhatsApp-Image-2025-08-14-at-12.44.50-PM-800x445-1-480x267.jpeg 480w\" sizes=\"(max-width: 800px) 100vw, 800px\" title=\"WhatsApp-Image-2025-08-14-at-12.44.50-PM-800x445\" \/>\t\t\t\t\t\t\t\t\t\t\t\t\t<\/div>\n\t\t\t\t<\/div>\n\t\t\t\t<div class=\"elementor-element elementor-element-6a98f3eb elementor-widget elementor-widget-text-editor\" data-id=\"6a98f3eb\" data-element_type=\"widget\" data-widget_type=\"text-editor.default\">\n\t\t\t\t<div class=\"elementor-widget-container\">\n\t\t\t\t\t\t\t<p>El Vicepresidente Sectorial de Pol\u00edtica de Seguridad Ciudadana y Paz, capit\u00e1n Diosdado Cabello Rond\u00f3n, inform\u00f3 que en un galp\u00f3n ubicado en el estado Anzo\u00e1tegui se incaut\u00f3 un arsenal de diferentes tipos de explosivos que ser\u00edan utilizados para acciones terroristas por sectores de la extrema derecha.<\/p><p><span style=\"background-color: initial;\">El tambi\u00e9n Ministro del Poder Popular para Relaciones Interiores, Justicia y Paz explic\u00f3 que en esta ocasi\u00f3n se hallaron m\u00e1s de 200 cargas huecas para detonar granadas antitanque, detonadores no el\u00e9ctricos, detonadores el\u00e9ctricos de distintos tipos, encendedores primarios y detonadores de contacto. Adem\u00e1s, se encontraron cajas de detonadores el\u00e9ctricos para detonar a distancia mediante el pulso el\u00e9ctrico con un tel\u00e9fono anal\u00f3gico, lo que representa una carga explosiva de alt\u00edsimo poder.<\/span><\/p><p><span style=\"background-color: initial;\">\u201cNinguna empresa petrolera puede tener m\u00e1s de 50 kilogramos de explosivos; quien tenga m\u00e1s de 50 kilogramos de explosivos ya es catalogado como sospechoso. Las empresas petroleras saben que no pueden tener bajo ninguna circunstancia en su poder m\u00e1s de 50 kilogramos de explosivos. Saben que, bajo ninguna circunstancia, pueden tener m\u00e1s de 100 detonadores el\u00e9ctricos\u201d, alert\u00f3 Cabello Rond\u00f3n, quien advirti\u00f3 que la onda explosiva de este arsenal es de un kil\u00f3metro, por lo que se pueden determinar las malas intenciones de quien posea dicha cantidad de explosivos.<\/span><\/p><p><span style=\"background-color: initial;\">\u201cTodo explosivo mal almacenado puede producir una chispa\u201d, resalt\u00f3 Cabello Rond\u00f3n, quien aclar\u00f3 que entre los \u00f3rganos de seguridad no se presume nada t\u00e9cnico del arsenal incautado, sino que se alertan en torno a los ataques terroristas que se intentan llevar a cabo contra la patria.<\/span><\/p><p><span style=\"background-color: initial;\">De igual manera, la m\u00e1xima autoridad de la Vicepresidencia Sectorial de Pol\u00edtica de Seguridad Ciudadana y Paz, capit\u00e1n Diosdado Cabello Rond\u00f3n, denunci\u00f3 que los sectores de la extrema derecha, los cuales est\u00e1n bajo las \u00f3rdenes de Iv\u00e1n Simonovis y Mar\u00eda Corina Machado, tienen la intenci\u00f3n de cometer actos de violencia contra hospitales, servicios p\u00fablicos, tales como las unidades de transporte masivo, sitios recreativos, adem\u00e1s de instalaciones petroleras, de suministro de agua potable y de energ\u00eda el\u00e9ctrica.<\/span><\/p><p><strong style=\"background-color: initial;\">\u00a0<\/strong><\/p><p><strong style=\"background-color: initial;\">Prensa Mpprijp<\/strong><\/p>\t\t\t\t\t\t<\/div>\n\t\t\t\t<\/div>\n\t\t\t\t\t<\/div>\n\t\t<\/div>\n\t\t\t\t\t<\/div>\n\t\t<\/section>\n\t\t\t\t<\/div>\n\t\t","protected":false},"excerpt":{"rendered":"<p>El Vicepresidente Sectorial de Pol\u00edtica de Seguridad Ciudadana y Paz, capit\u00e1n Diosdado Cabello Rond\u00f3n, inform\u00f3 que en un galp\u00f3n ubicado en el estado Anzo\u00e1tegui se incaut\u00f3 un arsenal de diferentes tipos de explosivos que ser\u00edan utilizados para acciones terroristas por sectores de la extrema derecha. El tambi\u00e9n Ministro del Poder Popular para Relaciones Interiores, Justicia [&hellip;]<\/p>\n","protected":false},"author":2,"featured_media":12818,"comment_status":"closed","ping_status":"closed","sticky":false,"template":"","format":"standard","meta":{"footnotes":""},"categories":[58],"tags":[],"class_list":["post-12817","post","type-post","status-publish","format-standard","has-post-thumbnail","hentry","category-noticias"],"yoast_head":"<!-- This site is optimized with the Yoast SEO plugin v26.4 - https:\/\/yoast.com\/wordpress\/plugins\/seo\/ -->\n<title>Autoridades del Gobierno Bolivariano incautan arsenal en el estado Anzo\u00e1tegui - Fondo Nacional Antidrogas<\/title>\n<meta name=\"robots\" content=\"index, follow, max-snippet:-1, max-image-preview:large, max-video-preview:-1\" \/>\n<link rel=\"canonical\" href=\"https:\/\/www.fona.gob.ve\/index.php\/2025\/08\/15\/autoridades-del-gobierno-bolivariano-incautan-arsenal-en-el-estado-anzoategui\/\" \/>\n<meta property=\"og:locale\" content=\"es_ES\" \/>\n<meta property=\"og:type\" content=\"article\" \/>\n<meta property=\"og:title\" content=\"Autoridades del Gobierno Bolivariano incautan arsenal en el estado Anzo\u00e1tegui - Fondo Nacional Antidrogas\" \/>\n<meta property=\"og:description\" content=\"El Vicepresidente Sectorial de Pol\u00edtica de Seguridad Ciudadana y Paz, capit\u00e1n Diosdado Cabello Rond\u00f3n, inform\u00f3 que en un galp\u00f3n ubicado en el estado Anzo\u00e1tegui se incaut\u00f3 un arsenal de diferentes tipos de explosivos que ser\u00edan utilizados para acciones terroristas por sectores de la extrema derecha. El tambi\u00e9n Ministro del Poder Popular para Relaciones Interiores, Justicia [&hellip;]\" \/>\n<meta property=\"og:url\" content=\"https:\/\/www.fona.gob.ve\/index.php\/2025\/08\/15\/autoridades-del-gobierno-bolivariano-incautan-arsenal-en-el-estado-anzoategui\/\" \/>\n<meta property=\"og:site_name\" content=\"Fondo Nacional Antidrogas\" \/>\n<meta property=\"article:published_time\" content=\"2025-08-15T15:59:53+00:00\" \/>\n<meta property=\"article:modified_time\" content=\"2025-08-15T16:02:10+00:00\" \/>\n<meta property=\"og:image\" content=\"https:\/\/www.fona.gob.ve\/wp-content\/uploads\/2025\/08\/WhatsApp-Image-2025-08-14-at-12.44.50-PM-800x445-1.jpeg\" \/>\n\t<meta property=\"og:image:width\" content=\"800\" \/>\n\t<meta property=\"og:image:height\" content=\"445\" \/>\n\t<meta property=\"og:image:type\" content=\"image\/jpeg\" \/>\n<meta name=\"author\" content=\"prensa prensa\" \/>\n<meta name=\"twitter:card\" content=\"summary_large_image\" \/>\n<meta name=\"twitter:label1\" content=\"Escrito por\" \/>\n\t<meta name=\"twitter:data1\" content=\"prensa prensa\" \/>\n\t<meta name=\"twitter:label2\" content=\"Tiempo de lectura\" \/>\n\t<meta name=\"twitter:data2\" content=\"2 minutos\" \/>\n<script type=\"application\/ld+json\" class=\"yoast-schema-graph\">{\"@context\":\"https:\/\/schema.org\",\"@graph\":[{\"@type\":\"Article\",\"@id\":\"https:\/\/www.fona.gob.ve\/index.php\/2025\/08\/15\/autoridades-del-gobierno-bolivariano-incautan-arsenal-en-el-estado-anzoategui\/#article\",\"isPartOf\":{\"@id\":\"https:\/\/www.fona.gob.ve\/index.php\/2025\/08\/15\/autoridades-del-gobierno-bolivariano-incautan-arsenal-en-el-estado-anzoategui\/\"},\"author\":{\"name\":\"prensa prensa\",\"@id\":\"https:\/\/www.fona.gob.ve\/#\/schema\/person\/887f0d86a3d016ef9df002d3603dd736\"},\"headline\":\"Autoridades del Gobierno Bolivariano incautan arsenal en el estado Anzo\u00e1tegui\",\"datePublished\":\"2025-08-15T15:59:53+00:00\",\"dateModified\":\"2025-08-15T16:02:10+00:00\",\"mainEntityOfPage\":{\"@id\":\"https:\/\/www.fona.gob.ve\/index.php\/2025\/08\/15\/autoridades-del-gobierno-bolivariano-incautan-arsenal-en-el-estado-anzoategui\/\"},\"wordCount\":371,\"publisher\":{\"@id\":\"https:\/\/www.fona.gob.ve\/#organization\"},\"image\":{\"@id\":\"https:\/\/www.fona.gob.ve\/index.php\/2025\/08\/15\/autoridades-del-gobierno-bolivariano-incautan-arsenal-en-el-estado-anzoategui\/#primaryimage\"},\"thumbnailUrl\":\"https:\/\/www.fona.gob.ve\/wp-content\/uploads\/2025\/08\/WhatsApp-Image-2025-08-14-at-12.44.50-PM-800x445-1.jpeg\",\"articleSection\":[\"Noticias\"],\"inLanguage\":\"es\"},{\"@type\":\"WebPage\",\"@id\":\"https:\/\/www.fona.gob.ve\/index.php\/2025\/08\/15\/autoridades-del-gobierno-bolivariano-incautan-arsenal-en-el-estado-anzoategui\/\",\"url\":\"https:\/\/www.fona.gob.ve\/index.php\/2025\/08\/15\/autoridades-del-gobierno-bolivariano-incautan-arsenal-en-el-estado-anzoategui\/\",\"name\":\"Autoridades del Gobierno Bolivariano incautan arsenal en el estado Anzo\u00e1tegui - Fondo Nacional Antidrogas\",\"isPartOf\":{\"@id\":\"https:\/\/www.fona.gob.ve\/#website\"},\"primaryImageOfPage\":{\"@id\":\"https:\/\/www.fona.gob.ve\/index.php\/2025\/08\/15\/autoridades-del-gobierno-bolivariano-incautan-arsenal-en-el-estado-anzoategui\/#primaryimage\"},\"image\":{\"@id\":\"https:\/\/www.fona.gob.ve\/index.php\/2025\/08\/15\/autoridades-del-gobierno-bolivariano-incautan-arsenal-en-el-estado-anzoategui\/#primaryimage\"},\"thumbnailUrl\":\"https:\/\/www.fona.gob.ve\/wp-content\/uploads\/2025\/08\/WhatsApp-Image-2025-08-14-at-12.44.50-PM-800x445-1.jpeg\",\"datePublished\":\"2025-08-15T15:59:53+00:00\",\"dateModified\":\"2025-08-15T16:02:10+00:00\",\"breadcrumb\":{\"@id\":\"https:\/\/www.fona.gob.ve\/index.php\/2025\/08\/15\/autoridades-del-gobierno-bolivariano-incautan-arsenal-en-el-estado-anzoategui\/#breadcrumb\"},\"inLanguage\":\"es\",\"potentialAction\":[{\"@type\":\"ReadAction\",\"target\":[\"https:\/\/www.fona.gob.ve\/index.php\/2025\/08\/15\/autoridades-del-gobierno-bolivariano-incautan-arsenal-en-el-estado-anzoategui\/\"]}]},{\"@type\":\"ImageObject\",\"inLanguage\":\"es\",\"@id\":\"https:\/\/www.fona.gob.ve\/index.php\/2025\/08\/15\/autoridades-del-gobierno-bolivariano-incautan-arsenal-en-el-estado-anzoategui\/#primaryimage\",\"url\":\"https:\/\/www.fona.gob.ve\/wp-content\/uploads\/2025\/08\/WhatsApp-Image-2025-08-14-at-12.44.50-PM-800x445-1.jpeg\",\"contentUrl\":\"https:\/\/www.fona.gob.ve\/wp-content\/uploads\/2025\/08\/WhatsApp-Image-2025-08-14-at-12.44.50-PM-800x445-1.jpeg\",\"width\":800,\"height\":445},{\"@type\":\"BreadcrumbList\",\"@id\":\"https:\/\/www.fona.gob.ve\/index.php\/2025\/08\/15\/autoridades-del-gobierno-bolivariano-incautan-arsenal-en-el-estado-anzoategui\/#breadcrumb\",\"itemListElement\":[{\"@type\":\"ListItem\",\"position\":1,\"name\":\"Portada\",\"item\":\"https:\/\/www.fona.gob.ve\/\"},{\"@type\":\"ListItem\",\"position\":2,\"name\":\"Autoridades del Gobierno Bolivariano incautan arsenal en el estado Anzo\u00e1tegui\"}]},{\"@type\":\"WebSite\",\"@id\":\"https:\/\/www.fona.gob.ve\/#website\",\"url\":\"https:\/\/www.fona.gob.ve\/\",\"name\":\"Fondo Nacional Antidrogas\",\"description\":\"Conoce las acciones, programas y pol\u00edticas del Fondo Nacional Antidrogas (FONA) orientadas a la prevenci\u00f3n, atenci\u00f3n integral y lucha contra el consumo de drogas en Venezuela. Informaci\u00f3n oficial y actualizada.\",\"publisher\":{\"@id\":\"https:\/\/www.fona.gob.ve\/#organization\"},\"potentialAction\":[{\"@type\":\"SearchAction\",\"target\":{\"@type\":\"EntryPoint\",\"urlTemplate\":\"https:\/\/www.fona.gob.ve\/?s={search_term_string}\"},\"query-input\":{\"@type\":\"PropertyValueSpecification\",\"valueRequired\":true,\"valueName\":\"search_term_string\"}}],\"inLanguage\":\"es\"},{\"@type\":\"Organization\",\"@id\":\"https:\/\/www.fona.gob.ve\/#organization\",\"name\":\"Fondo Nacional Antidrogas\",\"url\":\"https:\/\/www.fona.gob.ve\/\",\"logo\":{\"@type\":\"ImageObject\",\"inLanguage\":\"es\",\"@id\":\"https:\/\/www.fona.gob.ve\/#\/schema\/logo\/image\/\",\"url\":\"https:\/\/www.fona.gob.ve\/wp-content\/uploads\/2025\/04\/fona.jpeg\",\"contentUrl\":\"https:\/\/www.fona.gob.ve\/wp-content\/uploads\/2025\/04\/fona.jpeg\",\"width\":1200,\"height\":1200,\"caption\":\"Fondo Nacional Antidrogas\"},\"image\":{\"@id\":\"https:\/\/www.fona.gob.ve\/#\/schema\/logo\/image\/\"}},{\"@type\":\"Person\",\"@id\":\"https:\/\/www.fona.gob.ve\/#\/schema\/person\/887f0d86a3d016ef9df002d3603dd736\",\"name\":\"prensa prensa\",\"sameAs\":[\"https:\/\/fona.gob.ve\"],\"url\":\"https:\/\/www.fona.gob.ve\/index.php\/author\/prensa\/\"}]}<\/script>\n<!-- \/ Yoast SEO plugin. -->","yoast_head_json":{"title":"Autoridades del Gobierno Bolivariano incautan arsenal en el estado Anzo\u00e1tegui - Fondo Nacional Antidrogas","robots":{"index":"index","follow":"follow","max-snippet":"max-snippet:-1","max-image-preview":"max-image-preview:large","max-video-preview":"max-video-preview:-1"},"canonical":"https:\/\/www.fona.gob.ve\/index.php\/2025\/08\/15\/autoridades-del-gobierno-bolivariano-incautan-arsenal-en-el-estado-anzoategui\/","og_locale":"es_ES","og_type":"article","og_title":"Autoridades del Gobierno Bolivariano incautan arsenal en el estado Anzo\u00e1tegui - Fondo Nacional Antidrogas","og_description":"El Vicepresidente Sectorial de Pol\u00edtica de Seguridad Ciudadana y Paz, capit\u00e1n Diosdado Cabello Rond\u00f3n, inform\u00f3 que en un galp\u00f3n ubicado en el estado Anzo\u00e1tegui se incaut\u00f3 un arsenal de diferentes tipos de explosivos que ser\u00edan utilizados para acciones terroristas por sectores de la extrema derecha. El tambi\u00e9n Ministro del Poder Popular para Relaciones Interiores, Justicia [&hellip;]","og_url":"https:\/\/www.fona.gob.ve\/index.php\/2025\/08\/15\/autoridades-del-gobierno-bolivariano-incautan-arsenal-en-el-estado-anzoategui\/","og_site_name":"Fondo Nacional Antidrogas","article_published_time":"2025-08-15T15:59:53+00:00","article_modified_time":"2025-08-15T16:02:10+00:00","og_image":[{"width":800,"height":445,"url":"https:\/\/www.fona.gob.ve\/wp-content\/uploads\/2025\/08\/WhatsApp-Image-2025-08-14-at-12.44.50-PM-800x445-1.jpeg","type":"image\/jpeg"}],"author":"prensa prensa","twitter_card":"summary_large_image","twitter_misc":{"Escrito por":"prensa prensa","Tiempo de lectura":"2 minutos"},"schema":{"@context":"https:\/\/schema.org","@graph":[{"@type":"Article","@id":"https:\/\/www.fona.gob.ve\/index.php\/2025\/08\/15\/autoridades-del-gobierno-bolivariano-incautan-arsenal-en-el-estado-anzoategui\/#article","isPartOf":{"@id":"https:\/\/www.fona.gob.ve\/index.php\/2025\/08\/15\/autoridades-del-gobierno-bolivariano-incautan-arsenal-en-el-estado-anzoategui\/"},"author":{"name":"prensa prensa","@id":"https:\/\/www.fona.gob.ve\/#\/schema\/person\/887f0d86a3d016ef9df002d3603dd736"},"headline":"Autoridades del Gobierno Bolivariano incautan arsenal en el estado Anzo\u00e1tegui","datePublished":"2025-08-15T15:59:53+00:00","dateModified":"2025-08-15T16:02:10+00:00","mainEntityOfPage":{"@id":"https:\/\/www.fona.gob.ve\/index.php\/2025\/08\/15\/autoridades-del-gobierno-bolivariano-incautan-arsenal-en-el-estado-anzoategui\/"},"wordCount":371,"publisher":{"@id":"https:\/\/www.fona.gob.ve\/#organization"},"image":{"@id":"https:\/\/www.fona.gob.ve\/index.php\/2025\/08\/15\/autoridades-del-gobierno-bolivariano-incautan-arsenal-en-el-estado-anzoategui\/#primaryimage"},"thumbnailUrl":"https:\/\/www.fona.gob.ve\/wp-content\/uploads\/2025\/08\/WhatsApp-Image-2025-08-14-at-12.44.50-PM-800x445-1.jpeg","articleSection":["Noticias"],"inLanguage":"es"},{"@type":"WebPage","@id":"https:\/\/www.fona.gob.ve\/index.php\/2025\/08\/15\/autoridades-del-gobierno-bolivariano-incautan-arsenal-en-el-estado-anzoategui\/","url":"https:\/\/www.fona.gob.ve\/index.php\/2025\/08\/15\/autoridades-del-gobierno-bolivariano-incautan-arsenal-en-el-estado-anzoategui\/","name":"Autoridades del Gobierno Bolivariano incautan arsenal en el estado Anzo\u00e1tegui - Fondo Nacional Antidrogas","isPartOf":{"@id":"https:\/\/www.fona.gob.ve\/#website"},"primaryImageOfPage":{"@id":"https:\/\/www.fona.gob.ve\/index.php\/2025\/08\/15\/autoridades-del-gobierno-bolivariano-incautan-arsenal-en-el-estado-anzoategui\/#primaryimage"},"image":{"@id":"https:\/\/www.fona.gob.ve\/index.php\/2025\/08\/15\/autoridades-del-gobierno-bolivariano-incautan-arsenal-en-el-estado-anzoategui\/#primaryimage"},"thumbnailUrl":"https:\/\/www.fona.gob.ve\/wp-content\/uploads\/2025\/08\/WhatsApp-Image-2025-08-14-at-12.44.50-PM-800x445-1.jpeg","datePublished":"2025-08-15T15:59:53+00:00","dateModified":"2025-08-15T16:02:10+00:00","breadcrumb":{"@id":"https:\/\/www.fona.gob.ve\/index.php\/2025\/08\/15\/autoridades-del-gobierno-bolivariano-incautan-arsenal-en-el-estado-anzoategui\/#breadcrumb"},"inLanguage":"es","potentialAction":[{"@type":"ReadAction","target":["https:\/\/www.fona.gob.ve\/index.php\/2025\/08\/15\/autoridades-del-gobierno-bolivariano-incautan-arsenal-en-el-estado-anzoategui\/"]}]},{"@type":"ImageObject","inLanguage":"es","@id":"https:\/\/www.fona.gob.ve\/index.php\/2025\/08\/15\/autoridades-del-gobierno-bolivariano-incautan-arsenal-en-el-estado-anzoategui\/#primaryimage","url":"https:\/\/www.fona.gob.ve\/wp-content\/uploads\/2025\/08\/WhatsApp-Image-2025-08-14-at-12.44.50-PM-800x445-1.jpeg","contentUrl":"https:\/\/www.fona.gob.ve\/wp-content\/uploads\/2025\/08\/WhatsApp-Image-2025-08-14-at-12.44.50-PM-800x445-1.jpeg","width":800,"height":445},{"@type":"BreadcrumbList","@id":"https:\/\/www.fona.gob.ve\/index.php\/2025\/08\/15\/autoridades-del-gobierno-bolivariano-incautan-arsenal-en-el-estado-anzoategui\/#breadcrumb","itemListElement":[{"@type":"ListItem","position":1,"name":"Portada","item":"https:\/\/www.fona.gob.ve\/"},{"@type":"ListItem","position":2,"name":"Autoridades del Gobierno Bolivariano incautan arsenal en el estado Anzo\u00e1tegui"}]},{"@type":"WebSite","@id":"https:\/\/www.fona.gob.ve\/#website","url":"https:\/\/www.fona.gob.ve\/","name":"Fondo Nacional Antidrogas","description":"Conoce las acciones, programas y pol\u00edticas del Fondo Nacional Antidrogas (FONA) orientadas a la prevenci\u00f3n, atenci\u00f3n integral y lucha contra el consumo de drogas en Venezuela. Informaci\u00f3n oficial y actualizada.","publisher":{"@id":"https:\/\/www.fona.gob.ve\/#organization"},"potentialAction":[{"@type":"SearchAction","target":{"@type":"EntryPoint","urlTemplate":"https:\/\/www.fona.gob.ve\/?s={search_term_string}"},"query-input":{"@type":"PropertyValueSpecification","valueRequired":true,"valueName":"search_term_string"}}],"inLanguage":"es"},{"@type":"Organization","@id":"https:\/\/www.fona.gob.ve\/#organization","name":"Fondo Nacional Antidrogas","url":"https:\/\/www.fona.gob.ve\/","logo":{"@type":"ImageObject","inLanguage":"es","@id":"https:\/\/www.fona.gob.ve\/#\/schema\/logo\/image\/","url":"https:\/\/www.fona.gob.ve\/wp-content\/uploads\/2025\/04\/fona.jpeg","contentUrl":"https:\/\/www.fona.gob.ve\/wp-content\/uploads\/2025\/04\/fona.jpeg","width":1200,"height":1200,"caption":"Fondo Nacional Antidrogas"},"image":{"@id":"https:\/\/www.fona.gob.ve\/#\/schema\/logo\/image\/"}},{"@type":"Person","@id":"https:\/\/www.fona.gob.ve\/#\/schema\/person\/887f0d86a3d016ef9df002d3603dd736","name":"prensa prensa","sameAs":["https:\/\/fona.gob.ve"],"url":"https:\/\/www.fona.gob.ve\/index.php\/author\/prensa\/"}]}},"_links":{"self":[{"href":"https:\/\/www.fona.gob.ve\/index.php\/wp-json\/wp\/v2\/posts\/12817","targetHints":{"allow":["GET"]}}],"collection":[{"href":"https:\/\/www.fona.gob.ve\/index.php\/wp-json\/wp\/v2\/posts"}],"about":[{"href":"https:\/\/www.fona.gob.ve\/index.php\/wp-json\/wp\/v2\/types\/post"}],"author":[{"embeddable":true,"href":"https:\/\/www.fona.gob.ve\/index.php\/wp-json\/wp\/v2\/users\/2"}],"replies":[{"embeddable":true,"href":"https:\/\/www.fona.gob.ve\/index.php\/wp-json\/wp\/v2\/comments?post=12817"}],"version-history":[{"count":3,"href":"https:\/\/www.fona.gob.ve\/index.php\/wp-json\/wp\/v2\/posts\/12817\/revisions"}],"predecessor-version":[{"id":12821,"href":"https:\/\/www.fona.gob.ve\/index.php\/wp-json\/wp\/v2\/posts\/12817\/revisions\/12821"}],"wp:featuredmedia":[{"embeddable":true,"href":"https:\/\/www.fona.gob.ve\/index.php\/wp-json\/wp\/v2\/media\/12818"}],"wp:attachment":[{"href":"https:\/\/www.fona.gob.ve\/index.php\/wp-json\/wp\/v2\/media?parent=12817"}],"wp:term":[{"taxonomy":"category","embeddable":true,"href":"https:\/\/www.fona.gob.ve\/index.php\/wp-json\/wp\/v2\/categories?post=12817"},{"taxonomy":"post_tag","embeddable":true,"href":"https:\/\/www.fona.gob.ve\/index.php\/wp-json\/wp\/v2\/tags?post=12817"}],"curies":[{"name":"wp","href":"https:\/\/api.w.org\/{rel}","templated":true}]}}