{"id":12806,"date":"2025-08-13T14:18:50","date_gmt":"2025-08-13T18:18:50","guid":{"rendered":"https:\/\/www.fona.gob.ve\/?p=12806"},"modified":"2025-08-13T14:21:08","modified_gmt":"2025-08-13T18:21:08","slug":"entes-adscritos-al-mpprijp-estuvieron-desplegados-en-el-petare-y-san-agustin","status":"publish","type":"post","link":"https:\/\/www.fona.gob.ve\/index.php\/2025\/08\/13\/entes-adscritos-al-mpprijp-estuvieron-desplegados-en-el-petare-y-san-agustin\/","title":{"rendered":"Entes adscritos al MPPRIJP estuvieron desplegados en el Petare y San Agust\u00edn"},"content":{"rendered":"\t\t<div data-elementor-type=\"wp-post\" data-elementor-id=\"12806\" class=\"elementor elementor-12806\" data-elementor-post-type=\"post\">\n\t\t\t\t\t\t<section class=\"elementor-section elementor-top-section elementor-element elementor-element-46db5ba0 elementor-section-boxed elementor-section-height-default elementor-section-height-default\" data-id=\"46db5ba0\" data-element_type=\"section\">\n\t\t\t\t\t\t<div class=\"elementor-container elementor-column-gap-default\">\n\t\t\t\t\t<div class=\"elementor-column elementor-col-100 elementor-top-column elementor-element elementor-element-187e7952\" data-id=\"187e7952\" data-element_type=\"column\">\n\t\t\t<div class=\"elementor-widget-wrap elementor-element-populated\">\n\t\t\t\t\t\t<div class=\"elementor-element elementor-element-c510009 elementor-widget elementor-widget-image\" data-id=\"c510009\" data-element_type=\"widget\" data-widget_type=\"image.default\">\n\t\t\t\t<div class=\"elementor-widget-container\">\n\t\t\t\t\t\t\t\t\t\t\t\t\t<img fetchpriority=\"high\" decoding=\"async\" width=\"800\" height=\"445\" src=\"https:\/\/www.fona.gob.ve\/wp-content\/uploads\/2025\/08\/1medida-para-np.jpg\" class=\"attachment-large size-large wp-image-12807\" alt=\"\" srcset=\"https:\/\/www.fona.gob.ve\/wp-content\/uploads\/2025\/08\/1medida-para-np.jpg 800w, https:\/\/www.fona.gob.ve\/wp-content\/uploads\/2025\/08\/1medida-para-np-300x167.jpg 300w, https:\/\/www.fona.gob.ve\/wp-content\/uploads\/2025\/08\/1medida-para-np-768x427.jpg 768w, https:\/\/www.fona.gob.ve\/wp-content\/uploads\/2025\/08\/1medida-para-np-480x267.jpg 480w\" sizes=\"(max-width: 800px) 100vw, 800px\" title=\"1medida-para-np\" \/>\t\t\t\t\t\t\t\t\t\t\t\t\t<\/div>\n\t\t\t\t<\/div>\n\t\t\t\t<div class=\"elementor-element elementor-element-9c643fb elementor-widget elementor-widget-text-editor\" data-id=\"9c643fb\" data-element_type=\"widget\" data-widget_type=\"text-editor.default\">\n\t\t\t\t<div class=\"elementor-widget-container\">\n\t\t\t\t\t\t\t<p>En el marco del Plan Antonio Jos\u00e9 de Sucre, el Fondo Nacional Antidrogas (FONA) junto a otros entes adscritos al Ministerio del Poder Popular para Relaciones Interiores, Justicia y Paz (MPPRIJP), participaron en la Jornada de Atenci\u00f3n Social realizada en el Barrio La Cruz, estado Miranda.<\/p><p><span style=\"background-color: initial;\">Durante este evento, el FONA dict\u00f3 asesor\u00edas e informaci\u00f3n sobre los diferentes proyectos y actividades que se realiza la instituci\u00f3n.<\/span><\/p><p><span style=\"background-color: initial;\">Asimismo, los m\u00faltiples entes adscrito al MPPRIJP, realizaron actividades recreativas para fomentar el bienestar y la integraci\u00f3n social, entrega de medicamentos y venta de alimentos.<\/span><\/p><p><span style=\"background-color: initial;\">Tambi\u00e9n en San Agust\u00edn, en Caracas, se llev\u00f3 una Jornada de Atenci\u00f3n Social por la Vida y la Paz para beneficiar a la en la comunidad de Hornos de Cal, donde igualmente realizaron asesor\u00edas, actividades recreativas para fomentar el bienestar y la integraci\u00f3n social, entrega de medicamentos y venta de alimentos.<\/span><\/p><p><span style=\"background-color: initial;\">Esta actividad fue realizada por siguiendo los lineamientos establecidos por el Presidente Nicol\u00e1s Maduro y del Vpdte. Sectorial para la Seguridad Ciudadana y La Paz el Cap. Diosdado Cabello, para garantizar el bienestar de las comunidades atendidas.<\/span><\/p><p><span style=\"background-color: initial;\">\u00a0<\/span><\/p><p><span style=\"background-color: initial;\">R: Jonathan Prieto \/ Prensa Fona<\/span><\/p><p><span style=\"background-color: initial;\">F: Daniela Mediana \/ Prensa Fona<\/span><\/p>\t\t\t\t\t\t<\/div>\n\t\t\t\t<\/div>\n\t\t\t\t\t<\/div>\n\t\t<\/div>\n\t\t\t\t\t<\/div>\n\t\t<\/section>\n\t\t\t\t<\/div>\n\t\t","protected":false},"excerpt":{"rendered":"<p>En el marco del Plan Antonio Jos\u00e9 de Sucre, el Fondo Nacional Antidrogas (FONA) junto a otros entes adscritos al Ministerio del Poder Popular para Relaciones Interiores, Justicia y Paz (MPPRIJP), participaron en la Jornada de Atenci\u00f3n Social realizada en el Barrio La Cruz, estado Miranda. Durante este evento, el FONA dict\u00f3 asesor\u00edas e informaci\u00f3n [&hellip;]<\/p>\n","protected":false},"author":2,"featured_media":12807,"comment_status":"closed","ping_status":"closed","sticky":false,"template":"","format":"standard","meta":{"footnotes":""},"categories":[58],"tags":[],"class_list":["post-12806","post","type-post","status-publish","format-standard","has-post-thumbnail","hentry","category-noticias"],"yoast_head":"<!-- This site is optimized with the Yoast SEO plugin v26.4 - https:\/\/yoast.com\/wordpress\/plugins\/seo\/ -->\n<title>Entes adscritos al MPPRIJP estuvieron desplegados en el Petare y San Agust\u00edn - Fondo Nacional Antidrogas<\/title>\n<meta name=\"robots\" content=\"index, follow, max-snippet:-1, max-image-preview:large, max-video-preview:-1\" \/>\n<link rel=\"canonical\" href=\"https:\/\/www.fona.gob.ve\/index.php\/2025\/08\/13\/entes-adscritos-al-mpprijp-estuvieron-desplegados-en-el-petare-y-san-agustin\/\" \/>\n<meta property=\"og:locale\" content=\"es_ES\" \/>\n<meta property=\"og:type\" content=\"article\" \/>\n<meta property=\"og:title\" content=\"Entes adscritos al MPPRIJP estuvieron desplegados en el Petare y San Agust\u00edn - Fondo Nacional Antidrogas\" \/>\n<meta property=\"og:description\" content=\"En el marco del Plan Antonio Jos\u00e9 de Sucre, el Fondo Nacional Antidrogas (FONA) junto a otros entes adscritos al Ministerio del Poder Popular para Relaciones Interiores, Justicia y Paz (MPPRIJP), participaron en la Jornada de Atenci\u00f3n Social realizada en el Barrio La Cruz, estado Miranda. Durante este evento, el FONA dict\u00f3 asesor\u00edas e informaci\u00f3n [&hellip;]\" \/>\n<meta property=\"og:url\" content=\"https:\/\/www.fona.gob.ve\/index.php\/2025\/08\/13\/entes-adscritos-al-mpprijp-estuvieron-desplegados-en-el-petare-y-san-agustin\/\" \/>\n<meta property=\"og:site_name\" content=\"Fondo Nacional Antidrogas\" \/>\n<meta property=\"article:published_time\" content=\"2025-08-13T18:18:50+00:00\" \/>\n<meta property=\"article:modified_time\" content=\"2025-08-13T18:21:08+00:00\" \/>\n<meta property=\"og:image\" content=\"https:\/\/www.fona.gob.ve\/wp-content\/uploads\/2025\/08\/1medida-para-np.jpg\" \/>\n\t<meta property=\"og:image:width\" content=\"800\" \/>\n\t<meta property=\"og:image:height\" content=\"445\" \/>\n\t<meta property=\"og:image:type\" content=\"image\/jpeg\" \/>\n<meta name=\"author\" content=\"prensa prensa\" \/>\n<meta name=\"twitter:card\" content=\"summary_large_image\" \/>\n<meta name=\"twitter:label1\" content=\"Escrito por\" \/>\n\t<meta name=\"twitter:data1\" content=\"prensa prensa\" \/>\n\t<meta name=\"twitter:label2\" content=\"Tiempo de lectura\" \/>\n\t<meta name=\"twitter:data2\" content=\"1 minuto\" \/>\n<script type=\"application\/ld+json\" class=\"yoast-schema-graph\">{\"@context\":\"https:\/\/schema.org\",\"@graph\":[{\"@type\":\"Article\",\"@id\":\"https:\/\/www.fona.gob.ve\/index.php\/2025\/08\/13\/entes-adscritos-al-mpprijp-estuvieron-desplegados-en-el-petare-y-san-agustin\/#article\",\"isPartOf\":{\"@id\":\"https:\/\/www.fona.gob.ve\/index.php\/2025\/08\/13\/entes-adscritos-al-mpprijp-estuvieron-desplegados-en-el-petare-y-san-agustin\/\"},\"author\":{\"name\":\"prensa prensa\",\"@id\":\"https:\/\/www.fona.gob.ve\/#\/schema\/person\/887f0d86a3d016ef9df002d3603dd736\"},\"headline\":\"Entes adscritos al MPPRIJP estuvieron desplegados en el Petare y San Agust\u00edn\",\"datePublished\":\"2025-08-13T18:18:50+00:00\",\"dateModified\":\"2025-08-13T18:21:08+00:00\",\"mainEntityOfPage\":{\"@id\":\"https:\/\/www.fona.gob.ve\/index.php\/2025\/08\/13\/entes-adscritos-al-mpprijp-estuvieron-desplegados-en-el-petare-y-san-agustin\/\"},\"wordCount\":214,\"publisher\":{\"@id\":\"https:\/\/www.fona.gob.ve\/#organization\"},\"image\":{\"@id\":\"https:\/\/www.fona.gob.ve\/index.php\/2025\/08\/13\/entes-adscritos-al-mpprijp-estuvieron-desplegados-en-el-petare-y-san-agustin\/#primaryimage\"},\"thumbnailUrl\":\"https:\/\/www.fona.gob.ve\/wp-content\/uploads\/2025\/08\/1medida-para-np.jpg\",\"articleSection\":[\"Noticias\"],\"inLanguage\":\"es\"},{\"@type\":\"WebPage\",\"@id\":\"https:\/\/www.fona.gob.ve\/index.php\/2025\/08\/13\/entes-adscritos-al-mpprijp-estuvieron-desplegados-en-el-petare-y-san-agustin\/\",\"url\":\"https:\/\/www.fona.gob.ve\/index.php\/2025\/08\/13\/entes-adscritos-al-mpprijp-estuvieron-desplegados-en-el-petare-y-san-agustin\/\",\"name\":\"Entes adscritos al MPPRIJP estuvieron desplegados en el Petare y San Agust\u00edn - Fondo Nacional Antidrogas\",\"isPartOf\":{\"@id\":\"https:\/\/www.fona.gob.ve\/#website\"},\"primaryImageOfPage\":{\"@id\":\"https:\/\/www.fona.gob.ve\/index.php\/2025\/08\/13\/entes-adscritos-al-mpprijp-estuvieron-desplegados-en-el-petare-y-san-agustin\/#primaryimage\"},\"image\":{\"@id\":\"https:\/\/www.fona.gob.ve\/index.php\/2025\/08\/13\/entes-adscritos-al-mpprijp-estuvieron-desplegados-en-el-petare-y-san-agustin\/#primaryimage\"},\"thumbnailUrl\":\"https:\/\/www.fona.gob.ve\/wp-content\/uploads\/2025\/08\/1medida-para-np.jpg\",\"datePublished\":\"2025-08-13T18:18:50+00:00\",\"dateModified\":\"2025-08-13T18:21:08+00:00\",\"breadcrumb\":{\"@id\":\"https:\/\/www.fona.gob.ve\/index.php\/2025\/08\/13\/entes-adscritos-al-mpprijp-estuvieron-desplegados-en-el-petare-y-san-agustin\/#breadcrumb\"},\"inLanguage\":\"es\",\"potentialAction\":[{\"@type\":\"ReadAction\",\"target\":[\"https:\/\/www.fona.gob.ve\/index.php\/2025\/08\/13\/entes-adscritos-al-mpprijp-estuvieron-desplegados-en-el-petare-y-san-agustin\/\"]}]},{\"@type\":\"ImageObject\",\"inLanguage\":\"es\",\"@id\":\"https:\/\/www.fona.gob.ve\/index.php\/2025\/08\/13\/entes-adscritos-al-mpprijp-estuvieron-desplegados-en-el-petare-y-san-agustin\/#primaryimage\",\"url\":\"https:\/\/www.fona.gob.ve\/wp-content\/uploads\/2025\/08\/1medida-para-np.jpg\",\"contentUrl\":\"https:\/\/www.fona.gob.ve\/wp-content\/uploads\/2025\/08\/1medida-para-np.jpg\",\"width\":800,\"height\":445},{\"@type\":\"BreadcrumbList\",\"@id\":\"https:\/\/www.fona.gob.ve\/index.php\/2025\/08\/13\/entes-adscritos-al-mpprijp-estuvieron-desplegados-en-el-petare-y-san-agustin\/#breadcrumb\",\"itemListElement\":[{\"@type\":\"ListItem\",\"position\":1,\"name\":\"Portada\",\"item\":\"https:\/\/www.fona.gob.ve\/\"},{\"@type\":\"ListItem\",\"position\":2,\"name\":\"Entes adscritos al MPPRIJP estuvieron desplegados en el Petare y San Agust\u00edn\"}]},{\"@type\":\"WebSite\",\"@id\":\"https:\/\/www.fona.gob.ve\/#website\",\"url\":\"https:\/\/www.fona.gob.ve\/\",\"name\":\"Fondo Nacional Antidrogas\",\"description\":\"Conoce las acciones, programas y pol\u00edticas del Fondo Nacional Antidrogas (FONA) orientadas a la prevenci\u00f3n, atenci\u00f3n integral y lucha contra el consumo de drogas en Venezuela. Informaci\u00f3n oficial y actualizada.\",\"publisher\":{\"@id\":\"https:\/\/www.fona.gob.ve\/#organization\"},\"potentialAction\":[{\"@type\":\"SearchAction\",\"target\":{\"@type\":\"EntryPoint\",\"urlTemplate\":\"https:\/\/www.fona.gob.ve\/?s={search_term_string}\"},\"query-input\":{\"@type\":\"PropertyValueSpecification\",\"valueRequired\":true,\"valueName\":\"search_term_string\"}}],\"inLanguage\":\"es\"},{\"@type\":\"Organization\",\"@id\":\"https:\/\/www.fona.gob.ve\/#organization\",\"name\":\"Fondo Nacional Antidrogas\",\"url\":\"https:\/\/www.fona.gob.ve\/\",\"logo\":{\"@type\":\"ImageObject\",\"inLanguage\":\"es\",\"@id\":\"https:\/\/www.fona.gob.ve\/#\/schema\/logo\/image\/\",\"url\":\"https:\/\/www.fona.gob.ve\/wp-content\/uploads\/2025\/04\/fona.jpeg\",\"contentUrl\":\"https:\/\/www.fona.gob.ve\/wp-content\/uploads\/2025\/04\/fona.jpeg\",\"width\":1200,\"height\":1200,\"caption\":\"Fondo Nacional Antidrogas\"},\"image\":{\"@id\":\"https:\/\/www.fona.gob.ve\/#\/schema\/logo\/image\/\"}},{\"@type\":\"Person\",\"@id\":\"https:\/\/www.fona.gob.ve\/#\/schema\/person\/887f0d86a3d016ef9df002d3603dd736\",\"name\":\"prensa prensa\",\"sameAs\":[\"https:\/\/fona.gob.ve\"],\"url\":\"https:\/\/www.fona.gob.ve\/index.php\/author\/prensa\/\"}]}<\/script>\n<!-- \/ Yoast SEO plugin. -->","yoast_head_json":{"title":"Entes adscritos al MPPRIJP estuvieron desplegados en el Petare y San Agust\u00edn - Fondo Nacional Antidrogas","robots":{"index":"index","follow":"follow","max-snippet":"max-snippet:-1","max-image-preview":"max-image-preview:large","max-video-preview":"max-video-preview:-1"},"canonical":"https:\/\/www.fona.gob.ve\/index.php\/2025\/08\/13\/entes-adscritos-al-mpprijp-estuvieron-desplegados-en-el-petare-y-san-agustin\/","og_locale":"es_ES","og_type":"article","og_title":"Entes adscritos al MPPRIJP estuvieron desplegados en el Petare y San Agust\u00edn - Fondo Nacional Antidrogas","og_description":"En el marco del Plan Antonio Jos\u00e9 de Sucre, el Fondo Nacional Antidrogas (FONA) junto a otros entes adscritos al Ministerio del Poder Popular para Relaciones Interiores, Justicia y Paz (MPPRIJP), participaron en la Jornada de Atenci\u00f3n Social realizada en el Barrio La Cruz, estado Miranda. Durante este evento, el FONA dict\u00f3 asesor\u00edas e informaci\u00f3n [&hellip;]","og_url":"https:\/\/www.fona.gob.ve\/index.php\/2025\/08\/13\/entes-adscritos-al-mpprijp-estuvieron-desplegados-en-el-petare-y-san-agustin\/","og_site_name":"Fondo Nacional Antidrogas","article_published_time":"2025-08-13T18:18:50+00:00","article_modified_time":"2025-08-13T18:21:08+00:00","og_image":[{"width":800,"height":445,"url":"https:\/\/www.fona.gob.ve\/wp-content\/uploads\/2025\/08\/1medida-para-np.jpg","type":"image\/jpeg"}],"author":"prensa prensa","twitter_card":"summary_large_image","twitter_misc":{"Escrito por":"prensa prensa","Tiempo de lectura":"1 minuto"},"schema":{"@context":"https:\/\/schema.org","@graph":[{"@type":"Article","@id":"https:\/\/www.fona.gob.ve\/index.php\/2025\/08\/13\/entes-adscritos-al-mpprijp-estuvieron-desplegados-en-el-petare-y-san-agustin\/#article","isPartOf":{"@id":"https:\/\/www.fona.gob.ve\/index.php\/2025\/08\/13\/entes-adscritos-al-mpprijp-estuvieron-desplegados-en-el-petare-y-san-agustin\/"},"author":{"name":"prensa prensa","@id":"https:\/\/www.fona.gob.ve\/#\/schema\/person\/887f0d86a3d016ef9df002d3603dd736"},"headline":"Entes adscritos al MPPRIJP estuvieron desplegados en el Petare y San Agust\u00edn","datePublished":"2025-08-13T18:18:50+00:00","dateModified":"2025-08-13T18:21:08+00:00","mainEntityOfPage":{"@id":"https:\/\/www.fona.gob.ve\/index.php\/2025\/08\/13\/entes-adscritos-al-mpprijp-estuvieron-desplegados-en-el-petare-y-san-agustin\/"},"wordCount":214,"publisher":{"@id":"https:\/\/www.fona.gob.ve\/#organization"},"image":{"@id":"https:\/\/www.fona.gob.ve\/index.php\/2025\/08\/13\/entes-adscritos-al-mpprijp-estuvieron-desplegados-en-el-petare-y-san-agustin\/#primaryimage"},"thumbnailUrl":"https:\/\/www.fona.gob.ve\/wp-content\/uploads\/2025\/08\/1medida-para-np.jpg","articleSection":["Noticias"],"inLanguage":"es"},{"@type":"WebPage","@id":"https:\/\/www.fona.gob.ve\/index.php\/2025\/08\/13\/entes-adscritos-al-mpprijp-estuvieron-desplegados-en-el-petare-y-san-agustin\/","url":"https:\/\/www.fona.gob.ve\/index.php\/2025\/08\/13\/entes-adscritos-al-mpprijp-estuvieron-desplegados-en-el-petare-y-san-agustin\/","name":"Entes adscritos al MPPRIJP estuvieron desplegados en el Petare y San Agust\u00edn - Fondo Nacional Antidrogas","isPartOf":{"@id":"https:\/\/www.fona.gob.ve\/#website"},"primaryImageOfPage":{"@id":"https:\/\/www.fona.gob.ve\/index.php\/2025\/08\/13\/entes-adscritos-al-mpprijp-estuvieron-desplegados-en-el-petare-y-san-agustin\/#primaryimage"},"image":{"@id":"https:\/\/www.fona.gob.ve\/index.php\/2025\/08\/13\/entes-adscritos-al-mpprijp-estuvieron-desplegados-en-el-petare-y-san-agustin\/#primaryimage"},"thumbnailUrl":"https:\/\/www.fona.gob.ve\/wp-content\/uploads\/2025\/08\/1medida-para-np.jpg","datePublished":"2025-08-13T18:18:50+00:00","dateModified":"2025-08-13T18:21:08+00:00","breadcrumb":{"@id":"https:\/\/www.fona.gob.ve\/index.php\/2025\/08\/13\/entes-adscritos-al-mpprijp-estuvieron-desplegados-en-el-petare-y-san-agustin\/#breadcrumb"},"inLanguage":"es","potentialAction":[{"@type":"ReadAction","target":["https:\/\/www.fona.gob.ve\/index.php\/2025\/08\/13\/entes-adscritos-al-mpprijp-estuvieron-desplegados-en-el-petare-y-san-agustin\/"]}]},{"@type":"ImageObject","inLanguage":"es","@id":"https:\/\/www.fona.gob.ve\/index.php\/2025\/08\/13\/entes-adscritos-al-mpprijp-estuvieron-desplegados-en-el-petare-y-san-agustin\/#primaryimage","url":"https:\/\/www.fona.gob.ve\/wp-content\/uploads\/2025\/08\/1medida-para-np.jpg","contentUrl":"https:\/\/www.fona.gob.ve\/wp-content\/uploads\/2025\/08\/1medida-para-np.jpg","width":800,"height":445},{"@type":"BreadcrumbList","@id":"https:\/\/www.fona.gob.ve\/index.php\/2025\/08\/13\/entes-adscritos-al-mpprijp-estuvieron-desplegados-en-el-petare-y-san-agustin\/#breadcrumb","itemListElement":[{"@type":"ListItem","position":1,"name":"Portada","item":"https:\/\/www.fona.gob.ve\/"},{"@type":"ListItem","position":2,"name":"Entes adscritos al MPPRIJP estuvieron desplegados en el Petare y San Agust\u00edn"}]},{"@type":"WebSite","@id":"https:\/\/www.fona.gob.ve\/#website","url":"https:\/\/www.fona.gob.ve\/","name":"Fondo Nacional Antidrogas","description":"Conoce las acciones, programas y pol\u00edticas del Fondo Nacional Antidrogas (FONA) orientadas a la prevenci\u00f3n, atenci\u00f3n integral y lucha contra el consumo de drogas en Venezuela. Informaci\u00f3n oficial y actualizada.","publisher":{"@id":"https:\/\/www.fona.gob.ve\/#organization"},"potentialAction":[{"@type":"SearchAction","target":{"@type":"EntryPoint","urlTemplate":"https:\/\/www.fona.gob.ve\/?s={search_term_string}"},"query-input":{"@type":"PropertyValueSpecification","valueRequired":true,"valueName":"search_term_string"}}],"inLanguage":"es"},{"@type":"Organization","@id":"https:\/\/www.fona.gob.ve\/#organization","name":"Fondo Nacional Antidrogas","url":"https:\/\/www.fona.gob.ve\/","logo":{"@type":"ImageObject","inLanguage":"es","@id":"https:\/\/www.fona.gob.ve\/#\/schema\/logo\/image\/","url":"https:\/\/www.fona.gob.ve\/wp-content\/uploads\/2025\/04\/fona.jpeg","contentUrl":"https:\/\/www.fona.gob.ve\/wp-content\/uploads\/2025\/04\/fona.jpeg","width":1200,"height":1200,"caption":"Fondo Nacional Antidrogas"},"image":{"@id":"https:\/\/www.fona.gob.ve\/#\/schema\/logo\/image\/"}},{"@type":"Person","@id":"https:\/\/www.fona.gob.ve\/#\/schema\/person\/887f0d86a3d016ef9df002d3603dd736","name":"prensa prensa","sameAs":["https:\/\/fona.gob.ve"],"url":"https:\/\/www.fona.gob.ve\/index.php\/author\/prensa\/"}]}},"_links":{"self":[{"href":"https:\/\/www.fona.gob.ve\/index.php\/wp-json\/wp\/v2\/posts\/12806","targetHints":{"allow":["GET"]}}],"collection":[{"href":"https:\/\/www.fona.gob.ve\/index.php\/wp-json\/wp\/v2\/posts"}],"about":[{"href":"https:\/\/www.fona.gob.ve\/index.php\/wp-json\/wp\/v2\/types\/post"}],"author":[{"embeddable":true,"href":"https:\/\/www.fona.gob.ve\/index.php\/wp-json\/wp\/v2\/users\/2"}],"replies":[{"embeddable":true,"href":"https:\/\/www.fona.gob.ve\/index.php\/wp-json\/wp\/v2\/comments?post=12806"}],"version-history":[{"count":3,"href":"https:\/\/www.fona.gob.ve\/index.php\/wp-json\/wp\/v2\/posts\/12806\/revisions"}],"predecessor-version":[{"id":12810,"href":"https:\/\/www.fona.gob.ve\/index.php\/wp-json\/wp\/v2\/posts\/12806\/revisions\/12810"}],"wp:featuredmedia":[{"embeddable":true,"href":"https:\/\/www.fona.gob.ve\/index.php\/wp-json\/wp\/v2\/media\/12807"}],"wp:attachment":[{"href":"https:\/\/www.fona.gob.ve\/index.php\/wp-json\/wp\/v2\/media?parent=12806"}],"wp:term":[{"taxonomy":"category","embeddable":true,"href":"https:\/\/www.fona.gob.ve\/index.php\/wp-json\/wp\/v2\/categories?post=12806"},{"taxonomy":"post_tag","embeddable":true,"href":"https:\/\/www.fona.gob.ve\/index.php\/wp-json\/wp\/v2\/tags?post=12806"}],"curies":[{"name":"wp","href":"https:\/\/api.w.org\/{rel}","templated":true}]}}