{"id":12780,"date":"2025-07-31T13:56:11","date_gmt":"2025-07-31T17:56:11","guid":{"rendered":"https:\/\/www.fona.gob.ve\/?p=12780"},"modified":"2025-07-31T13:56:55","modified_gmt":"2025-07-31T17:56:55","slug":"diosdado-cabello-de-los-252-repatriados-del-salvador-solo-20-eran-los-solicitados-por-la-justicia","status":"publish","type":"post","link":"https:\/\/www.fona.gob.ve\/index.php\/2025\/07\/31\/diosdado-cabello-de-los-252-repatriados-del-salvador-solo-20-eran-los-solicitados-por-la-justicia\/","title":{"rendered":"Diosdado Cabello: \u201cDe los 252 repatriados del Salvador, solo 20 eran los solicitados por la justicia\u201d"},"content":{"rendered":"\t\t<div data-elementor-type=\"wp-post\" data-elementor-id=\"12780\" class=\"elementor elementor-12780\" data-elementor-post-type=\"post\">\n\t\t\t\t\t\t<section class=\"elementor-section elementor-top-section elementor-element elementor-element-2ea383cb elementor-section-boxed elementor-section-height-default elementor-section-height-default\" data-id=\"2ea383cb\" data-element_type=\"section\">\n\t\t\t\t\t\t<div class=\"elementor-container elementor-column-gap-default\">\n\t\t\t\t\t<div class=\"elementor-column elementor-col-100 elementor-top-column elementor-element elementor-element-380386a3\" data-id=\"380386a3\" data-element_type=\"column\">\n\t\t\t<div class=\"elementor-widget-wrap elementor-element-populated\">\n\t\t\t\t\t\t<div class=\"elementor-element elementor-element-3df6ded elementor-widget elementor-widget-image\" data-id=\"3df6ded\" data-element_type=\"widget\" data-widget_type=\"image.default\">\n\t\t\t\t<div class=\"elementor-widget-container\">\n\t\t\t\t\t\t\t\t\t\t\t\t\t<img fetchpriority=\"high\" decoding=\"async\" width=\"800\" height=\"445\" src=\"https:\/\/www.fona.gob.ve\/wp-content\/uploads\/2025\/07\/Diosdado-Cabello-De-los-252-repatriados-del-Salvador-solo-20-eran-los-solicitados-por-la-justicia-10-800x445-1.jpeg\" class=\"attachment-large size-large wp-image-12781\" alt=\"\" srcset=\"https:\/\/www.fona.gob.ve\/wp-content\/uploads\/2025\/07\/Diosdado-Cabello-De-los-252-repatriados-del-Salvador-solo-20-eran-los-solicitados-por-la-justicia-10-800x445-1.jpeg 800w, https:\/\/www.fona.gob.ve\/wp-content\/uploads\/2025\/07\/Diosdado-Cabello-De-los-252-repatriados-del-Salvador-solo-20-eran-los-solicitados-por-la-justicia-10-800x445-1-300x167.jpeg 300w, https:\/\/www.fona.gob.ve\/wp-content\/uploads\/2025\/07\/Diosdado-Cabello-De-los-252-repatriados-del-Salvador-solo-20-eran-los-solicitados-por-la-justicia-10-800x445-1-768x427.jpeg 768w, https:\/\/www.fona.gob.ve\/wp-content\/uploads\/2025\/07\/Diosdado-Cabello-De-los-252-repatriados-del-Salvador-solo-20-eran-los-solicitados-por-la-justicia-10-800x445-1-480x267.jpeg 480w\" sizes=\"(max-width: 800px) 100vw, 800px\" title=\"Diosdado-Cabello-De-los-252-repatriados-del-Salvador-solo-20-eran-los-solicitados-por-la-justicia-10-800x445\" \/>\t\t\t\t\t\t\t\t\t\t\t\t\t<\/div>\n\t\t\t\t<\/div>\n\t\t\t\t<div class=\"elementor-element elementor-element-58bd5c0c elementor-widget elementor-widget-text-editor\" data-id=\"58bd5c0c\" data-element_type=\"widget\" data-widget_type=\"text-editor.default\">\n\t\t\t\t<div class=\"elementor-widget-container\">\n\t\t\t\t\t\t\t<p>Este jueves, el vicepresidente Sectorial de Pol\u00edtica, Seguridad Ciudadana y Paz, Cap. Diosdado Cabello, inaugur\u00f3 la nueva sede de la Universidad Experimental de la Seguridad (UNES) en Matur\u00edn, estado Monagas.<\/p><p>En su intervenci\u00f3n, Cabello destac\u00f3 la importancia de esta nueva infraestructura para el proceso de transformaci\u00f3n y consolidaci\u00f3n de los cuerpos de seguridad venezolanos.<\/p><p>A su vez, resalt\u00f3 que este esfuerzo interinstitucional, resultado de la coordinaci\u00f3n entre los gobiernos local, estadal y nacional; permitir\u00e1 ampliar la capacidad formativa de la UNES.<\/p><p>Asimismo, detall\u00f3 que la nueva sede est\u00e1 dise\u00f1ada para albergar a mil 400 estudiantes, lo que representa un considerable incremento en la oferta educativa de esta casa de estudios.<\/p><p><strong>Formaci\u00f3n del nuevo polic\u00eda<\/strong><\/p><p>El titular de la cartera para Relaciones Interiores reafirm\u00f3 el compromiso del Gobierno Bolivariano con la seguridad de los ciudadanos y subray\u00f3 que esta expansi\u00f3n contribuir\u00e1 directamente a la formaci\u00f3n de nuevas generaciones de polic\u00edas con una s\u00f3lida estructura mental y \u00e9tica de servicio.<\/p><p>Indic\u00f3 que la UNES, concebida bajo la visi\u00f3n del Comandante Supremo Hugo Ch\u00e1vez, ha demostrado ser una instituci\u00f3n clave en la capacitaci\u00f3n integral de los funcionarios, rechazando cualquier conducta inapropiada y promoviendo el servicio desinteresado.<\/p><p>\u201cLos j\u00f3venes que se grad\u00faan tienen que ser polic\u00eda nuevos desde su estructura mental, el polic\u00eda que crea que va a entrar a la para \u2018malandrear\u2019 este no es el sitio y los superiores tienen que estar vigilantes. Una persona que decide ser polic\u00eda es para servir todos los d\u00edas, a cualquier hora\u201d, expres\u00f3.<\/p><p>M\u00e1s de 300 mil funcionarios al servicio del pueblo<\/p><p>Adicionalmente, Cabello se\u00f1al\u00f3 que la formaci\u00f3n integral es uno de los pilares fundamentales de la nueva polic\u00eda venezolana, y la UNES juega un papel central en este objetivo. Tambi\u00e9n resalt\u00f3 que la universidad, que ha graduado a m\u00e1s de 300 mil profesionales desde su creaci\u00f3n, se ha consolidado como una de las principales instituciones educativas del pa\u00eds, al contar con un alto n\u00famero de solicitudes que permiten la selecci\u00f3n rigurosa de sus estudiantes.<\/p><p>Paralelamente, el Ministro especific\u00f3 que se est\u00e1n desarrollando programas especializados, como la formaci\u00f3n de la polic\u00eda migratoria y custodios penitenciarios, con el fin de cubrir necesidades espec\u00edficas del Sistema de Seguridad Ciudadana.<\/p><p>\u201cNosotros tenemos material humano de primera. Estamos convencidos que este es el camino, la formaci\u00f3n integral uno de los v\u00e9rtices fundamentales de la nueva polic\u00eda venezolana\u201d, afirm\u00f3 Cabello.<\/p><p>Por \u00faltimo, Diosdado Cabello recalc\u00f3 que la apertura de esta sede en Monagas no solo beneficia a los j\u00f3venes de la regi\u00f3n, sino tambi\u00e9n a los de estados vecinos, ofreci\u00e9ndoles un espacio digno para su desarrollo acad\u00e9mico y profesional.<\/p><div class=\"wp-block-image\">\u00a0<\/div><p><strong>Prensa Mpprijp<\/strong><\/p>\t\t\t\t\t\t<\/div>\n\t\t\t\t<\/div>\n\t\t\t\t\t<\/div>\n\t\t<\/div>\n\t\t\t\t\t<\/div>\n\t\t<\/section>\n\t\t\t\t<\/div>\n\t\t","protected":false},"excerpt":{"rendered":"<p>Este jueves, el vicepresidente Sectorial de Pol\u00edtica, Seguridad Ciudadana y Paz, Cap. Diosdado Cabello, inaugur\u00f3 la nueva sede de la Universidad Experimental de la Seguridad (UNES) en Matur\u00edn, estado Monagas. En su intervenci\u00f3n, Cabello destac\u00f3 la importancia de esta nueva infraestructura para el proceso de transformaci\u00f3n y consolidaci\u00f3n de los cuerpos de seguridad venezolanos. A [&hellip;]<\/p>\n","protected":false},"author":2,"featured_media":12781,"comment_status":"closed","ping_status":"closed","sticky":false,"template":"","format":"standard","meta":{"footnotes":""},"categories":[58],"tags":[],"class_list":["post-12780","post","type-post","status-publish","format-standard","has-post-thumbnail","hentry","category-noticias"],"yoast_head":"<!-- This site is optimized with the Yoast SEO plugin v26.4 - https:\/\/yoast.com\/wordpress\/plugins\/seo\/ -->\n<title>Diosdado Cabello: \u201cDe los 252 repatriados del Salvador, solo 20 eran los solicitados por la justicia\u201d - Fondo Nacional Antidrogas<\/title>\n<meta name=\"robots\" content=\"index, follow, max-snippet:-1, max-image-preview:large, max-video-preview:-1\" \/>\n<link rel=\"canonical\" href=\"https:\/\/www.fona.gob.ve\/index.php\/2025\/07\/31\/diosdado-cabello-de-los-252-repatriados-del-salvador-solo-20-eran-los-solicitados-por-la-justicia\/\" \/>\n<meta property=\"og:locale\" content=\"es_ES\" \/>\n<meta property=\"og:type\" content=\"article\" \/>\n<meta property=\"og:title\" content=\"Diosdado Cabello: \u201cDe los 252 repatriados del Salvador, solo 20 eran los solicitados por la justicia\u201d - Fondo Nacional Antidrogas\" \/>\n<meta property=\"og:description\" content=\"Este jueves, el vicepresidente Sectorial de Pol\u00edtica, Seguridad Ciudadana y Paz, Cap. Diosdado Cabello, inaugur\u00f3 la nueva sede de la Universidad Experimental de la Seguridad (UNES) en Matur\u00edn, estado Monagas. En su intervenci\u00f3n, Cabello destac\u00f3 la importancia de esta nueva infraestructura para el proceso de transformaci\u00f3n y consolidaci\u00f3n de los cuerpos de seguridad venezolanos. A [&hellip;]\" \/>\n<meta property=\"og:url\" content=\"https:\/\/www.fona.gob.ve\/index.php\/2025\/07\/31\/diosdado-cabello-de-los-252-repatriados-del-salvador-solo-20-eran-los-solicitados-por-la-justicia\/\" \/>\n<meta property=\"og:site_name\" content=\"Fondo Nacional Antidrogas\" \/>\n<meta property=\"article:published_time\" content=\"2025-07-31T17:56:11+00:00\" \/>\n<meta property=\"article:modified_time\" content=\"2025-07-31T17:56:55+00:00\" \/>\n<meta property=\"og:image\" content=\"https:\/\/www.fona.gob.ve\/wp-content\/uploads\/2025\/07\/Diosdado-Cabello-De-los-252-repatriados-del-Salvador-solo-20-eran-los-solicitados-por-la-justicia-10-800x445-1.jpeg\" \/>\n\t<meta property=\"og:image:width\" content=\"800\" \/>\n\t<meta property=\"og:image:height\" content=\"445\" \/>\n\t<meta property=\"og:image:type\" content=\"image\/jpeg\" \/>\n<meta name=\"author\" content=\"prensa prensa\" \/>\n<meta name=\"twitter:card\" content=\"summary_large_image\" \/>\n<meta name=\"twitter:label1\" content=\"Escrito por\" \/>\n\t<meta name=\"twitter:data1\" content=\"prensa prensa\" \/>\n\t<meta name=\"twitter:label2\" content=\"Tiempo de lectura\" \/>\n\t<meta name=\"twitter:data2\" content=\"2 minutos\" \/>\n<script type=\"application\/ld+json\" class=\"yoast-schema-graph\">{\"@context\":\"https:\/\/schema.org\",\"@graph\":[{\"@type\":\"Article\",\"@id\":\"https:\/\/www.fona.gob.ve\/index.php\/2025\/07\/31\/diosdado-cabello-de-los-252-repatriados-del-salvador-solo-20-eran-los-solicitados-por-la-justicia\/#article\",\"isPartOf\":{\"@id\":\"https:\/\/www.fona.gob.ve\/index.php\/2025\/07\/31\/diosdado-cabello-de-los-252-repatriados-del-salvador-solo-20-eran-los-solicitados-por-la-justicia\/\"},\"author\":{\"name\":\"prensa prensa\",\"@id\":\"https:\/\/www.fona.gob.ve\/#\/schema\/person\/887f0d86a3d016ef9df002d3603dd736\"},\"headline\":\"Diosdado Cabello: \u201cDe los 252 repatriados del Salvador, solo 20 eran los solicitados por la justicia\u201d\",\"datePublished\":\"2025-07-31T17:56:11+00:00\",\"dateModified\":\"2025-07-31T17:56:55+00:00\",\"mainEntityOfPage\":{\"@id\":\"https:\/\/www.fona.gob.ve\/index.php\/2025\/07\/31\/diosdado-cabello-de-los-252-repatriados-del-salvador-solo-20-eran-los-solicitados-por-la-justicia\/\"},\"wordCount\":486,\"publisher\":{\"@id\":\"https:\/\/www.fona.gob.ve\/#organization\"},\"image\":{\"@id\":\"https:\/\/www.fona.gob.ve\/index.php\/2025\/07\/31\/diosdado-cabello-de-los-252-repatriados-del-salvador-solo-20-eran-los-solicitados-por-la-justicia\/#primaryimage\"},\"thumbnailUrl\":\"https:\/\/www.fona.gob.ve\/wp-content\/uploads\/2025\/07\/Diosdado-Cabello-De-los-252-repatriados-del-Salvador-solo-20-eran-los-solicitados-por-la-justicia-10-800x445-1.jpeg\",\"articleSection\":[\"Noticias\"],\"inLanguage\":\"es\"},{\"@type\":\"WebPage\",\"@id\":\"https:\/\/www.fona.gob.ve\/index.php\/2025\/07\/31\/diosdado-cabello-de-los-252-repatriados-del-salvador-solo-20-eran-los-solicitados-por-la-justicia\/\",\"url\":\"https:\/\/www.fona.gob.ve\/index.php\/2025\/07\/31\/diosdado-cabello-de-los-252-repatriados-del-salvador-solo-20-eran-los-solicitados-por-la-justicia\/\",\"name\":\"Diosdado Cabello: \u201cDe los 252 repatriados del Salvador, solo 20 eran los solicitados por la justicia\u201d - Fondo Nacional Antidrogas\",\"isPartOf\":{\"@id\":\"https:\/\/www.fona.gob.ve\/#website\"},\"primaryImageOfPage\":{\"@id\":\"https:\/\/www.fona.gob.ve\/index.php\/2025\/07\/31\/diosdado-cabello-de-los-252-repatriados-del-salvador-solo-20-eran-los-solicitados-por-la-justicia\/#primaryimage\"},\"image\":{\"@id\":\"https:\/\/www.fona.gob.ve\/index.php\/2025\/07\/31\/diosdado-cabello-de-los-252-repatriados-del-salvador-solo-20-eran-los-solicitados-por-la-justicia\/#primaryimage\"},\"thumbnailUrl\":\"https:\/\/www.fona.gob.ve\/wp-content\/uploads\/2025\/07\/Diosdado-Cabello-De-los-252-repatriados-del-Salvador-solo-20-eran-los-solicitados-por-la-justicia-10-800x445-1.jpeg\",\"datePublished\":\"2025-07-31T17:56:11+00:00\",\"dateModified\":\"2025-07-31T17:56:55+00:00\",\"breadcrumb\":{\"@id\":\"https:\/\/www.fona.gob.ve\/index.php\/2025\/07\/31\/diosdado-cabello-de-los-252-repatriados-del-salvador-solo-20-eran-los-solicitados-por-la-justicia\/#breadcrumb\"},\"inLanguage\":\"es\",\"potentialAction\":[{\"@type\":\"ReadAction\",\"target\":[\"https:\/\/www.fona.gob.ve\/index.php\/2025\/07\/31\/diosdado-cabello-de-los-252-repatriados-del-salvador-solo-20-eran-los-solicitados-por-la-justicia\/\"]}]},{\"@type\":\"ImageObject\",\"inLanguage\":\"es\",\"@id\":\"https:\/\/www.fona.gob.ve\/index.php\/2025\/07\/31\/diosdado-cabello-de-los-252-repatriados-del-salvador-solo-20-eran-los-solicitados-por-la-justicia\/#primaryimage\",\"url\":\"https:\/\/www.fona.gob.ve\/wp-content\/uploads\/2025\/07\/Diosdado-Cabello-De-los-252-repatriados-del-Salvador-solo-20-eran-los-solicitados-por-la-justicia-10-800x445-1.jpeg\",\"contentUrl\":\"https:\/\/www.fona.gob.ve\/wp-content\/uploads\/2025\/07\/Diosdado-Cabello-De-los-252-repatriados-del-Salvador-solo-20-eran-los-solicitados-por-la-justicia-10-800x445-1.jpeg\",\"width\":800,\"height\":445},{\"@type\":\"BreadcrumbList\",\"@id\":\"https:\/\/www.fona.gob.ve\/index.php\/2025\/07\/31\/diosdado-cabello-de-los-252-repatriados-del-salvador-solo-20-eran-los-solicitados-por-la-justicia\/#breadcrumb\",\"itemListElement\":[{\"@type\":\"ListItem\",\"position\":1,\"name\":\"Portada\",\"item\":\"https:\/\/www.fona.gob.ve\/\"},{\"@type\":\"ListItem\",\"position\":2,\"name\":\"Diosdado Cabello: \u201cDe los 252 repatriados del Salvador, solo 20 eran los solicitados por la justicia\u201d\"}]},{\"@type\":\"WebSite\",\"@id\":\"https:\/\/www.fona.gob.ve\/#website\",\"url\":\"https:\/\/www.fona.gob.ve\/\",\"name\":\"Fondo Nacional Antidrogas\",\"description\":\"Conoce las acciones, programas y pol\u00edticas del Fondo Nacional Antidrogas (FONA) orientadas a la prevenci\u00f3n, atenci\u00f3n integral y lucha contra el consumo de drogas en Venezuela. Informaci\u00f3n oficial y actualizada.\",\"publisher\":{\"@id\":\"https:\/\/www.fona.gob.ve\/#organization\"},\"potentialAction\":[{\"@type\":\"SearchAction\",\"target\":{\"@type\":\"EntryPoint\",\"urlTemplate\":\"https:\/\/www.fona.gob.ve\/?s={search_term_string}\"},\"query-input\":{\"@type\":\"PropertyValueSpecification\",\"valueRequired\":true,\"valueName\":\"search_term_string\"}}],\"inLanguage\":\"es\"},{\"@type\":\"Organization\",\"@id\":\"https:\/\/www.fona.gob.ve\/#organization\",\"name\":\"Fondo Nacional Antidrogas\",\"url\":\"https:\/\/www.fona.gob.ve\/\",\"logo\":{\"@type\":\"ImageObject\",\"inLanguage\":\"es\",\"@id\":\"https:\/\/www.fona.gob.ve\/#\/schema\/logo\/image\/\",\"url\":\"https:\/\/www.fona.gob.ve\/wp-content\/uploads\/2025\/04\/fona.jpeg\",\"contentUrl\":\"https:\/\/www.fona.gob.ve\/wp-content\/uploads\/2025\/04\/fona.jpeg\",\"width\":1200,\"height\":1200,\"caption\":\"Fondo Nacional Antidrogas\"},\"image\":{\"@id\":\"https:\/\/www.fona.gob.ve\/#\/schema\/logo\/image\/\"}},{\"@type\":\"Person\",\"@id\":\"https:\/\/www.fona.gob.ve\/#\/schema\/person\/887f0d86a3d016ef9df002d3603dd736\",\"name\":\"prensa prensa\",\"sameAs\":[\"https:\/\/fona.gob.ve\"],\"url\":\"https:\/\/www.fona.gob.ve\/index.php\/author\/prensa\/\"}]}<\/script>\n<!-- \/ Yoast SEO plugin. -->","yoast_head_json":{"title":"Diosdado Cabello: \u201cDe los 252 repatriados del Salvador, solo 20 eran los solicitados por la justicia\u201d - Fondo Nacional Antidrogas","robots":{"index":"index","follow":"follow","max-snippet":"max-snippet:-1","max-image-preview":"max-image-preview:large","max-video-preview":"max-video-preview:-1"},"canonical":"https:\/\/www.fona.gob.ve\/index.php\/2025\/07\/31\/diosdado-cabello-de-los-252-repatriados-del-salvador-solo-20-eran-los-solicitados-por-la-justicia\/","og_locale":"es_ES","og_type":"article","og_title":"Diosdado Cabello: \u201cDe los 252 repatriados del Salvador, solo 20 eran los solicitados por la justicia\u201d - Fondo Nacional Antidrogas","og_description":"Este jueves, el vicepresidente Sectorial de Pol\u00edtica, Seguridad Ciudadana y Paz, Cap. Diosdado Cabello, inaugur\u00f3 la nueva sede de la Universidad Experimental de la Seguridad (UNES) en Matur\u00edn, estado Monagas. En su intervenci\u00f3n, Cabello destac\u00f3 la importancia de esta nueva infraestructura para el proceso de transformaci\u00f3n y consolidaci\u00f3n de los cuerpos de seguridad venezolanos. A [&hellip;]","og_url":"https:\/\/www.fona.gob.ve\/index.php\/2025\/07\/31\/diosdado-cabello-de-los-252-repatriados-del-salvador-solo-20-eran-los-solicitados-por-la-justicia\/","og_site_name":"Fondo Nacional Antidrogas","article_published_time":"2025-07-31T17:56:11+00:00","article_modified_time":"2025-07-31T17:56:55+00:00","og_image":[{"width":800,"height":445,"url":"https:\/\/www.fona.gob.ve\/wp-content\/uploads\/2025\/07\/Diosdado-Cabello-De-los-252-repatriados-del-Salvador-solo-20-eran-los-solicitados-por-la-justicia-10-800x445-1.jpeg","type":"image\/jpeg"}],"author":"prensa prensa","twitter_card":"summary_large_image","twitter_misc":{"Escrito por":"prensa prensa","Tiempo de lectura":"2 minutos"},"schema":{"@context":"https:\/\/schema.org","@graph":[{"@type":"Article","@id":"https:\/\/www.fona.gob.ve\/index.php\/2025\/07\/31\/diosdado-cabello-de-los-252-repatriados-del-salvador-solo-20-eran-los-solicitados-por-la-justicia\/#article","isPartOf":{"@id":"https:\/\/www.fona.gob.ve\/index.php\/2025\/07\/31\/diosdado-cabello-de-los-252-repatriados-del-salvador-solo-20-eran-los-solicitados-por-la-justicia\/"},"author":{"name":"prensa prensa","@id":"https:\/\/www.fona.gob.ve\/#\/schema\/person\/887f0d86a3d016ef9df002d3603dd736"},"headline":"Diosdado Cabello: \u201cDe los 252 repatriados del Salvador, solo 20 eran los solicitados por la justicia\u201d","datePublished":"2025-07-31T17:56:11+00:00","dateModified":"2025-07-31T17:56:55+00:00","mainEntityOfPage":{"@id":"https:\/\/www.fona.gob.ve\/index.php\/2025\/07\/31\/diosdado-cabello-de-los-252-repatriados-del-salvador-solo-20-eran-los-solicitados-por-la-justicia\/"},"wordCount":486,"publisher":{"@id":"https:\/\/www.fona.gob.ve\/#organization"},"image":{"@id":"https:\/\/www.fona.gob.ve\/index.php\/2025\/07\/31\/diosdado-cabello-de-los-252-repatriados-del-salvador-solo-20-eran-los-solicitados-por-la-justicia\/#primaryimage"},"thumbnailUrl":"https:\/\/www.fona.gob.ve\/wp-content\/uploads\/2025\/07\/Diosdado-Cabello-De-los-252-repatriados-del-Salvador-solo-20-eran-los-solicitados-por-la-justicia-10-800x445-1.jpeg","articleSection":["Noticias"],"inLanguage":"es"},{"@type":"WebPage","@id":"https:\/\/www.fona.gob.ve\/index.php\/2025\/07\/31\/diosdado-cabello-de-los-252-repatriados-del-salvador-solo-20-eran-los-solicitados-por-la-justicia\/","url":"https:\/\/www.fona.gob.ve\/index.php\/2025\/07\/31\/diosdado-cabello-de-los-252-repatriados-del-salvador-solo-20-eran-los-solicitados-por-la-justicia\/","name":"Diosdado Cabello: \u201cDe los 252 repatriados del Salvador, solo 20 eran los solicitados por la justicia\u201d - Fondo Nacional Antidrogas","isPartOf":{"@id":"https:\/\/www.fona.gob.ve\/#website"},"primaryImageOfPage":{"@id":"https:\/\/www.fona.gob.ve\/index.php\/2025\/07\/31\/diosdado-cabello-de-los-252-repatriados-del-salvador-solo-20-eran-los-solicitados-por-la-justicia\/#primaryimage"},"image":{"@id":"https:\/\/www.fona.gob.ve\/index.php\/2025\/07\/31\/diosdado-cabello-de-los-252-repatriados-del-salvador-solo-20-eran-los-solicitados-por-la-justicia\/#primaryimage"},"thumbnailUrl":"https:\/\/www.fona.gob.ve\/wp-content\/uploads\/2025\/07\/Diosdado-Cabello-De-los-252-repatriados-del-Salvador-solo-20-eran-los-solicitados-por-la-justicia-10-800x445-1.jpeg","datePublished":"2025-07-31T17:56:11+00:00","dateModified":"2025-07-31T17:56:55+00:00","breadcrumb":{"@id":"https:\/\/www.fona.gob.ve\/index.php\/2025\/07\/31\/diosdado-cabello-de-los-252-repatriados-del-salvador-solo-20-eran-los-solicitados-por-la-justicia\/#breadcrumb"},"inLanguage":"es","potentialAction":[{"@type":"ReadAction","target":["https:\/\/www.fona.gob.ve\/index.php\/2025\/07\/31\/diosdado-cabello-de-los-252-repatriados-del-salvador-solo-20-eran-los-solicitados-por-la-justicia\/"]}]},{"@type":"ImageObject","inLanguage":"es","@id":"https:\/\/www.fona.gob.ve\/index.php\/2025\/07\/31\/diosdado-cabello-de-los-252-repatriados-del-salvador-solo-20-eran-los-solicitados-por-la-justicia\/#primaryimage","url":"https:\/\/www.fona.gob.ve\/wp-content\/uploads\/2025\/07\/Diosdado-Cabello-De-los-252-repatriados-del-Salvador-solo-20-eran-los-solicitados-por-la-justicia-10-800x445-1.jpeg","contentUrl":"https:\/\/www.fona.gob.ve\/wp-content\/uploads\/2025\/07\/Diosdado-Cabello-De-los-252-repatriados-del-Salvador-solo-20-eran-los-solicitados-por-la-justicia-10-800x445-1.jpeg","width":800,"height":445},{"@type":"BreadcrumbList","@id":"https:\/\/www.fona.gob.ve\/index.php\/2025\/07\/31\/diosdado-cabello-de-los-252-repatriados-del-salvador-solo-20-eran-los-solicitados-por-la-justicia\/#breadcrumb","itemListElement":[{"@type":"ListItem","position":1,"name":"Portada","item":"https:\/\/www.fona.gob.ve\/"},{"@type":"ListItem","position":2,"name":"Diosdado Cabello: \u201cDe los 252 repatriados del Salvador, solo 20 eran los solicitados por la justicia\u201d"}]},{"@type":"WebSite","@id":"https:\/\/www.fona.gob.ve\/#website","url":"https:\/\/www.fona.gob.ve\/","name":"Fondo Nacional Antidrogas","description":"Conoce las acciones, programas y pol\u00edticas del Fondo Nacional Antidrogas (FONA) orientadas a la prevenci\u00f3n, atenci\u00f3n integral y lucha contra el consumo de drogas en Venezuela. Informaci\u00f3n oficial y actualizada.","publisher":{"@id":"https:\/\/www.fona.gob.ve\/#organization"},"potentialAction":[{"@type":"SearchAction","target":{"@type":"EntryPoint","urlTemplate":"https:\/\/www.fona.gob.ve\/?s={search_term_string}"},"query-input":{"@type":"PropertyValueSpecification","valueRequired":true,"valueName":"search_term_string"}}],"inLanguage":"es"},{"@type":"Organization","@id":"https:\/\/www.fona.gob.ve\/#organization","name":"Fondo Nacional Antidrogas","url":"https:\/\/www.fona.gob.ve\/","logo":{"@type":"ImageObject","inLanguage":"es","@id":"https:\/\/www.fona.gob.ve\/#\/schema\/logo\/image\/","url":"https:\/\/www.fona.gob.ve\/wp-content\/uploads\/2025\/04\/fona.jpeg","contentUrl":"https:\/\/www.fona.gob.ve\/wp-content\/uploads\/2025\/04\/fona.jpeg","width":1200,"height":1200,"caption":"Fondo Nacional Antidrogas"},"image":{"@id":"https:\/\/www.fona.gob.ve\/#\/schema\/logo\/image\/"}},{"@type":"Person","@id":"https:\/\/www.fona.gob.ve\/#\/schema\/person\/887f0d86a3d016ef9df002d3603dd736","name":"prensa prensa","sameAs":["https:\/\/fona.gob.ve"],"url":"https:\/\/www.fona.gob.ve\/index.php\/author\/prensa\/"}]}},"_links":{"self":[{"href":"https:\/\/www.fona.gob.ve\/index.php\/wp-json\/wp\/v2\/posts\/12780","targetHints":{"allow":["GET"]}}],"collection":[{"href":"https:\/\/www.fona.gob.ve\/index.php\/wp-json\/wp\/v2\/posts"}],"about":[{"href":"https:\/\/www.fona.gob.ve\/index.php\/wp-json\/wp\/v2\/types\/post"}],"author":[{"embeddable":true,"href":"https:\/\/www.fona.gob.ve\/index.php\/wp-json\/wp\/v2\/users\/2"}],"replies":[{"embeddable":true,"href":"https:\/\/www.fona.gob.ve\/index.php\/wp-json\/wp\/v2\/comments?post=12780"}],"version-history":[{"count":3,"href":"https:\/\/www.fona.gob.ve\/index.php\/wp-json\/wp\/v2\/posts\/12780\/revisions"}],"predecessor-version":[{"id":12784,"href":"https:\/\/www.fona.gob.ve\/index.php\/wp-json\/wp\/v2\/posts\/12780\/revisions\/12784"}],"wp:featuredmedia":[{"embeddable":true,"href":"https:\/\/www.fona.gob.ve\/index.php\/wp-json\/wp\/v2\/media\/12781"}],"wp:attachment":[{"href":"https:\/\/www.fona.gob.ve\/index.php\/wp-json\/wp\/v2\/media?parent=12780"}],"wp:term":[{"taxonomy":"category","embeddable":true,"href":"https:\/\/www.fona.gob.ve\/index.php\/wp-json\/wp\/v2\/categories?post=12780"},{"taxonomy":"post_tag","embeddable":true,"href":"https:\/\/www.fona.gob.ve\/index.php\/wp-json\/wp\/v2\/tags?post=12780"}],"curies":[{"name":"wp","href":"https:\/\/api.w.org\/{rel}","templated":true}]}}