{"id":12772,"date":"2025-07-31T13:50:12","date_gmt":"2025-07-31T17:50:12","guid":{"rendered":"https:\/\/www.fona.gob.ve\/?p=12772"},"modified":"2025-07-31T13:52:57","modified_gmt":"2025-07-31T17:52:57","slug":"es-realizada-jornada-de-atencion-social-en-sector-araguaney-del-estado-miranda","status":"publish","type":"post","link":"https:\/\/www.fona.gob.ve\/index.php\/2025\/07\/31\/es-realizada-jornada-de-atencion-social-en-sector-araguaney-del-estado-miranda\/","title":{"rendered":"Es realizada Jornada de Atenci\u00f3n Social en sector Araguaney del estado Miranda"},"content":{"rendered":"\t\t<div data-elementor-type=\"wp-post\" data-elementor-id=\"12772\" class=\"elementor elementor-12772\" data-elementor-post-type=\"post\">\n\t\t\t\t\t\t<section class=\"elementor-section elementor-top-section elementor-element elementor-element-5b274970 elementor-section-boxed elementor-section-height-default elementor-section-height-default\" data-id=\"5b274970\" data-element_type=\"section\">\n\t\t\t\t\t\t<div class=\"elementor-container elementor-column-gap-default\">\n\t\t\t\t\t<div class=\"elementor-column elementor-col-100 elementor-top-column elementor-element elementor-element-1b43e34a\" data-id=\"1b43e34a\" data-element_type=\"column\">\n\t\t\t<div class=\"elementor-widget-wrap elementor-element-populated\">\n\t\t\t\t\t\t<div class=\"elementor-element elementor-element-992f6d7 elementor-widget elementor-widget-image\" data-id=\"992f6d7\" data-element_type=\"widget\" data-widget_type=\"image.default\">\n\t\t\t\t<div class=\"elementor-widget-container\">\n\t\t\t\t\t\t\t\t\t\t\t\t\t<img fetchpriority=\"high\" decoding=\"async\" width=\"940\" height=\"529\" src=\"https:\/\/www.fona.gob.ve\/wp-content\/uploads\/2025\/07\/IMG_8626-1024x576.jpg\" class=\"attachment-large size-large wp-image-12773\" alt=\"\" srcset=\"https:\/\/www.fona.gob.ve\/wp-content\/uploads\/2025\/07\/IMG_8626-1024x576.jpg 1024w, https:\/\/www.fona.gob.ve\/wp-content\/uploads\/2025\/07\/IMG_8626-300x169.jpg 300w, https:\/\/www.fona.gob.ve\/wp-content\/uploads\/2025\/07\/IMG_8626-768x432.jpg 768w, https:\/\/www.fona.gob.ve\/wp-content\/uploads\/2025\/07\/IMG_8626-1536x864.jpg 1536w, https:\/\/www.fona.gob.ve\/wp-content\/uploads\/2025\/07\/IMG_8626-480x270.jpg 480w\" sizes=\"(max-width: 940px) 100vw, 940px\" title=\"DCIM101MEDIADJI_0409.JPG\" \/>\t\t\t\t\t\t\t\t\t\t\t\t\t<\/div>\n\t\t\t\t<\/div>\n\t\t\t\t<div class=\"elementor-element elementor-element-bebfc35 elementor-widget elementor-widget-text-editor\" data-id=\"bebfc35\" data-element_type=\"widget\" data-widget_type=\"text-editor.default\">\n\t\t\t\t<div class=\"elementor-widget-container\">\n\t\t\t\t\t\t\t<p>El Fondo Nacional Antidrogas (FONA) acompa\u00f1\u00f3 al Ministerio del Poder Popular para Relaciones Interiores, Justicia y Paz (MPPRIJP) y a sus entes adscritos, la Jornada de Atenci\u00f3n Social realizada en el sector Araguaney de Caucaguita, estado Miranda.<\/p>\n<p><span style=\"background-color: initial;\">El FONA durante la Jornada brind\u00f3 asesor\u00edas e informaci\u00f3n sobre los diferentes proyectos y actividades que se realizan la instituci\u00f3n, tambi\u00e9n las m\u00faltiples instituciones adscritos al MPPRIJP, realizaron asesor\u00eda en diferentes \u00e1mbitos, charlas preventivas, atenci\u00f3n m\u00e9dica, y entrega de medicamentos a la comunidad.<\/span><\/p><p><span style=\"background-color: initial;\">Est\u00e1s acciones est\u00e1n enmarcadas en el Plan Antonio Jos\u00e9 de Sucre, para garantizar el bienestar de las comunidades del municipio Sucre del estado Miranda.<\/span><\/p>\n<p><span style=\"background-color: initial;\">&nbsp;<\/span><\/p>\n<p><span style=\"background-color: initial;\">R\/F: Jonathan Prieto \/ Prensa Fona<\/span><\/p>\t\t\t\t\t\t<\/div>\n\t\t\t\t<\/div>\n\t\t\t\t\t<\/div>\n\t\t<\/div>\n\t\t\t\t\t<\/div>\n\t\t<\/section>\n\t\t\t\t<\/div>\n\t\t","protected":false},"excerpt":{"rendered":"<p>El Fondo Nacional Antidrogas (FONA) acompa\u00f1\u00f3 al Ministerio del Poder Popular para Relaciones Interiores, Justicia y Paz (MPPRIJP) y a sus entes adscritos, la Jornada de Atenci\u00f3n Social realizada en el sector Araguaney de Caucaguita, estado Miranda. El FONA durante la Jornada brind\u00f3 asesor\u00edas e informaci\u00f3n sobre los diferentes proyectos y actividades que se realizan [&hellip;]<\/p>\n","protected":false},"author":2,"featured_media":12773,"comment_status":"closed","ping_status":"closed","sticky":false,"template":"","format":"standard","meta":{"footnotes":""},"categories":[58],"tags":[],"class_list":["post-12772","post","type-post","status-publish","format-standard","has-post-thumbnail","hentry","category-noticias"],"yoast_head":"<!-- This site is optimized with the Yoast SEO plugin v26.4 - https:\/\/yoast.com\/wordpress\/plugins\/seo\/ -->\n<title>Es realizada Jornada de Atenci\u00f3n Social en sector Araguaney del estado Miranda - Fondo Nacional Antidrogas<\/title>\n<meta name=\"robots\" content=\"index, follow, max-snippet:-1, max-image-preview:large, max-video-preview:-1\" \/>\n<link rel=\"canonical\" href=\"https:\/\/www.fona.gob.ve\/index.php\/2025\/07\/31\/es-realizada-jornada-de-atencion-social-en-sector-araguaney-del-estado-miranda\/\" \/>\n<meta property=\"og:locale\" content=\"es_ES\" \/>\n<meta property=\"og:type\" content=\"article\" \/>\n<meta property=\"og:title\" content=\"Es realizada Jornada de Atenci\u00f3n Social en sector Araguaney del estado Miranda - Fondo Nacional Antidrogas\" \/>\n<meta property=\"og:description\" content=\"El Fondo Nacional Antidrogas (FONA) acompa\u00f1\u00f3 al Ministerio del Poder Popular para Relaciones Interiores, Justicia y Paz (MPPRIJP) y a sus entes adscritos, la Jornada de Atenci\u00f3n Social realizada en el sector Araguaney de Caucaguita, estado Miranda. El FONA durante la Jornada brind\u00f3 asesor\u00edas e informaci\u00f3n sobre los diferentes proyectos y actividades que se realizan [&hellip;]\" \/>\n<meta property=\"og:url\" content=\"https:\/\/www.fona.gob.ve\/index.php\/2025\/07\/31\/es-realizada-jornada-de-atencion-social-en-sector-araguaney-del-estado-miranda\/\" \/>\n<meta property=\"og:site_name\" content=\"Fondo Nacional Antidrogas\" \/>\n<meta property=\"article:published_time\" content=\"2025-07-31T17:50:12+00:00\" \/>\n<meta property=\"article:modified_time\" content=\"2025-07-31T17:52:57+00:00\" \/>\n<meta property=\"og:image\" content=\"https:\/\/www.fona.gob.ve\/wp-content\/uploads\/2025\/07\/IMG_8626-scaled.jpg\" \/>\n\t<meta property=\"og:image:width\" content=\"2560\" \/>\n\t<meta property=\"og:image:height\" content=\"1440\" \/>\n\t<meta property=\"og:image:type\" content=\"image\/jpeg\" \/>\n<meta name=\"author\" content=\"prensa prensa\" \/>\n<meta name=\"twitter:card\" content=\"summary_large_image\" \/>\n<meta name=\"twitter:label1\" content=\"Escrito por\" \/>\n\t<meta name=\"twitter:data1\" content=\"prensa prensa\" \/>\n\t<meta name=\"twitter:label2\" content=\"Tiempo de lectura\" \/>\n\t<meta name=\"twitter:data2\" content=\"1 minuto\" \/>\n<script type=\"application\/ld+json\" class=\"yoast-schema-graph\">{\"@context\":\"https:\/\/schema.org\",\"@graph\":[{\"@type\":\"Article\",\"@id\":\"https:\/\/www.fona.gob.ve\/index.php\/2025\/07\/31\/es-realizada-jornada-de-atencion-social-en-sector-araguaney-del-estado-miranda\/#article\",\"isPartOf\":{\"@id\":\"https:\/\/www.fona.gob.ve\/index.php\/2025\/07\/31\/es-realizada-jornada-de-atencion-social-en-sector-araguaney-del-estado-miranda\/\"},\"author\":{\"name\":\"prensa prensa\",\"@id\":\"https:\/\/www.fona.gob.ve\/#\/schema\/person\/887f0d86a3d016ef9df002d3603dd736\"},\"headline\":\"Es realizada Jornada de Atenci\u00f3n Social en sector Araguaney del estado Miranda\",\"datePublished\":\"2025-07-31T17:50:12+00:00\",\"dateModified\":\"2025-07-31T17:52:57+00:00\",\"mainEntityOfPage\":{\"@id\":\"https:\/\/www.fona.gob.ve\/index.php\/2025\/07\/31\/es-realizada-jornada-de-atencion-social-en-sector-araguaney-del-estado-miranda\/\"},\"wordCount\":135,\"publisher\":{\"@id\":\"https:\/\/www.fona.gob.ve\/#organization\"},\"image\":{\"@id\":\"https:\/\/www.fona.gob.ve\/index.php\/2025\/07\/31\/es-realizada-jornada-de-atencion-social-en-sector-araguaney-del-estado-miranda\/#primaryimage\"},\"thumbnailUrl\":\"https:\/\/www.fona.gob.ve\/wp-content\/uploads\/2025\/07\/IMG_8626-scaled.jpg\",\"articleSection\":[\"Noticias\"],\"inLanguage\":\"es\"},{\"@type\":\"WebPage\",\"@id\":\"https:\/\/www.fona.gob.ve\/index.php\/2025\/07\/31\/es-realizada-jornada-de-atencion-social-en-sector-araguaney-del-estado-miranda\/\",\"url\":\"https:\/\/www.fona.gob.ve\/index.php\/2025\/07\/31\/es-realizada-jornada-de-atencion-social-en-sector-araguaney-del-estado-miranda\/\",\"name\":\"Es realizada Jornada de Atenci\u00f3n Social en sector Araguaney del estado Miranda - Fondo Nacional Antidrogas\",\"isPartOf\":{\"@id\":\"https:\/\/www.fona.gob.ve\/#website\"},\"primaryImageOfPage\":{\"@id\":\"https:\/\/www.fona.gob.ve\/index.php\/2025\/07\/31\/es-realizada-jornada-de-atencion-social-en-sector-araguaney-del-estado-miranda\/#primaryimage\"},\"image\":{\"@id\":\"https:\/\/www.fona.gob.ve\/index.php\/2025\/07\/31\/es-realizada-jornada-de-atencion-social-en-sector-araguaney-del-estado-miranda\/#primaryimage\"},\"thumbnailUrl\":\"https:\/\/www.fona.gob.ve\/wp-content\/uploads\/2025\/07\/IMG_8626-scaled.jpg\",\"datePublished\":\"2025-07-31T17:50:12+00:00\",\"dateModified\":\"2025-07-31T17:52:57+00:00\",\"breadcrumb\":{\"@id\":\"https:\/\/www.fona.gob.ve\/index.php\/2025\/07\/31\/es-realizada-jornada-de-atencion-social-en-sector-araguaney-del-estado-miranda\/#breadcrumb\"},\"inLanguage\":\"es\",\"potentialAction\":[{\"@type\":\"ReadAction\",\"target\":[\"https:\/\/www.fona.gob.ve\/index.php\/2025\/07\/31\/es-realizada-jornada-de-atencion-social-en-sector-araguaney-del-estado-miranda\/\"]}]},{\"@type\":\"ImageObject\",\"inLanguage\":\"es\",\"@id\":\"https:\/\/www.fona.gob.ve\/index.php\/2025\/07\/31\/es-realizada-jornada-de-atencion-social-en-sector-araguaney-del-estado-miranda\/#primaryimage\",\"url\":\"https:\/\/www.fona.gob.ve\/wp-content\/uploads\/2025\/07\/IMG_8626-scaled.jpg\",\"contentUrl\":\"https:\/\/www.fona.gob.ve\/wp-content\/uploads\/2025\/07\/IMG_8626-scaled.jpg\",\"width\":2560,\"height\":1440,\"caption\":\"DCIM101MEDIADJI_0409.JPG\"},{\"@type\":\"BreadcrumbList\",\"@id\":\"https:\/\/www.fona.gob.ve\/index.php\/2025\/07\/31\/es-realizada-jornada-de-atencion-social-en-sector-araguaney-del-estado-miranda\/#breadcrumb\",\"itemListElement\":[{\"@type\":\"ListItem\",\"position\":1,\"name\":\"Portada\",\"item\":\"https:\/\/www.fona.gob.ve\/\"},{\"@type\":\"ListItem\",\"position\":2,\"name\":\"Es realizada Jornada de Atenci\u00f3n Social en sector Araguaney del estado Miranda\"}]},{\"@type\":\"WebSite\",\"@id\":\"https:\/\/www.fona.gob.ve\/#website\",\"url\":\"https:\/\/www.fona.gob.ve\/\",\"name\":\"Fondo Nacional Antidrogas\",\"description\":\"Conoce las acciones, programas y pol\u00edticas del Fondo Nacional Antidrogas (FONA) orientadas a la prevenci\u00f3n, atenci\u00f3n integral y lucha contra el consumo de drogas en Venezuela. Informaci\u00f3n oficial y actualizada.\",\"publisher\":{\"@id\":\"https:\/\/www.fona.gob.ve\/#organization\"},\"potentialAction\":[{\"@type\":\"SearchAction\",\"target\":{\"@type\":\"EntryPoint\",\"urlTemplate\":\"https:\/\/www.fona.gob.ve\/?s={search_term_string}\"},\"query-input\":{\"@type\":\"PropertyValueSpecification\",\"valueRequired\":true,\"valueName\":\"search_term_string\"}}],\"inLanguage\":\"es\"},{\"@type\":\"Organization\",\"@id\":\"https:\/\/www.fona.gob.ve\/#organization\",\"name\":\"Fondo Nacional Antidrogas\",\"url\":\"https:\/\/www.fona.gob.ve\/\",\"logo\":{\"@type\":\"ImageObject\",\"inLanguage\":\"es\",\"@id\":\"https:\/\/www.fona.gob.ve\/#\/schema\/logo\/image\/\",\"url\":\"https:\/\/www.fona.gob.ve\/wp-content\/uploads\/2025\/04\/fona.jpeg\",\"contentUrl\":\"https:\/\/www.fona.gob.ve\/wp-content\/uploads\/2025\/04\/fona.jpeg\",\"width\":1200,\"height\":1200,\"caption\":\"Fondo Nacional Antidrogas\"},\"image\":{\"@id\":\"https:\/\/www.fona.gob.ve\/#\/schema\/logo\/image\/\"}},{\"@type\":\"Person\",\"@id\":\"https:\/\/www.fona.gob.ve\/#\/schema\/person\/887f0d86a3d016ef9df002d3603dd736\",\"name\":\"prensa prensa\",\"sameAs\":[\"https:\/\/fona.gob.ve\"],\"url\":\"https:\/\/www.fona.gob.ve\/index.php\/author\/prensa\/\"}]}<\/script>\n<!-- \/ Yoast SEO plugin. -->","yoast_head_json":{"title":"Es realizada Jornada de Atenci\u00f3n Social en sector Araguaney del estado Miranda - Fondo Nacional Antidrogas","robots":{"index":"index","follow":"follow","max-snippet":"max-snippet:-1","max-image-preview":"max-image-preview:large","max-video-preview":"max-video-preview:-1"},"canonical":"https:\/\/www.fona.gob.ve\/index.php\/2025\/07\/31\/es-realizada-jornada-de-atencion-social-en-sector-araguaney-del-estado-miranda\/","og_locale":"es_ES","og_type":"article","og_title":"Es realizada Jornada de Atenci\u00f3n Social en sector Araguaney del estado Miranda - Fondo Nacional Antidrogas","og_description":"El Fondo Nacional Antidrogas (FONA) acompa\u00f1\u00f3 al Ministerio del Poder Popular para Relaciones Interiores, Justicia y Paz (MPPRIJP) y a sus entes adscritos, la Jornada de Atenci\u00f3n Social realizada en el sector Araguaney de Caucaguita, estado Miranda. El FONA durante la Jornada brind\u00f3 asesor\u00edas e informaci\u00f3n sobre los diferentes proyectos y actividades que se realizan [&hellip;]","og_url":"https:\/\/www.fona.gob.ve\/index.php\/2025\/07\/31\/es-realizada-jornada-de-atencion-social-en-sector-araguaney-del-estado-miranda\/","og_site_name":"Fondo Nacional Antidrogas","article_published_time":"2025-07-31T17:50:12+00:00","article_modified_time":"2025-07-31T17:52:57+00:00","og_image":[{"width":2560,"height":1440,"url":"https:\/\/www.fona.gob.ve\/wp-content\/uploads\/2025\/07\/IMG_8626-scaled.jpg","type":"image\/jpeg"}],"author":"prensa prensa","twitter_card":"summary_large_image","twitter_misc":{"Escrito por":"prensa prensa","Tiempo de lectura":"1 minuto"},"schema":{"@context":"https:\/\/schema.org","@graph":[{"@type":"Article","@id":"https:\/\/www.fona.gob.ve\/index.php\/2025\/07\/31\/es-realizada-jornada-de-atencion-social-en-sector-araguaney-del-estado-miranda\/#article","isPartOf":{"@id":"https:\/\/www.fona.gob.ve\/index.php\/2025\/07\/31\/es-realizada-jornada-de-atencion-social-en-sector-araguaney-del-estado-miranda\/"},"author":{"name":"prensa prensa","@id":"https:\/\/www.fona.gob.ve\/#\/schema\/person\/887f0d86a3d016ef9df002d3603dd736"},"headline":"Es realizada Jornada de Atenci\u00f3n Social en sector Araguaney del estado Miranda","datePublished":"2025-07-31T17:50:12+00:00","dateModified":"2025-07-31T17:52:57+00:00","mainEntityOfPage":{"@id":"https:\/\/www.fona.gob.ve\/index.php\/2025\/07\/31\/es-realizada-jornada-de-atencion-social-en-sector-araguaney-del-estado-miranda\/"},"wordCount":135,"publisher":{"@id":"https:\/\/www.fona.gob.ve\/#organization"},"image":{"@id":"https:\/\/www.fona.gob.ve\/index.php\/2025\/07\/31\/es-realizada-jornada-de-atencion-social-en-sector-araguaney-del-estado-miranda\/#primaryimage"},"thumbnailUrl":"https:\/\/www.fona.gob.ve\/wp-content\/uploads\/2025\/07\/IMG_8626-scaled.jpg","articleSection":["Noticias"],"inLanguage":"es"},{"@type":"WebPage","@id":"https:\/\/www.fona.gob.ve\/index.php\/2025\/07\/31\/es-realizada-jornada-de-atencion-social-en-sector-araguaney-del-estado-miranda\/","url":"https:\/\/www.fona.gob.ve\/index.php\/2025\/07\/31\/es-realizada-jornada-de-atencion-social-en-sector-araguaney-del-estado-miranda\/","name":"Es realizada Jornada de Atenci\u00f3n Social en sector Araguaney del estado Miranda - Fondo Nacional Antidrogas","isPartOf":{"@id":"https:\/\/www.fona.gob.ve\/#website"},"primaryImageOfPage":{"@id":"https:\/\/www.fona.gob.ve\/index.php\/2025\/07\/31\/es-realizada-jornada-de-atencion-social-en-sector-araguaney-del-estado-miranda\/#primaryimage"},"image":{"@id":"https:\/\/www.fona.gob.ve\/index.php\/2025\/07\/31\/es-realizada-jornada-de-atencion-social-en-sector-araguaney-del-estado-miranda\/#primaryimage"},"thumbnailUrl":"https:\/\/www.fona.gob.ve\/wp-content\/uploads\/2025\/07\/IMG_8626-scaled.jpg","datePublished":"2025-07-31T17:50:12+00:00","dateModified":"2025-07-31T17:52:57+00:00","breadcrumb":{"@id":"https:\/\/www.fona.gob.ve\/index.php\/2025\/07\/31\/es-realizada-jornada-de-atencion-social-en-sector-araguaney-del-estado-miranda\/#breadcrumb"},"inLanguage":"es","potentialAction":[{"@type":"ReadAction","target":["https:\/\/www.fona.gob.ve\/index.php\/2025\/07\/31\/es-realizada-jornada-de-atencion-social-en-sector-araguaney-del-estado-miranda\/"]}]},{"@type":"ImageObject","inLanguage":"es","@id":"https:\/\/www.fona.gob.ve\/index.php\/2025\/07\/31\/es-realizada-jornada-de-atencion-social-en-sector-araguaney-del-estado-miranda\/#primaryimage","url":"https:\/\/www.fona.gob.ve\/wp-content\/uploads\/2025\/07\/IMG_8626-scaled.jpg","contentUrl":"https:\/\/www.fona.gob.ve\/wp-content\/uploads\/2025\/07\/IMG_8626-scaled.jpg","width":2560,"height":1440,"caption":"DCIM101MEDIADJI_0409.JPG"},{"@type":"BreadcrumbList","@id":"https:\/\/www.fona.gob.ve\/index.php\/2025\/07\/31\/es-realizada-jornada-de-atencion-social-en-sector-araguaney-del-estado-miranda\/#breadcrumb","itemListElement":[{"@type":"ListItem","position":1,"name":"Portada","item":"https:\/\/www.fona.gob.ve\/"},{"@type":"ListItem","position":2,"name":"Es realizada Jornada de Atenci\u00f3n Social en sector Araguaney del estado Miranda"}]},{"@type":"WebSite","@id":"https:\/\/www.fona.gob.ve\/#website","url":"https:\/\/www.fona.gob.ve\/","name":"Fondo Nacional Antidrogas","description":"Conoce las acciones, programas y pol\u00edticas del Fondo Nacional Antidrogas (FONA) orientadas a la prevenci\u00f3n, atenci\u00f3n integral y lucha contra el consumo de drogas en Venezuela. Informaci\u00f3n oficial y actualizada.","publisher":{"@id":"https:\/\/www.fona.gob.ve\/#organization"},"potentialAction":[{"@type":"SearchAction","target":{"@type":"EntryPoint","urlTemplate":"https:\/\/www.fona.gob.ve\/?s={search_term_string}"},"query-input":{"@type":"PropertyValueSpecification","valueRequired":true,"valueName":"search_term_string"}}],"inLanguage":"es"},{"@type":"Organization","@id":"https:\/\/www.fona.gob.ve\/#organization","name":"Fondo Nacional Antidrogas","url":"https:\/\/www.fona.gob.ve\/","logo":{"@type":"ImageObject","inLanguage":"es","@id":"https:\/\/www.fona.gob.ve\/#\/schema\/logo\/image\/","url":"https:\/\/www.fona.gob.ve\/wp-content\/uploads\/2025\/04\/fona.jpeg","contentUrl":"https:\/\/www.fona.gob.ve\/wp-content\/uploads\/2025\/04\/fona.jpeg","width":1200,"height":1200,"caption":"Fondo Nacional Antidrogas"},"image":{"@id":"https:\/\/www.fona.gob.ve\/#\/schema\/logo\/image\/"}},{"@type":"Person","@id":"https:\/\/www.fona.gob.ve\/#\/schema\/person\/887f0d86a3d016ef9df002d3603dd736","name":"prensa prensa","sameAs":["https:\/\/fona.gob.ve"],"url":"https:\/\/www.fona.gob.ve\/index.php\/author\/prensa\/"}]}},"_links":{"self":[{"href":"https:\/\/www.fona.gob.ve\/index.php\/wp-json\/wp\/v2\/posts\/12772","targetHints":{"allow":["GET"]}}],"collection":[{"href":"https:\/\/www.fona.gob.ve\/index.php\/wp-json\/wp\/v2\/posts"}],"about":[{"href":"https:\/\/www.fona.gob.ve\/index.php\/wp-json\/wp\/v2\/types\/post"}],"author":[{"embeddable":true,"href":"https:\/\/www.fona.gob.ve\/index.php\/wp-json\/wp\/v2\/users\/2"}],"replies":[{"embeddable":true,"href":"https:\/\/www.fona.gob.ve\/index.php\/wp-json\/wp\/v2\/comments?post=12772"}],"version-history":[{"count":6,"href":"https:\/\/www.fona.gob.ve\/index.php\/wp-json\/wp\/v2\/posts\/12772\/revisions"}],"predecessor-version":[{"id":12779,"href":"https:\/\/www.fona.gob.ve\/index.php\/wp-json\/wp\/v2\/posts\/12772\/revisions\/12779"}],"wp:featuredmedia":[{"embeddable":true,"href":"https:\/\/www.fona.gob.ve\/index.php\/wp-json\/wp\/v2\/media\/12773"}],"wp:attachment":[{"href":"https:\/\/www.fona.gob.ve\/index.php\/wp-json\/wp\/v2\/media?parent=12772"}],"wp:term":[{"taxonomy":"category","embeddable":true,"href":"https:\/\/www.fona.gob.ve\/index.php\/wp-json\/wp\/v2\/categories?post=12772"},{"taxonomy":"post_tag","embeddable":true,"href":"https:\/\/www.fona.gob.ve\/index.php\/wp-json\/wp\/v2\/tags?post=12772"}],"curies":[{"name":"wp","href":"https:\/\/api.w.org\/{rel}","templated":true}]}}