{"id":12760,"date":"2025-07-11T09:08:00","date_gmt":"2025-07-11T13:08:00","guid":{"rendered":"https:\/\/www.fona.gob.ve\/?p=12760"},"modified":"2025-07-11T09:09:07","modified_gmt":"2025-07-11T13:09:07","slug":"establecen-lineas-de-accion-para-fortalecer-el-accionar-de-los-organos-de-seguridad-en-carabobo","status":"publish","type":"post","link":"https:\/\/www.fona.gob.ve\/index.php\/2025\/07\/11\/establecen-lineas-de-accion-para-fortalecer-el-accionar-de-los-organos-de-seguridad-en-carabobo\/","title":{"rendered":"Establecen l\u00edneas de acci\u00f3n para fortalecer el accionar de los \u00f3rganos de seguridad en Carabobo"},"content":{"rendered":"\t\t<div data-elementor-type=\"wp-post\" data-elementor-id=\"12760\" class=\"elementor elementor-12760\" data-elementor-post-type=\"post\">\n\t\t\t\t\t\t<section class=\"elementor-section elementor-top-section elementor-element elementor-element-4b583efb elementor-section-boxed elementor-section-height-default elementor-section-height-default\" data-id=\"4b583efb\" data-element_type=\"section\">\n\t\t\t\t\t\t<div class=\"elementor-container elementor-column-gap-default\">\n\t\t\t\t\t<div class=\"elementor-column elementor-col-100 elementor-top-column elementor-element elementor-element-2de65e1a\" data-id=\"2de65e1a\" data-element_type=\"column\">\n\t\t\t<div class=\"elementor-widget-wrap elementor-element-populated\">\n\t\t\t\t\t\t<div class=\"elementor-element elementor-element-64a3c8c elementor-widget elementor-widget-image\" data-id=\"64a3c8c\" data-element_type=\"widget\" data-widget_type=\"image.default\">\n\t\t\t\t<div class=\"elementor-widget-container\">\n\t\t\t\t\t\t\t\t\t\t\t\t\t<img fetchpriority=\"high\" decoding=\"async\" width=\"800\" height=\"445\" src=\"https:\/\/www.fona.gob.ve\/wp-content\/uploads\/2025\/07\/Establecen-lineas-de-accion-para-fortalecer-el-accionar-de-los-organos-de-seguridad-en-Carabobo-10-800x445-1.jpeg\" class=\"attachment-large size-large wp-image-12761\" alt=\"\" srcset=\"https:\/\/www.fona.gob.ve\/wp-content\/uploads\/2025\/07\/Establecen-lineas-de-accion-para-fortalecer-el-accionar-de-los-organos-de-seguridad-en-Carabobo-10-800x445-1.jpeg 800w, https:\/\/www.fona.gob.ve\/wp-content\/uploads\/2025\/07\/Establecen-lineas-de-accion-para-fortalecer-el-accionar-de-los-organos-de-seguridad-en-Carabobo-10-800x445-1-300x167.jpeg 300w, https:\/\/www.fona.gob.ve\/wp-content\/uploads\/2025\/07\/Establecen-lineas-de-accion-para-fortalecer-el-accionar-de-los-organos-de-seguridad-en-Carabobo-10-800x445-1-768x427.jpeg 768w, https:\/\/www.fona.gob.ve\/wp-content\/uploads\/2025\/07\/Establecen-lineas-de-accion-para-fortalecer-el-accionar-de-los-organos-de-seguridad-en-Carabobo-10-800x445-1-480x267.jpeg 480w\" sizes=\"(max-width: 800px) 100vw, 800px\" title=\"Establecen-lineas-de-accion-para-fortalecer-el-accionar-de-los-organos-de-seguridad-en-Carabobo-10-800x445\" \/>\t\t\t\t\t\t\t\t\t\t\t\t\t<\/div>\n\t\t\t\t<\/div>\n\t\t\t\t<div class=\"elementor-element elementor-element-7c4a8c0e elementor-widget elementor-widget-text-editor\" data-id=\"7c4a8c0e\" data-element_type=\"widget\" data-widget_type=\"text-editor.default\">\n\t\t\t\t<div class=\"elementor-widget-container\">\n\t\t\t\t\t\t\t<p>Desde el estado Carabobo, espec\u00edficamente en el municipio Valencia, este jueves el vicepresidente sectorial de Pol\u00edtica, Seguridad Ciudadana y Paz, Cap. Diosdado Cabello, lider\u00f3 un encuentro de trabajo con representantes de los diferentes \u00f3rganos de seguridad ciudadana que operan en esta entidad.<\/p><p>En este sentido, el tambi\u00e9n Ministro del Poder Popular para Relaciones Interiores, Justicia y Paz (Mpprijp), se reuni\u00f3 con representantes del el Cuerpo de Investigaciones Cient\u00edficas (Cicpc), el Cuerpo de Polic\u00eda Nacional Bolivariana (CPNB), las polic\u00edas estadal y municipales de Carabobo, el Cuerpo de Bomberos, el Servicio Bolivariano de Inteligencia Nacional, Protecci\u00f3n Civil y la Fuerza Armada Nacional Bolivariana.<\/p><p>Durante este encuentro, el titular de la Cartera de Seguridad Ciudadana estableci\u00f3 l\u00edneas de acci\u00f3n estrat\u00e9gicas para continuar garantizando el bienestar y la seguridad de los habitantes de la entidad.<\/p><p>Cabe destacar que el desarrollo de estas acciones se encuentra en la Gran Misi\u00f3n Cuadrantes de Paz, a trav\u00e9s de la cual el Gobierno Bolivariano fortalece el accionar de los \u00f3rganos de seguridad ciudadana en perfecta fusi\u00f3n popular, militar y policial.<\/p><div class=\"wp-block-image\">\u00a0<\/div><p><strong>Prensa Mpprijp<\/strong><\/p>\t\t\t\t\t\t<\/div>\n\t\t\t\t<\/div>\n\t\t\t\t\t<\/div>\n\t\t<\/div>\n\t\t\t\t\t<\/div>\n\t\t<\/section>\n\t\t\t\t<\/div>\n\t\t","protected":false},"excerpt":{"rendered":"<p>Desde el estado Carabobo, espec\u00edficamente en el municipio Valencia, este jueves el vicepresidente sectorial de Pol\u00edtica, Seguridad Ciudadana y Paz, Cap. Diosdado Cabello, lider\u00f3 un encuentro de trabajo con representantes de los diferentes \u00f3rganos de seguridad ciudadana que operan en esta entidad. En este sentido, el tambi\u00e9n Ministro del Poder Popular para Relaciones Interiores, Justicia [&hellip;]<\/p>\n","protected":false},"author":2,"featured_media":12761,"comment_status":"closed","ping_status":"closed","sticky":false,"template":"","format":"standard","meta":{"footnotes":""},"categories":[58],"tags":[],"class_list":["post-12760","post","type-post","status-publish","format-standard","has-post-thumbnail","hentry","category-noticias"],"yoast_head":"<!-- This site is optimized with the Yoast SEO plugin v26.4 - https:\/\/yoast.com\/wordpress\/plugins\/seo\/ -->\n<title>Establecen l\u00edneas de acci\u00f3n para fortalecer el accionar de los \u00f3rganos de seguridad en Carabobo - Fondo Nacional Antidrogas<\/title>\n<meta name=\"robots\" content=\"index, follow, max-snippet:-1, max-image-preview:large, max-video-preview:-1\" \/>\n<link rel=\"canonical\" href=\"https:\/\/www.fona.gob.ve\/index.php\/2025\/07\/11\/establecen-lineas-de-accion-para-fortalecer-el-accionar-de-los-organos-de-seguridad-en-carabobo\/\" \/>\n<meta property=\"og:locale\" content=\"es_ES\" \/>\n<meta property=\"og:type\" content=\"article\" \/>\n<meta property=\"og:title\" content=\"Establecen l\u00edneas de acci\u00f3n para fortalecer el accionar de los \u00f3rganos de seguridad en Carabobo - Fondo Nacional Antidrogas\" \/>\n<meta property=\"og:description\" content=\"Desde el estado Carabobo, espec\u00edficamente en el municipio Valencia, este jueves el vicepresidente sectorial de Pol\u00edtica, Seguridad Ciudadana y Paz, Cap. Diosdado Cabello, lider\u00f3 un encuentro de trabajo con representantes de los diferentes \u00f3rganos de seguridad ciudadana que operan en esta entidad. En este sentido, el tambi\u00e9n Ministro del Poder Popular para Relaciones Interiores, Justicia [&hellip;]\" \/>\n<meta property=\"og:url\" content=\"https:\/\/www.fona.gob.ve\/index.php\/2025\/07\/11\/establecen-lineas-de-accion-para-fortalecer-el-accionar-de-los-organos-de-seguridad-en-carabobo\/\" \/>\n<meta property=\"og:site_name\" content=\"Fondo Nacional Antidrogas\" \/>\n<meta property=\"article:published_time\" content=\"2025-07-11T13:08:00+00:00\" \/>\n<meta property=\"article:modified_time\" content=\"2025-07-11T13:09:07+00:00\" \/>\n<meta property=\"og:image\" content=\"https:\/\/www.fona.gob.ve\/wp-content\/uploads\/2025\/07\/Establecen-lineas-de-accion-para-fortalecer-el-accionar-de-los-organos-de-seguridad-en-Carabobo-10-800x445-1.jpeg\" \/>\n\t<meta property=\"og:image:width\" content=\"800\" \/>\n\t<meta property=\"og:image:height\" content=\"445\" \/>\n\t<meta property=\"og:image:type\" content=\"image\/jpeg\" \/>\n<meta name=\"author\" content=\"prensa prensa\" \/>\n<meta name=\"twitter:card\" content=\"summary_large_image\" \/>\n<meta name=\"twitter:label1\" content=\"Escrito por\" \/>\n\t<meta name=\"twitter:data1\" content=\"prensa prensa\" \/>\n\t<meta name=\"twitter:label2\" content=\"Tiempo de lectura\" \/>\n\t<meta name=\"twitter:data2\" content=\"1 minuto\" \/>\n<script type=\"application\/ld+json\" class=\"yoast-schema-graph\">{\"@context\":\"https:\/\/schema.org\",\"@graph\":[{\"@type\":\"Article\",\"@id\":\"https:\/\/www.fona.gob.ve\/index.php\/2025\/07\/11\/establecen-lineas-de-accion-para-fortalecer-el-accionar-de-los-organos-de-seguridad-en-carabobo\/#article\",\"isPartOf\":{\"@id\":\"https:\/\/www.fona.gob.ve\/index.php\/2025\/07\/11\/establecen-lineas-de-accion-para-fortalecer-el-accionar-de-los-organos-de-seguridad-en-carabobo\/\"},\"author\":{\"name\":\"prensa prensa\",\"@id\":\"https:\/\/www.fona.gob.ve\/#\/schema\/person\/887f0d86a3d016ef9df002d3603dd736\"},\"headline\":\"Establecen l\u00edneas de acci\u00f3n para fortalecer el accionar de los \u00f3rganos de seguridad en Carabobo\",\"datePublished\":\"2025-07-11T13:08:00+00:00\",\"dateModified\":\"2025-07-11T13:09:07+00:00\",\"mainEntityOfPage\":{\"@id\":\"https:\/\/www.fona.gob.ve\/index.php\/2025\/07\/11\/establecen-lineas-de-accion-para-fortalecer-el-accionar-de-los-organos-de-seguridad-en-carabobo\/\"},\"wordCount\":204,\"publisher\":{\"@id\":\"https:\/\/www.fona.gob.ve\/#organization\"},\"image\":{\"@id\":\"https:\/\/www.fona.gob.ve\/index.php\/2025\/07\/11\/establecen-lineas-de-accion-para-fortalecer-el-accionar-de-los-organos-de-seguridad-en-carabobo\/#primaryimage\"},\"thumbnailUrl\":\"https:\/\/www.fona.gob.ve\/wp-content\/uploads\/2025\/07\/Establecen-lineas-de-accion-para-fortalecer-el-accionar-de-los-organos-de-seguridad-en-Carabobo-10-800x445-1.jpeg\",\"articleSection\":[\"Noticias\"],\"inLanguage\":\"es\"},{\"@type\":\"WebPage\",\"@id\":\"https:\/\/www.fona.gob.ve\/index.php\/2025\/07\/11\/establecen-lineas-de-accion-para-fortalecer-el-accionar-de-los-organos-de-seguridad-en-carabobo\/\",\"url\":\"https:\/\/www.fona.gob.ve\/index.php\/2025\/07\/11\/establecen-lineas-de-accion-para-fortalecer-el-accionar-de-los-organos-de-seguridad-en-carabobo\/\",\"name\":\"Establecen l\u00edneas de acci\u00f3n para fortalecer el accionar de los \u00f3rganos de seguridad en Carabobo - Fondo Nacional Antidrogas\",\"isPartOf\":{\"@id\":\"https:\/\/www.fona.gob.ve\/#website\"},\"primaryImageOfPage\":{\"@id\":\"https:\/\/www.fona.gob.ve\/index.php\/2025\/07\/11\/establecen-lineas-de-accion-para-fortalecer-el-accionar-de-los-organos-de-seguridad-en-carabobo\/#primaryimage\"},\"image\":{\"@id\":\"https:\/\/www.fona.gob.ve\/index.php\/2025\/07\/11\/establecen-lineas-de-accion-para-fortalecer-el-accionar-de-los-organos-de-seguridad-en-carabobo\/#primaryimage\"},\"thumbnailUrl\":\"https:\/\/www.fona.gob.ve\/wp-content\/uploads\/2025\/07\/Establecen-lineas-de-accion-para-fortalecer-el-accionar-de-los-organos-de-seguridad-en-Carabobo-10-800x445-1.jpeg\",\"datePublished\":\"2025-07-11T13:08:00+00:00\",\"dateModified\":\"2025-07-11T13:09:07+00:00\",\"breadcrumb\":{\"@id\":\"https:\/\/www.fona.gob.ve\/index.php\/2025\/07\/11\/establecen-lineas-de-accion-para-fortalecer-el-accionar-de-los-organos-de-seguridad-en-carabobo\/#breadcrumb\"},\"inLanguage\":\"es\",\"potentialAction\":[{\"@type\":\"ReadAction\",\"target\":[\"https:\/\/www.fona.gob.ve\/index.php\/2025\/07\/11\/establecen-lineas-de-accion-para-fortalecer-el-accionar-de-los-organos-de-seguridad-en-carabobo\/\"]}]},{\"@type\":\"ImageObject\",\"inLanguage\":\"es\",\"@id\":\"https:\/\/www.fona.gob.ve\/index.php\/2025\/07\/11\/establecen-lineas-de-accion-para-fortalecer-el-accionar-de-los-organos-de-seguridad-en-carabobo\/#primaryimage\",\"url\":\"https:\/\/www.fona.gob.ve\/wp-content\/uploads\/2025\/07\/Establecen-lineas-de-accion-para-fortalecer-el-accionar-de-los-organos-de-seguridad-en-Carabobo-10-800x445-1.jpeg\",\"contentUrl\":\"https:\/\/www.fona.gob.ve\/wp-content\/uploads\/2025\/07\/Establecen-lineas-de-accion-para-fortalecer-el-accionar-de-los-organos-de-seguridad-en-Carabobo-10-800x445-1.jpeg\",\"width\":800,\"height\":445},{\"@type\":\"BreadcrumbList\",\"@id\":\"https:\/\/www.fona.gob.ve\/index.php\/2025\/07\/11\/establecen-lineas-de-accion-para-fortalecer-el-accionar-de-los-organos-de-seguridad-en-carabobo\/#breadcrumb\",\"itemListElement\":[{\"@type\":\"ListItem\",\"position\":1,\"name\":\"Portada\",\"item\":\"https:\/\/www.fona.gob.ve\/\"},{\"@type\":\"ListItem\",\"position\":2,\"name\":\"Establecen l\u00edneas de acci\u00f3n para fortalecer el accionar de los \u00f3rganos de seguridad en Carabobo\"}]},{\"@type\":\"WebSite\",\"@id\":\"https:\/\/www.fona.gob.ve\/#website\",\"url\":\"https:\/\/www.fona.gob.ve\/\",\"name\":\"Fondo Nacional Antidrogas\",\"description\":\"Conoce las acciones, programas y pol\u00edticas del Fondo Nacional Antidrogas (FONA) orientadas a la prevenci\u00f3n, atenci\u00f3n integral y lucha contra el consumo de drogas en Venezuela. Informaci\u00f3n oficial y actualizada.\",\"publisher\":{\"@id\":\"https:\/\/www.fona.gob.ve\/#organization\"},\"potentialAction\":[{\"@type\":\"SearchAction\",\"target\":{\"@type\":\"EntryPoint\",\"urlTemplate\":\"https:\/\/www.fona.gob.ve\/?s={search_term_string}\"},\"query-input\":{\"@type\":\"PropertyValueSpecification\",\"valueRequired\":true,\"valueName\":\"search_term_string\"}}],\"inLanguage\":\"es\"},{\"@type\":\"Organization\",\"@id\":\"https:\/\/www.fona.gob.ve\/#organization\",\"name\":\"Fondo Nacional Antidrogas\",\"url\":\"https:\/\/www.fona.gob.ve\/\",\"logo\":{\"@type\":\"ImageObject\",\"inLanguage\":\"es\",\"@id\":\"https:\/\/www.fona.gob.ve\/#\/schema\/logo\/image\/\",\"url\":\"https:\/\/www.fona.gob.ve\/wp-content\/uploads\/2025\/04\/fona.jpeg\",\"contentUrl\":\"https:\/\/www.fona.gob.ve\/wp-content\/uploads\/2025\/04\/fona.jpeg\",\"width\":1200,\"height\":1200,\"caption\":\"Fondo Nacional Antidrogas\"},\"image\":{\"@id\":\"https:\/\/www.fona.gob.ve\/#\/schema\/logo\/image\/\"}},{\"@type\":\"Person\",\"@id\":\"https:\/\/www.fona.gob.ve\/#\/schema\/person\/887f0d86a3d016ef9df002d3603dd736\",\"name\":\"prensa prensa\",\"sameAs\":[\"https:\/\/fona.gob.ve\"],\"url\":\"https:\/\/www.fona.gob.ve\/index.php\/author\/prensa\/\"}]}<\/script>\n<!-- \/ Yoast SEO plugin. -->","yoast_head_json":{"title":"Establecen l\u00edneas de acci\u00f3n para fortalecer el accionar de los \u00f3rganos de seguridad en Carabobo - Fondo Nacional Antidrogas","robots":{"index":"index","follow":"follow","max-snippet":"max-snippet:-1","max-image-preview":"max-image-preview:large","max-video-preview":"max-video-preview:-1"},"canonical":"https:\/\/www.fona.gob.ve\/index.php\/2025\/07\/11\/establecen-lineas-de-accion-para-fortalecer-el-accionar-de-los-organos-de-seguridad-en-carabobo\/","og_locale":"es_ES","og_type":"article","og_title":"Establecen l\u00edneas de acci\u00f3n para fortalecer el accionar de los \u00f3rganos de seguridad en Carabobo - Fondo Nacional Antidrogas","og_description":"Desde el estado Carabobo, espec\u00edficamente en el municipio Valencia, este jueves el vicepresidente sectorial de Pol\u00edtica, Seguridad Ciudadana y Paz, Cap. Diosdado Cabello, lider\u00f3 un encuentro de trabajo con representantes de los diferentes \u00f3rganos de seguridad ciudadana que operan en esta entidad. En este sentido, el tambi\u00e9n Ministro del Poder Popular para Relaciones Interiores, Justicia [&hellip;]","og_url":"https:\/\/www.fona.gob.ve\/index.php\/2025\/07\/11\/establecen-lineas-de-accion-para-fortalecer-el-accionar-de-los-organos-de-seguridad-en-carabobo\/","og_site_name":"Fondo Nacional Antidrogas","article_published_time":"2025-07-11T13:08:00+00:00","article_modified_time":"2025-07-11T13:09:07+00:00","og_image":[{"width":800,"height":445,"url":"https:\/\/www.fona.gob.ve\/wp-content\/uploads\/2025\/07\/Establecen-lineas-de-accion-para-fortalecer-el-accionar-de-los-organos-de-seguridad-en-Carabobo-10-800x445-1.jpeg","type":"image\/jpeg"}],"author":"prensa prensa","twitter_card":"summary_large_image","twitter_misc":{"Escrito por":"prensa prensa","Tiempo de lectura":"1 minuto"},"schema":{"@context":"https:\/\/schema.org","@graph":[{"@type":"Article","@id":"https:\/\/www.fona.gob.ve\/index.php\/2025\/07\/11\/establecen-lineas-de-accion-para-fortalecer-el-accionar-de-los-organos-de-seguridad-en-carabobo\/#article","isPartOf":{"@id":"https:\/\/www.fona.gob.ve\/index.php\/2025\/07\/11\/establecen-lineas-de-accion-para-fortalecer-el-accionar-de-los-organos-de-seguridad-en-carabobo\/"},"author":{"name":"prensa prensa","@id":"https:\/\/www.fona.gob.ve\/#\/schema\/person\/887f0d86a3d016ef9df002d3603dd736"},"headline":"Establecen l\u00edneas de acci\u00f3n para fortalecer el accionar de los \u00f3rganos de seguridad en Carabobo","datePublished":"2025-07-11T13:08:00+00:00","dateModified":"2025-07-11T13:09:07+00:00","mainEntityOfPage":{"@id":"https:\/\/www.fona.gob.ve\/index.php\/2025\/07\/11\/establecen-lineas-de-accion-para-fortalecer-el-accionar-de-los-organos-de-seguridad-en-carabobo\/"},"wordCount":204,"publisher":{"@id":"https:\/\/www.fona.gob.ve\/#organization"},"image":{"@id":"https:\/\/www.fona.gob.ve\/index.php\/2025\/07\/11\/establecen-lineas-de-accion-para-fortalecer-el-accionar-de-los-organos-de-seguridad-en-carabobo\/#primaryimage"},"thumbnailUrl":"https:\/\/www.fona.gob.ve\/wp-content\/uploads\/2025\/07\/Establecen-lineas-de-accion-para-fortalecer-el-accionar-de-los-organos-de-seguridad-en-Carabobo-10-800x445-1.jpeg","articleSection":["Noticias"],"inLanguage":"es"},{"@type":"WebPage","@id":"https:\/\/www.fona.gob.ve\/index.php\/2025\/07\/11\/establecen-lineas-de-accion-para-fortalecer-el-accionar-de-los-organos-de-seguridad-en-carabobo\/","url":"https:\/\/www.fona.gob.ve\/index.php\/2025\/07\/11\/establecen-lineas-de-accion-para-fortalecer-el-accionar-de-los-organos-de-seguridad-en-carabobo\/","name":"Establecen l\u00edneas de acci\u00f3n para fortalecer el accionar de los \u00f3rganos de seguridad en Carabobo - Fondo Nacional Antidrogas","isPartOf":{"@id":"https:\/\/www.fona.gob.ve\/#website"},"primaryImageOfPage":{"@id":"https:\/\/www.fona.gob.ve\/index.php\/2025\/07\/11\/establecen-lineas-de-accion-para-fortalecer-el-accionar-de-los-organos-de-seguridad-en-carabobo\/#primaryimage"},"image":{"@id":"https:\/\/www.fona.gob.ve\/index.php\/2025\/07\/11\/establecen-lineas-de-accion-para-fortalecer-el-accionar-de-los-organos-de-seguridad-en-carabobo\/#primaryimage"},"thumbnailUrl":"https:\/\/www.fona.gob.ve\/wp-content\/uploads\/2025\/07\/Establecen-lineas-de-accion-para-fortalecer-el-accionar-de-los-organos-de-seguridad-en-Carabobo-10-800x445-1.jpeg","datePublished":"2025-07-11T13:08:00+00:00","dateModified":"2025-07-11T13:09:07+00:00","breadcrumb":{"@id":"https:\/\/www.fona.gob.ve\/index.php\/2025\/07\/11\/establecen-lineas-de-accion-para-fortalecer-el-accionar-de-los-organos-de-seguridad-en-carabobo\/#breadcrumb"},"inLanguage":"es","potentialAction":[{"@type":"ReadAction","target":["https:\/\/www.fona.gob.ve\/index.php\/2025\/07\/11\/establecen-lineas-de-accion-para-fortalecer-el-accionar-de-los-organos-de-seguridad-en-carabobo\/"]}]},{"@type":"ImageObject","inLanguage":"es","@id":"https:\/\/www.fona.gob.ve\/index.php\/2025\/07\/11\/establecen-lineas-de-accion-para-fortalecer-el-accionar-de-los-organos-de-seguridad-en-carabobo\/#primaryimage","url":"https:\/\/www.fona.gob.ve\/wp-content\/uploads\/2025\/07\/Establecen-lineas-de-accion-para-fortalecer-el-accionar-de-los-organos-de-seguridad-en-Carabobo-10-800x445-1.jpeg","contentUrl":"https:\/\/www.fona.gob.ve\/wp-content\/uploads\/2025\/07\/Establecen-lineas-de-accion-para-fortalecer-el-accionar-de-los-organos-de-seguridad-en-Carabobo-10-800x445-1.jpeg","width":800,"height":445},{"@type":"BreadcrumbList","@id":"https:\/\/www.fona.gob.ve\/index.php\/2025\/07\/11\/establecen-lineas-de-accion-para-fortalecer-el-accionar-de-los-organos-de-seguridad-en-carabobo\/#breadcrumb","itemListElement":[{"@type":"ListItem","position":1,"name":"Portada","item":"https:\/\/www.fona.gob.ve\/"},{"@type":"ListItem","position":2,"name":"Establecen l\u00edneas de acci\u00f3n para fortalecer el accionar de los \u00f3rganos de seguridad en Carabobo"}]},{"@type":"WebSite","@id":"https:\/\/www.fona.gob.ve\/#website","url":"https:\/\/www.fona.gob.ve\/","name":"Fondo Nacional Antidrogas","description":"Conoce las acciones, programas y pol\u00edticas del Fondo Nacional Antidrogas (FONA) orientadas a la prevenci\u00f3n, atenci\u00f3n integral y lucha contra el consumo de drogas en Venezuela. Informaci\u00f3n oficial y actualizada.","publisher":{"@id":"https:\/\/www.fona.gob.ve\/#organization"},"potentialAction":[{"@type":"SearchAction","target":{"@type":"EntryPoint","urlTemplate":"https:\/\/www.fona.gob.ve\/?s={search_term_string}"},"query-input":{"@type":"PropertyValueSpecification","valueRequired":true,"valueName":"search_term_string"}}],"inLanguage":"es"},{"@type":"Organization","@id":"https:\/\/www.fona.gob.ve\/#organization","name":"Fondo Nacional Antidrogas","url":"https:\/\/www.fona.gob.ve\/","logo":{"@type":"ImageObject","inLanguage":"es","@id":"https:\/\/www.fona.gob.ve\/#\/schema\/logo\/image\/","url":"https:\/\/www.fona.gob.ve\/wp-content\/uploads\/2025\/04\/fona.jpeg","contentUrl":"https:\/\/www.fona.gob.ve\/wp-content\/uploads\/2025\/04\/fona.jpeg","width":1200,"height":1200,"caption":"Fondo Nacional Antidrogas"},"image":{"@id":"https:\/\/www.fona.gob.ve\/#\/schema\/logo\/image\/"}},{"@type":"Person","@id":"https:\/\/www.fona.gob.ve\/#\/schema\/person\/887f0d86a3d016ef9df002d3603dd736","name":"prensa prensa","sameAs":["https:\/\/fona.gob.ve"],"url":"https:\/\/www.fona.gob.ve\/index.php\/author\/prensa\/"}]}},"_links":{"self":[{"href":"https:\/\/www.fona.gob.ve\/index.php\/wp-json\/wp\/v2\/posts\/12760","targetHints":{"allow":["GET"]}}],"collection":[{"href":"https:\/\/www.fona.gob.ve\/index.php\/wp-json\/wp\/v2\/posts"}],"about":[{"href":"https:\/\/www.fona.gob.ve\/index.php\/wp-json\/wp\/v2\/types\/post"}],"author":[{"embeddable":true,"href":"https:\/\/www.fona.gob.ve\/index.php\/wp-json\/wp\/v2\/users\/2"}],"replies":[{"embeddable":true,"href":"https:\/\/www.fona.gob.ve\/index.php\/wp-json\/wp\/v2\/comments?post=12760"}],"version-history":[{"count":3,"href":"https:\/\/www.fona.gob.ve\/index.php\/wp-json\/wp\/v2\/posts\/12760\/revisions"}],"predecessor-version":[{"id":12764,"href":"https:\/\/www.fona.gob.ve\/index.php\/wp-json\/wp\/v2\/posts\/12760\/revisions\/12764"}],"wp:featuredmedia":[{"embeddable":true,"href":"https:\/\/www.fona.gob.ve\/index.php\/wp-json\/wp\/v2\/media\/12761"}],"wp:attachment":[{"href":"https:\/\/www.fona.gob.ve\/index.php\/wp-json\/wp\/v2\/media?parent=12760"}],"wp:term":[{"taxonomy":"category","embeddable":true,"href":"https:\/\/www.fona.gob.ve\/index.php\/wp-json\/wp\/v2\/categories?post=12760"},{"taxonomy":"post_tag","embeddable":true,"href":"https:\/\/www.fona.gob.ve\/index.php\/wp-json\/wp\/v2\/tags?post=12760"}],"curies":[{"name":"wp","href":"https:\/\/api.w.org\/{rel}","templated":true}]}}