{"id":12626,"date":"2025-07-07T11:27:31","date_gmt":"2025-07-07T15:27:31","guid":{"rendered":"https:\/\/www.fona.gob.ve\/?p=12626"},"modified":"2025-07-07T11:33:07","modified_gmt":"2025-07-07T15:33:07","slug":"gobierno-bolivariano-conmemora-el-214-aniversario-de-la-firma-del-acta-de-la-independencia-y-dia-de-la-fanb","status":"publish","type":"post","link":"https:\/\/www.fona.gob.ve\/index.php\/2025\/07\/07\/gobierno-bolivariano-conmemora-el-214-aniversario-de-la-firma-del-acta-de-la-independencia-y-dia-de-la-fanb\/","title":{"rendered":"Gobierno Bolivariano conmemora el 214\u00b0 Aniversario de la Firma del Acta de la Independencia y d\u00eda de la FANB"},"content":{"rendered":"\t\t<div data-elementor-type=\"wp-post\" data-elementor-id=\"12626\" class=\"elementor elementor-12626\" data-elementor-post-type=\"post\">\n\t\t\t\t\t\t<section class=\"elementor-section elementor-top-section elementor-element elementor-element-16aed5fb elementor-section-boxed elementor-section-height-default elementor-section-height-default\" data-id=\"16aed5fb\" data-element_type=\"section\">\n\t\t\t\t\t\t<div class=\"elementor-container elementor-column-gap-default\">\n\t\t\t\t\t<div class=\"elementor-column elementor-col-100 elementor-top-column elementor-element elementor-element-25c7dfbd\" data-id=\"25c7dfbd\" data-element_type=\"column\">\n\t\t\t<div class=\"elementor-widget-wrap elementor-element-populated\">\n\t\t\t\t\t\t<div class=\"elementor-element elementor-element-98071bd elementor-widget elementor-widget-image\" data-id=\"98071bd\" data-element_type=\"widget\" data-widget_type=\"image.default\">\n\t\t\t\t<div class=\"elementor-widget-container\">\n\t\t\t\t\t\t\t\t\t\t\t\t\t<img fetchpriority=\"high\" decoding=\"async\" width=\"800\" height=\"445\" src=\"https:\/\/www.fona.gob.ve\/wp-content\/uploads\/2025\/07\/01medida-para-np-1.jpg\" class=\"attachment-large size-large wp-image-12631\" alt=\"\" srcset=\"https:\/\/www.fona.gob.ve\/wp-content\/uploads\/2025\/07\/01medida-para-np-1.jpg 800w, https:\/\/www.fona.gob.ve\/wp-content\/uploads\/2025\/07\/01medida-para-np-1-300x167.jpg 300w, https:\/\/www.fona.gob.ve\/wp-content\/uploads\/2025\/07\/01medida-para-np-1-768x427.jpg 768w, https:\/\/www.fona.gob.ve\/wp-content\/uploads\/2025\/07\/01medida-para-np-1-480x267.jpg 480w\" sizes=\"(max-width: 800px) 100vw, 800px\" title=\"01medida-para-np\" \/>\t\t\t\t\t\t\t\t\t\t\t\t\t<\/div>\n\t\t\t\t<\/div>\n\t\t\t\t<div class=\"elementor-element elementor-element-593fa03 elementor-widget elementor-widget-text-editor\" data-id=\"593fa03\" data-element_type=\"widget\" data-widget_type=\"text-editor.default\">\n\t\t\t\t<div class=\"elementor-widget-container\">\n\t\t\t\t\t\t\t<p>Este s\u00e1bado desde las instalaciones de la Asamblea Nacional (AN), la vicepresidenta de la Rep\u00fablica, Delcy Rodr\u00edguez, acompa\u00f1ada por el ministro del Poder Popular para Relaciones Interiores, Justicia y Paz, Cap. Diosdado Cabello; y dem\u00e1s autoridades del Poder Ejecutivo; participaron en la Sesi\u00f3n Solemne con motivo a la conmemoraci\u00f3n del 214\u00b0 Aniversario de la Firma del Acta de la Independencia de Venezuela y d\u00eda de la Fuerza Armada Nacional Bolivariana (FANB).<\/p><p><span style=\"background-color: initial;\">La ceremonia incluy\u00f3 la apertura del Arca que contiene los libros de actas del Supremo Congreso de 1811, un acto que resalta la importancia hist\u00f3rica de este documento en la proclamaci\u00f3n de la soberan\u00eda nacional. As\u00ed como tambi\u00e9n simboliza la permanencia de los principios de libertad, igualdad y autodeterminaci\u00f3n consagrados en el documento.<\/span><\/p><p><span style=\"background-color: initial;\">Este evento, que se lleva a cabo cada 5 de julio, no solo conmemora la independencia de Venezuela, sino que tambi\u00e9n representa un compromiso con la soberan\u00eda y los valores republicanos que sustentan la naci\u00f3n.<\/span><\/p><p><span style=\"background-color: initial;\">\u201cHoy que es d\u00eda fundacional, de alegr\u00eda, libertad plena, ratificaci\u00f3n de nuestro grito de combate que es un grito de paz que todos llevamos en nuestros corazones y en nuestra sangre como ratificaci\u00f3n que seremos libres, independientes, soberanos para siempre; que no existe ni habr\u00e1 poder en el mundo que pueda doblegar el legado de los libertadores de esta Am\u00e9rica del Sur\u201d, expreso el presidente de la Asamblea Nacional, Jorge Rodr\u00edguez.<\/span><\/p><p><span style=\"background-color: initial;\">Prensa MPPRIJ<\/span><\/p>\t\t\t\t\t\t<\/div>\n\t\t\t\t<\/div>\n\t\t\t\t\t<\/div>\n\t\t<\/div>\n\t\t\t\t\t<\/div>\n\t\t<\/section>\n\t\t\t\t<\/div>\n\t\t","protected":false},"excerpt":{"rendered":"<p>Este s\u00e1bado desde las instalaciones de la Asamblea Nacional (AN), la vicepresidenta de la Rep\u00fablica, Delcy Rodr\u00edguez, acompa\u00f1ada por el ministro del Poder Popular para Relaciones Interiores, Justicia y Paz, Cap. Diosdado Cabello; y dem\u00e1s autoridades del Poder Ejecutivo; participaron en la Sesi\u00f3n Solemne con motivo a la conmemoraci\u00f3n del 214\u00b0 Aniversario de la Firma [&hellip;]<\/p>\n","protected":false},"author":2,"featured_media":12631,"comment_status":"closed","ping_status":"closed","sticky":false,"template":"","format":"standard","meta":{"footnotes":""},"categories":[58],"tags":[],"class_list":["post-12626","post","type-post","status-publish","format-standard","has-post-thumbnail","hentry","category-noticias"],"yoast_head":"<!-- This site is optimized with the Yoast SEO plugin v26.4 - https:\/\/yoast.com\/wordpress\/plugins\/seo\/ -->\n<title>Gobierno Bolivariano conmemora el 214\u00b0 Aniversario de la Firma del Acta de la Independencia y d\u00eda de la FANB - Fondo Nacional Antidrogas<\/title>\n<meta name=\"robots\" content=\"index, follow, max-snippet:-1, max-image-preview:large, max-video-preview:-1\" \/>\n<link rel=\"canonical\" href=\"https:\/\/www.fona.gob.ve\/index.php\/2025\/07\/07\/gobierno-bolivariano-conmemora-el-214-aniversario-de-la-firma-del-acta-de-la-independencia-y-dia-de-la-fanb\/\" \/>\n<meta property=\"og:locale\" content=\"es_ES\" \/>\n<meta property=\"og:type\" content=\"article\" \/>\n<meta property=\"og:title\" content=\"Gobierno Bolivariano conmemora el 214\u00b0 Aniversario de la Firma del Acta de la Independencia y d\u00eda de la FANB - Fondo Nacional Antidrogas\" \/>\n<meta property=\"og:description\" content=\"Este s\u00e1bado desde las instalaciones de la Asamblea Nacional (AN), la vicepresidenta de la Rep\u00fablica, Delcy Rodr\u00edguez, acompa\u00f1ada por el ministro del Poder Popular para Relaciones Interiores, Justicia y Paz, Cap. Diosdado Cabello; y dem\u00e1s autoridades del Poder Ejecutivo; participaron en la Sesi\u00f3n Solemne con motivo a la conmemoraci\u00f3n del 214\u00b0 Aniversario de la Firma [&hellip;]\" \/>\n<meta property=\"og:url\" content=\"https:\/\/www.fona.gob.ve\/index.php\/2025\/07\/07\/gobierno-bolivariano-conmemora-el-214-aniversario-de-la-firma-del-acta-de-la-independencia-y-dia-de-la-fanb\/\" \/>\n<meta property=\"og:site_name\" content=\"Fondo Nacional Antidrogas\" \/>\n<meta property=\"article:published_time\" content=\"2025-07-07T15:27:31+00:00\" \/>\n<meta property=\"article:modified_time\" content=\"2025-07-07T15:33:07+00:00\" \/>\n<meta property=\"og:image\" content=\"https:\/\/www.fona.gob.ve\/wp-content\/uploads\/2025\/07\/01medida-para-np-1.jpg\" \/>\n\t<meta property=\"og:image:width\" content=\"800\" \/>\n\t<meta property=\"og:image:height\" content=\"445\" \/>\n\t<meta property=\"og:image:type\" content=\"image\/jpeg\" \/>\n<meta name=\"author\" content=\"prensa prensa\" \/>\n<meta name=\"twitter:card\" content=\"summary_large_image\" \/>\n<meta name=\"twitter:label1\" content=\"Escrito por\" \/>\n\t<meta name=\"twitter:data1\" content=\"prensa prensa\" \/>\n\t<meta name=\"twitter:label2\" content=\"Tiempo de lectura\" \/>\n\t<meta name=\"twitter:data2\" content=\"1 minuto\" \/>\n<script type=\"application\/ld+json\" class=\"yoast-schema-graph\">{\"@context\":\"https:\/\/schema.org\",\"@graph\":[{\"@type\":\"Article\",\"@id\":\"https:\/\/www.fona.gob.ve\/index.php\/2025\/07\/07\/gobierno-bolivariano-conmemora-el-214-aniversario-de-la-firma-del-acta-de-la-independencia-y-dia-de-la-fanb\/#article\",\"isPartOf\":{\"@id\":\"https:\/\/www.fona.gob.ve\/index.php\/2025\/07\/07\/gobierno-bolivariano-conmemora-el-214-aniversario-de-la-firma-del-acta-de-la-independencia-y-dia-de-la-fanb\/\"},\"author\":{\"name\":\"prensa prensa\",\"@id\":\"https:\/\/www.fona.gob.ve\/#\/schema\/person\/887f0d86a3d016ef9df002d3603dd736\"},\"headline\":\"Gobierno Bolivariano conmemora el 214\u00b0 Aniversario de la Firma del Acta de la Independencia y d\u00eda de la FANB\",\"datePublished\":\"2025-07-07T15:27:31+00:00\",\"dateModified\":\"2025-07-07T15:33:07+00:00\",\"mainEntityOfPage\":{\"@id\":\"https:\/\/www.fona.gob.ve\/index.php\/2025\/07\/07\/gobierno-bolivariano-conmemora-el-214-aniversario-de-la-firma-del-acta-de-la-independencia-y-dia-de-la-fanb\/\"},\"wordCount\":270,\"publisher\":{\"@id\":\"https:\/\/www.fona.gob.ve\/#organization\"},\"image\":{\"@id\":\"https:\/\/www.fona.gob.ve\/index.php\/2025\/07\/07\/gobierno-bolivariano-conmemora-el-214-aniversario-de-la-firma-del-acta-de-la-independencia-y-dia-de-la-fanb\/#primaryimage\"},\"thumbnailUrl\":\"https:\/\/www.fona.gob.ve\/wp-content\/uploads\/2025\/07\/01medida-para-np-1.jpg\",\"articleSection\":[\"Noticias\"],\"inLanguage\":\"es\"},{\"@type\":\"WebPage\",\"@id\":\"https:\/\/www.fona.gob.ve\/index.php\/2025\/07\/07\/gobierno-bolivariano-conmemora-el-214-aniversario-de-la-firma-del-acta-de-la-independencia-y-dia-de-la-fanb\/\",\"url\":\"https:\/\/www.fona.gob.ve\/index.php\/2025\/07\/07\/gobierno-bolivariano-conmemora-el-214-aniversario-de-la-firma-del-acta-de-la-independencia-y-dia-de-la-fanb\/\",\"name\":\"Gobierno Bolivariano conmemora el 214\u00b0 Aniversario de la Firma del Acta de la Independencia y d\u00eda de la FANB - Fondo Nacional Antidrogas\",\"isPartOf\":{\"@id\":\"https:\/\/www.fona.gob.ve\/#website\"},\"primaryImageOfPage\":{\"@id\":\"https:\/\/www.fona.gob.ve\/index.php\/2025\/07\/07\/gobierno-bolivariano-conmemora-el-214-aniversario-de-la-firma-del-acta-de-la-independencia-y-dia-de-la-fanb\/#primaryimage\"},\"image\":{\"@id\":\"https:\/\/www.fona.gob.ve\/index.php\/2025\/07\/07\/gobierno-bolivariano-conmemora-el-214-aniversario-de-la-firma-del-acta-de-la-independencia-y-dia-de-la-fanb\/#primaryimage\"},\"thumbnailUrl\":\"https:\/\/www.fona.gob.ve\/wp-content\/uploads\/2025\/07\/01medida-para-np-1.jpg\",\"datePublished\":\"2025-07-07T15:27:31+00:00\",\"dateModified\":\"2025-07-07T15:33:07+00:00\",\"breadcrumb\":{\"@id\":\"https:\/\/www.fona.gob.ve\/index.php\/2025\/07\/07\/gobierno-bolivariano-conmemora-el-214-aniversario-de-la-firma-del-acta-de-la-independencia-y-dia-de-la-fanb\/#breadcrumb\"},\"inLanguage\":\"es\",\"potentialAction\":[{\"@type\":\"ReadAction\",\"target\":[\"https:\/\/www.fona.gob.ve\/index.php\/2025\/07\/07\/gobierno-bolivariano-conmemora-el-214-aniversario-de-la-firma-del-acta-de-la-independencia-y-dia-de-la-fanb\/\"]}]},{\"@type\":\"ImageObject\",\"inLanguage\":\"es\",\"@id\":\"https:\/\/www.fona.gob.ve\/index.php\/2025\/07\/07\/gobierno-bolivariano-conmemora-el-214-aniversario-de-la-firma-del-acta-de-la-independencia-y-dia-de-la-fanb\/#primaryimage\",\"url\":\"https:\/\/www.fona.gob.ve\/wp-content\/uploads\/2025\/07\/01medida-para-np-1.jpg\",\"contentUrl\":\"https:\/\/www.fona.gob.ve\/wp-content\/uploads\/2025\/07\/01medida-para-np-1.jpg\",\"width\":800,\"height\":445},{\"@type\":\"BreadcrumbList\",\"@id\":\"https:\/\/www.fona.gob.ve\/index.php\/2025\/07\/07\/gobierno-bolivariano-conmemora-el-214-aniversario-de-la-firma-del-acta-de-la-independencia-y-dia-de-la-fanb\/#breadcrumb\",\"itemListElement\":[{\"@type\":\"ListItem\",\"position\":1,\"name\":\"Portada\",\"item\":\"https:\/\/www.fona.gob.ve\/\"},{\"@type\":\"ListItem\",\"position\":2,\"name\":\"Gobierno Bolivariano conmemora el 214\u00b0 Aniversario de la Firma del Acta de la Independencia y d\u00eda de la FANB\"}]},{\"@type\":\"WebSite\",\"@id\":\"https:\/\/www.fona.gob.ve\/#website\",\"url\":\"https:\/\/www.fona.gob.ve\/\",\"name\":\"Fondo Nacional Antidrogas\",\"description\":\"Conoce las acciones, programas y pol\u00edticas del Fondo Nacional Antidrogas (FONA) orientadas a la prevenci\u00f3n, atenci\u00f3n integral y lucha contra el consumo de drogas en Venezuela. Informaci\u00f3n oficial y actualizada.\",\"publisher\":{\"@id\":\"https:\/\/www.fona.gob.ve\/#organization\"},\"potentialAction\":[{\"@type\":\"SearchAction\",\"target\":{\"@type\":\"EntryPoint\",\"urlTemplate\":\"https:\/\/www.fona.gob.ve\/?s={search_term_string}\"},\"query-input\":{\"@type\":\"PropertyValueSpecification\",\"valueRequired\":true,\"valueName\":\"search_term_string\"}}],\"inLanguage\":\"es\"},{\"@type\":\"Organization\",\"@id\":\"https:\/\/www.fona.gob.ve\/#organization\",\"name\":\"Fondo Nacional Antidrogas\",\"url\":\"https:\/\/www.fona.gob.ve\/\",\"logo\":{\"@type\":\"ImageObject\",\"inLanguage\":\"es\",\"@id\":\"https:\/\/www.fona.gob.ve\/#\/schema\/logo\/image\/\",\"url\":\"https:\/\/www.fona.gob.ve\/wp-content\/uploads\/2025\/04\/fona.jpeg\",\"contentUrl\":\"https:\/\/www.fona.gob.ve\/wp-content\/uploads\/2025\/04\/fona.jpeg\",\"width\":1200,\"height\":1200,\"caption\":\"Fondo Nacional Antidrogas\"},\"image\":{\"@id\":\"https:\/\/www.fona.gob.ve\/#\/schema\/logo\/image\/\"}},{\"@type\":\"Person\",\"@id\":\"https:\/\/www.fona.gob.ve\/#\/schema\/person\/887f0d86a3d016ef9df002d3603dd736\",\"name\":\"prensa prensa\",\"sameAs\":[\"https:\/\/fona.gob.ve\"],\"url\":\"https:\/\/www.fona.gob.ve\/index.php\/author\/prensa\/\"}]}<\/script>\n<!-- \/ Yoast SEO plugin. -->","yoast_head_json":{"title":"Gobierno Bolivariano conmemora el 214\u00b0 Aniversario de la Firma del Acta de la Independencia y d\u00eda de la FANB - Fondo Nacional Antidrogas","robots":{"index":"index","follow":"follow","max-snippet":"max-snippet:-1","max-image-preview":"max-image-preview:large","max-video-preview":"max-video-preview:-1"},"canonical":"https:\/\/www.fona.gob.ve\/index.php\/2025\/07\/07\/gobierno-bolivariano-conmemora-el-214-aniversario-de-la-firma-del-acta-de-la-independencia-y-dia-de-la-fanb\/","og_locale":"es_ES","og_type":"article","og_title":"Gobierno Bolivariano conmemora el 214\u00b0 Aniversario de la Firma del Acta de la Independencia y d\u00eda de la FANB - Fondo Nacional Antidrogas","og_description":"Este s\u00e1bado desde las instalaciones de la Asamblea Nacional (AN), la vicepresidenta de la Rep\u00fablica, Delcy Rodr\u00edguez, acompa\u00f1ada por el ministro del Poder Popular para Relaciones Interiores, Justicia y Paz, Cap. Diosdado Cabello; y dem\u00e1s autoridades del Poder Ejecutivo; participaron en la Sesi\u00f3n Solemne con motivo a la conmemoraci\u00f3n del 214\u00b0 Aniversario de la Firma [&hellip;]","og_url":"https:\/\/www.fona.gob.ve\/index.php\/2025\/07\/07\/gobierno-bolivariano-conmemora-el-214-aniversario-de-la-firma-del-acta-de-la-independencia-y-dia-de-la-fanb\/","og_site_name":"Fondo Nacional Antidrogas","article_published_time":"2025-07-07T15:27:31+00:00","article_modified_time":"2025-07-07T15:33:07+00:00","og_image":[{"width":800,"height":445,"url":"https:\/\/www.fona.gob.ve\/wp-content\/uploads\/2025\/07\/01medida-para-np-1.jpg","type":"image\/jpeg"}],"author":"prensa prensa","twitter_card":"summary_large_image","twitter_misc":{"Escrito por":"prensa prensa","Tiempo de lectura":"1 minuto"},"schema":{"@context":"https:\/\/schema.org","@graph":[{"@type":"Article","@id":"https:\/\/www.fona.gob.ve\/index.php\/2025\/07\/07\/gobierno-bolivariano-conmemora-el-214-aniversario-de-la-firma-del-acta-de-la-independencia-y-dia-de-la-fanb\/#article","isPartOf":{"@id":"https:\/\/www.fona.gob.ve\/index.php\/2025\/07\/07\/gobierno-bolivariano-conmemora-el-214-aniversario-de-la-firma-del-acta-de-la-independencia-y-dia-de-la-fanb\/"},"author":{"name":"prensa prensa","@id":"https:\/\/www.fona.gob.ve\/#\/schema\/person\/887f0d86a3d016ef9df002d3603dd736"},"headline":"Gobierno Bolivariano conmemora el 214\u00b0 Aniversario de la Firma del Acta de la Independencia y d\u00eda de la FANB","datePublished":"2025-07-07T15:27:31+00:00","dateModified":"2025-07-07T15:33:07+00:00","mainEntityOfPage":{"@id":"https:\/\/www.fona.gob.ve\/index.php\/2025\/07\/07\/gobierno-bolivariano-conmemora-el-214-aniversario-de-la-firma-del-acta-de-la-independencia-y-dia-de-la-fanb\/"},"wordCount":270,"publisher":{"@id":"https:\/\/www.fona.gob.ve\/#organization"},"image":{"@id":"https:\/\/www.fona.gob.ve\/index.php\/2025\/07\/07\/gobierno-bolivariano-conmemora-el-214-aniversario-de-la-firma-del-acta-de-la-independencia-y-dia-de-la-fanb\/#primaryimage"},"thumbnailUrl":"https:\/\/www.fona.gob.ve\/wp-content\/uploads\/2025\/07\/01medida-para-np-1.jpg","articleSection":["Noticias"],"inLanguage":"es"},{"@type":"WebPage","@id":"https:\/\/www.fona.gob.ve\/index.php\/2025\/07\/07\/gobierno-bolivariano-conmemora-el-214-aniversario-de-la-firma-del-acta-de-la-independencia-y-dia-de-la-fanb\/","url":"https:\/\/www.fona.gob.ve\/index.php\/2025\/07\/07\/gobierno-bolivariano-conmemora-el-214-aniversario-de-la-firma-del-acta-de-la-independencia-y-dia-de-la-fanb\/","name":"Gobierno Bolivariano conmemora el 214\u00b0 Aniversario de la Firma del Acta de la Independencia y d\u00eda de la FANB - Fondo Nacional Antidrogas","isPartOf":{"@id":"https:\/\/www.fona.gob.ve\/#website"},"primaryImageOfPage":{"@id":"https:\/\/www.fona.gob.ve\/index.php\/2025\/07\/07\/gobierno-bolivariano-conmemora-el-214-aniversario-de-la-firma-del-acta-de-la-independencia-y-dia-de-la-fanb\/#primaryimage"},"image":{"@id":"https:\/\/www.fona.gob.ve\/index.php\/2025\/07\/07\/gobierno-bolivariano-conmemora-el-214-aniversario-de-la-firma-del-acta-de-la-independencia-y-dia-de-la-fanb\/#primaryimage"},"thumbnailUrl":"https:\/\/www.fona.gob.ve\/wp-content\/uploads\/2025\/07\/01medida-para-np-1.jpg","datePublished":"2025-07-07T15:27:31+00:00","dateModified":"2025-07-07T15:33:07+00:00","breadcrumb":{"@id":"https:\/\/www.fona.gob.ve\/index.php\/2025\/07\/07\/gobierno-bolivariano-conmemora-el-214-aniversario-de-la-firma-del-acta-de-la-independencia-y-dia-de-la-fanb\/#breadcrumb"},"inLanguage":"es","potentialAction":[{"@type":"ReadAction","target":["https:\/\/www.fona.gob.ve\/index.php\/2025\/07\/07\/gobierno-bolivariano-conmemora-el-214-aniversario-de-la-firma-del-acta-de-la-independencia-y-dia-de-la-fanb\/"]}]},{"@type":"ImageObject","inLanguage":"es","@id":"https:\/\/www.fona.gob.ve\/index.php\/2025\/07\/07\/gobierno-bolivariano-conmemora-el-214-aniversario-de-la-firma-del-acta-de-la-independencia-y-dia-de-la-fanb\/#primaryimage","url":"https:\/\/www.fona.gob.ve\/wp-content\/uploads\/2025\/07\/01medida-para-np-1.jpg","contentUrl":"https:\/\/www.fona.gob.ve\/wp-content\/uploads\/2025\/07\/01medida-para-np-1.jpg","width":800,"height":445},{"@type":"BreadcrumbList","@id":"https:\/\/www.fona.gob.ve\/index.php\/2025\/07\/07\/gobierno-bolivariano-conmemora-el-214-aniversario-de-la-firma-del-acta-de-la-independencia-y-dia-de-la-fanb\/#breadcrumb","itemListElement":[{"@type":"ListItem","position":1,"name":"Portada","item":"https:\/\/www.fona.gob.ve\/"},{"@type":"ListItem","position":2,"name":"Gobierno Bolivariano conmemora el 214\u00b0 Aniversario de la Firma del Acta de la Independencia y d\u00eda de la FANB"}]},{"@type":"WebSite","@id":"https:\/\/www.fona.gob.ve\/#website","url":"https:\/\/www.fona.gob.ve\/","name":"Fondo Nacional Antidrogas","description":"Conoce las acciones, programas y pol\u00edticas del Fondo Nacional Antidrogas (FONA) orientadas a la prevenci\u00f3n, atenci\u00f3n integral y lucha contra el consumo de drogas en Venezuela. Informaci\u00f3n oficial y actualizada.","publisher":{"@id":"https:\/\/www.fona.gob.ve\/#organization"},"potentialAction":[{"@type":"SearchAction","target":{"@type":"EntryPoint","urlTemplate":"https:\/\/www.fona.gob.ve\/?s={search_term_string}"},"query-input":{"@type":"PropertyValueSpecification","valueRequired":true,"valueName":"search_term_string"}}],"inLanguage":"es"},{"@type":"Organization","@id":"https:\/\/www.fona.gob.ve\/#organization","name":"Fondo Nacional Antidrogas","url":"https:\/\/www.fona.gob.ve\/","logo":{"@type":"ImageObject","inLanguage":"es","@id":"https:\/\/www.fona.gob.ve\/#\/schema\/logo\/image\/","url":"https:\/\/www.fona.gob.ve\/wp-content\/uploads\/2025\/04\/fona.jpeg","contentUrl":"https:\/\/www.fona.gob.ve\/wp-content\/uploads\/2025\/04\/fona.jpeg","width":1200,"height":1200,"caption":"Fondo Nacional Antidrogas"},"image":{"@id":"https:\/\/www.fona.gob.ve\/#\/schema\/logo\/image\/"}},{"@type":"Person","@id":"https:\/\/www.fona.gob.ve\/#\/schema\/person\/887f0d86a3d016ef9df002d3603dd736","name":"prensa prensa","sameAs":["https:\/\/fona.gob.ve"],"url":"https:\/\/www.fona.gob.ve\/index.php\/author\/prensa\/"}]}},"_links":{"self":[{"href":"https:\/\/www.fona.gob.ve\/index.php\/wp-json\/wp\/v2\/posts\/12626","targetHints":{"allow":["GET"]}}],"collection":[{"href":"https:\/\/www.fona.gob.ve\/index.php\/wp-json\/wp\/v2\/posts"}],"about":[{"href":"https:\/\/www.fona.gob.ve\/index.php\/wp-json\/wp\/v2\/types\/post"}],"author":[{"embeddable":true,"href":"https:\/\/www.fona.gob.ve\/index.php\/wp-json\/wp\/v2\/users\/2"}],"replies":[{"embeddable":true,"href":"https:\/\/www.fona.gob.ve\/index.php\/wp-json\/wp\/v2\/comments?post=12626"}],"version-history":[{"count":6,"href":"https:\/\/www.fona.gob.ve\/index.php\/wp-json\/wp\/v2\/posts\/12626\/revisions"}],"predecessor-version":[{"id":12634,"href":"https:\/\/www.fona.gob.ve\/index.php\/wp-json\/wp\/v2\/posts\/12626\/revisions\/12634"}],"wp:featuredmedia":[{"embeddable":true,"href":"https:\/\/www.fona.gob.ve\/index.php\/wp-json\/wp\/v2\/media\/12631"}],"wp:attachment":[{"href":"https:\/\/www.fona.gob.ve\/index.php\/wp-json\/wp\/v2\/media?parent=12626"}],"wp:term":[{"taxonomy":"category","embeddable":true,"href":"https:\/\/www.fona.gob.ve\/index.php\/wp-json\/wp\/v2\/categories?post=12626"},{"taxonomy":"post_tag","embeddable":true,"href":"https:\/\/www.fona.gob.ve\/index.php\/wp-json\/wp\/v2\/tags?post=12626"}],"curies":[{"name":"wp","href":"https:\/\/api.w.org\/{rel}","templated":true}]}}