{"id":12218,"date":"2025-01-27T10:21:47","date_gmt":"2025-01-27T14:21:47","guid":{"rendered":"https:\/\/www.fona.gob.ve\/?p=12218"},"modified":"2025-01-27T10:22:25","modified_gmt":"2025-01-27T14:22:25","slug":"fusion-popular-militar-y-policial-garantiza-la-integridad-en-la-proteccion-del-pueblo","status":"publish","type":"post","link":"https:\/\/www.fona.gob.ve\/index.php\/2025\/01\/27\/fusion-popular-militar-y-policial-garantiza-la-integridad-en-la-proteccion-del-pueblo\/","title":{"rendered":"Fusi\u00f3n Popular, Militar y Policial garantiza la integridad en la protecci\u00f3n del pueblo"},"content":{"rendered":"\t\t<div data-elementor-type=\"wp-post\" data-elementor-id=\"12218\" class=\"elementor elementor-12218\" data-elementor-post-type=\"post\">\n\t\t\t\t\t\t<section class=\"elementor-section elementor-top-section elementor-element elementor-element-6a2a5401 elementor-section-boxed elementor-section-height-default elementor-section-height-default\" data-id=\"6a2a5401\" data-element_type=\"section\">\n\t\t\t\t\t\t<div class=\"elementor-container elementor-column-gap-default\">\n\t\t\t\t\t<div class=\"elementor-column elementor-col-100 elementor-top-column elementor-element elementor-element-3e73de14\" data-id=\"3e73de14\" data-element_type=\"column\">\n\t\t\t<div class=\"elementor-widget-wrap elementor-element-populated\">\n\t\t\t\t\t\t<div class=\"elementor-element elementor-element-6272eda elementor-widget elementor-widget-image\" data-id=\"6272eda\" data-element_type=\"widget\" data-widget_type=\"image.default\">\n\t\t\t\t<div class=\"elementor-widget-container\">\n\t\t\t\t\t\t\t\t\t\t\t\t\t<img fetchpriority=\"high\" decoding=\"async\" width=\"800\" height=\"445\" src=\"https:\/\/www.fona.gob.ve\/wp-content\/uploads\/2025\/01\/Fusion-Popular-Militar-y-Policial-garantiza-la-integridad-en-la-proteccion-del-pueblo-1-1-800x445-1.jpeg\" class=\"attachment-large size-large wp-image-12219\" alt=\"\" srcset=\"https:\/\/www.fona.gob.ve\/wp-content\/uploads\/2025\/01\/Fusion-Popular-Militar-y-Policial-garantiza-la-integridad-en-la-proteccion-del-pueblo-1-1-800x445-1.jpeg 800w, https:\/\/www.fona.gob.ve\/wp-content\/uploads\/2025\/01\/Fusion-Popular-Militar-y-Policial-garantiza-la-integridad-en-la-proteccion-del-pueblo-1-1-800x445-1-300x167.jpeg 300w, https:\/\/www.fona.gob.ve\/wp-content\/uploads\/2025\/01\/Fusion-Popular-Militar-y-Policial-garantiza-la-integridad-en-la-proteccion-del-pueblo-1-1-800x445-1-768x427.jpeg 768w, https:\/\/www.fona.gob.ve\/wp-content\/uploads\/2025\/01\/Fusion-Popular-Militar-y-Policial-garantiza-la-integridad-en-la-proteccion-del-pueblo-1-1-800x445-1-480x267.jpeg 480w\" sizes=\"(max-width: 800px) 100vw, 800px\" title=\"Fusion-Popular-Militar-y-Policial-garantiza-la-integridad-en-la-proteccion-del-pueblo-1-1-800x445\" \/>\t\t\t\t\t\t\t\t\t\t\t\t\t<\/div>\n\t\t\t\t<\/div>\n\t\t\t\t<div class=\"elementor-element elementor-element-6aeec883 elementor-widget elementor-widget-text-editor\" data-id=\"6aeec883\" data-element_type=\"widget\" data-widget_type=\"text-editor.default\">\n\t\t\t\t<div class=\"elementor-widget-container\">\n\t\t\t\t\t\t\t<p>Durante la transmisi\u00f3n de su primer programa radiof\u00f3nico, emitido por la estaci\u00f3n del Ministerio del Poder Popular para Relaciones Interiores, Justicia y Paz (MijpRadio), el vicepresidente Sectorial de Pol\u00edtica, Seguridad Ciudadana y Paz, Cap. Diosdado Cabello Rond\u00f3n, resalt\u00f3 la importancia de la Fusi\u00f3n Popular, Militar y Policial para el mantenimiento de la paz y la tranquilidad que merece la poblaci\u00f3n venezolana.<\/p><p><span style=\"background-color: initial; color: var( --e-global-color-theme-content-color ); font-family: var( --e-global-typography-theme-main-font-family ), Sans-serif; font-size: var( --e-global-typography-theme-main-font-size ); font-weight: var( --e-global-typography-theme-main-font-weight ); letter-spacing: var( --e-global-typography-theme-main-letter-spacing ); word-spacing: var( --e-global-typography-theme-main-word-spacing );\">\u201cEs fundamental porque estamos pasando de la Uni\u00f3n C\u00edvico-Militar a la Fusi\u00f3n Popular \u2013 Militar \u2013 Policial, la cual es integral (\u2026) Unidos pueden estar uno al lado del otro, pero es probable que no se hablen. Sin embargo, cuando se fusionan, mezclan y combinan las fortalezas, lo que se logra es m\u00e1s sin\u00e9rgico\u201d, asever\u00f3 el tambi\u00e9n Ministro del Poder Popular para Relaciones Interiores, Justicia y Paz.<\/span><\/p><p><span style=\"background-color: initial; color: var( --e-global-color-theme-content-color ); font-family: var( --e-global-typography-theme-main-font-family ), Sans-serif; font-size: var( --e-global-typography-theme-main-font-size ); font-weight: var( --e-global-typography-theme-main-font-weight ); letter-spacing: var( --e-global-typography-theme-main-letter-spacing ); word-spacing: var( --e-global-typography-theme-main-word-spacing );\">A lo largo del podcast retransmitido a trav\u00e9s de VTV y Radio Nacional de Venezuela, realizado junto con la periodista, diputada de la Asamblea Nacional y rectora de la Universidad Internacional de las Comunicaciones (Uicom, Tania D\u00edaz, el titular del citado despacho ministerial valor\u00f3 el hecho de haber consolidado esta importante unidad entre el pueblo venezolano y el Gobierno Bolivariano, pues durante la era puntofijista hubo una constante campa\u00f1a para separar a las fuerzas militares y policiales de la poblaci\u00f3n venezolana.<\/span><\/p><p><span style=\"background-color: initial; color: var( --e-global-color-theme-content-color ); font-family: var( --e-global-typography-theme-main-font-family ), Sans-serif; font-size: var( --e-global-typography-theme-main-font-size ); font-weight: var( --e-global-typography-theme-main-font-weight ); letter-spacing: var( --e-global-typography-theme-main-letter-spacing ); word-spacing: var( --e-global-typography-theme-main-word-spacing );\">Cabello Rond\u00f3n destac\u00f3 que, a pesar de las dificultades impuestas por la oposici\u00f3n, se logr\u00f3 unir al pueblo venezolano con los \u00f3rganos de seguridad y defensa del Estado, lo que facilita plenamente las acciones de la Revoluci\u00f3n Bolivariana para la protecci\u00f3n de las comunidades.<\/span><\/p><p><span style=\"background-color: initial; color: var( --e-global-color-theme-content-color ); font-family: var( --e-global-typography-theme-main-font-family ), Sans-serif; font-size: var( --e-global-typography-theme-main-font-size ); font-weight: var( --e-global-typography-theme-main-font-weight ); letter-spacing: var( --e-global-typography-theme-main-letter-spacing ); word-spacing: var( --e-global-typography-theme-main-word-spacing );\">Prensa Mpprijp<\/span><\/p>\t\t\t\t\t\t<\/div>\n\t\t\t\t<\/div>\n\t\t\t\t\t<\/div>\n\t\t<\/div>\n\t\t\t\t\t<\/div>\n\t\t<\/section>\n\t\t\t\t<\/div>\n\t\t","protected":false},"excerpt":{"rendered":"<p>Durante la transmisi\u00f3n de su primer programa radiof\u00f3nico, emitido por la estaci\u00f3n del Ministerio del Poder Popular para Relaciones Interiores, Justicia y Paz (MijpRadio), el vicepresidente Sectorial de Pol\u00edtica, Seguridad Ciudadana y Paz, Cap. Diosdado Cabello Rond\u00f3n, resalt\u00f3 la importancia de la Fusi\u00f3n Popular, Militar y Policial para el mantenimiento de la paz y la [&hellip;]<\/p>\n","protected":false},"author":2,"featured_media":12219,"comment_status":"closed","ping_status":"closed","sticky":false,"template":"","format":"standard","meta":{"footnotes":""},"categories":[58],"tags":[],"class_list":["post-12218","post","type-post","status-publish","format-standard","has-post-thumbnail","hentry","category-noticias"],"yoast_head":"<!-- This site is optimized with the Yoast SEO plugin v26.4 - https:\/\/yoast.com\/wordpress\/plugins\/seo\/ -->\n<title>Fusi\u00f3n Popular, Militar y Policial garantiza la integridad en la protecci\u00f3n del pueblo - Fondo Nacional Antidrogas<\/title>\n<meta name=\"robots\" content=\"index, follow, max-snippet:-1, max-image-preview:large, max-video-preview:-1\" \/>\n<link rel=\"canonical\" href=\"https:\/\/www.fona.gob.ve\/index.php\/2025\/01\/27\/fusion-popular-militar-y-policial-garantiza-la-integridad-en-la-proteccion-del-pueblo\/\" \/>\n<meta property=\"og:locale\" content=\"es_ES\" \/>\n<meta property=\"og:type\" content=\"article\" \/>\n<meta property=\"og:title\" content=\"Fusi\u00f3n Popular, Militar y Policial garantiza la integridad en la protecci\u00f3n del pueblo - Fondo Nacional Antidrogas\" \/>\n<meta property=\"og:description\" content=\"Durante la transmisi\u00f3n de su primer programa radiof\u00f3nico, emitido por la estaci\u00f3n del Ministerio del Poder Popular para Relaciones Interiores, Justicia y Paz (MijpRadio), el vicepresidente Sectorial de Pol\u00edtica, Seguridad Ciudadana y Paz, Cap. Diosdado Cabello Rond\u00f3n, resalt\u00f3 la importancia de la Fusi\u00f3n Popular, Militar y Policial para el mantenimiento de la paz y la [&hellip;]\" \/>\n<meta property=\"og:url\" content=\"https:\/\/www.fona.gob.ve\/index.php\/2025\/01\/27\/fusion-popular-militar-y-policial-garantiza-la-integridad-en-la-proteccion-del-pueblo\/\" \/>\n<meta property=\"og:site_name\" content=\"Fondo Nacional Antidrogas\" \/>\n<meta property=\"article:published_time\" content=\"2025-01-27T14:21:47+00:00\" \/>\n<meta property=\"article:modified_time\" content=\"2025-01-27T14:22:25+00:00\" \/>\n<meta property=\"og:image\" content=\"https:\/\/www.fona.gob.ve\/wp-content\/uploads\/2025\/01\/Fusion-Popular-Militar-y-Policial-garantiza-la-integridad-en-la-proteccion-del-pueblo-1-1-800x445-1.jpeg\" \/>\n\t<meta property=\"og:image:width\" content=\"800\" \/>\n\t<meta property=\"og:image:height\" content=\"445\" \/>\n\t<meta property=\"og:image:type\" content=\"image\/jpeg\" \/>\n<meta name=\"author\" content=\"prensa prensa\" \/>\n<meta name=\"twitter:card\" content=\"summary_large_image\" \/>\n<meta name=\"twitter:label1\" content=\"Escrito por\" \/>\n\t<meta name=\"twitter:data1\" content=\"prensa prensa\" \/>\n\t<meta name=\"twitter:label2\" content=\"Tiempo de lectura\" \/>\n\t<meta name=\"twitter:data2\" content=\"1 minuto\" \/>\n<script type=\"application\/ld+json\" class=\"yoast-schema-graph\">{\"@context\":\"https:\/\/schema.org\",\"@graph\":[{\"@type\":\"Article\",\"@id\":\"https:\/\/www.fona.gob.ve\/index.php\/2025\/01\/27\/fusion-popular-militar-y-policial-garantiza-la-integridad-en-la-proteccion-del-pueblo\/#article\",\"isPartOf\":{\"@id\":\"https:\/\/www.fona.gob.ve\/index.php\/2025\/01\/27\/fusion-popular-militar-y-policial-garantiza-la-integridad-en-la-proteccion-del-pueblo\/\"},\"author\":{\"name\":\"prensa prensa\",\"@id\":\"https:\/\/www.fona.gob.ve\/#\/schema\/person\/887f0d86a3d016ef9df002d3603dd736\"},\"headline\":\"Fusi\u00f3n Popular, Militar y Policial garantiza la integridad en la protecci\u00f3n del pueblo\",\"datePublished\":\"2025-01-27T14:21:47+00:00\",\"dateModified\":\"2025-01-27T14:22:25+00:00\",\"mainEntityOfPage\":{\"@id\":\"https:\/\/www.fona.gob.ve\/index.php\/2025\/01\/27\/fusion-popular-militar-y-policial-garantiza-la-integridad-en-la-proteccion-del-pueblo\/\"},\"wordCount\":288,\"publisher\":{\"@id\":\"https:\/\/www.fona.gob.ve\/#organization\"},\"image\":{\"@id\":\"https:\/\/www.fona.gob.ve\/index.php\/2025\/01\/27\/fusion-popular-militar-y-policial-garantiza-la-integridad-en-la-proteccion-del-pueblo\/#primaryimage\"},\"thumbnailUrl\":\"https:\/\/www.fona.gob.ve\/wp-content\/uploads\/2025\/01\/Fusion-Popular-Militar-y-Policial-garantiza-la-integridad-en-la-proteccion-del-pueblo-1-1-800x445-1.jpeg\",\"articleSection\":[\"Noticias\"],\"inLanguage\":\"es\"},{\"@type\":\"WebPage\",\"@id\":\"https:\/\/www.fona.gob.ve\/index.php\/2025\/01\/27\/fusion-popular-militar-y-policial-garantiza-la-integridad-en-la-proteccion-del-pueblo\/\",\"url\":\"https:\/\/www.fona.gob.ve\/index.php\/2025\/01\/27\/fusion-popular-militar-y-policial-garantiza-la-integridad-en-la-proteccion-del-pueblo\/\",\"name\":\"Fusi\u00f3n Popular, Militar y Policial garantiza la integridad en la protecci\u00f3n del pueblo - Fondo Nacional Antidrogas\",\"isPartOf\":{\"@id\":\"https:\/\/www.fona.gob.ve\/#website\"},\"primaryImageOfPage\":{\"@id\":\"https:\/\/www.fona.gob.ve\/index.php\/2025\/01\/27\/fusion-popular-militar-y-policial-garantiza-la-integridad-en-la-proteccion-del-pueblo\/#primaryimage\"},\"image\":{\"@id\":\"https:\/\/www.fona.gob.ve\/index.php\/2025\/01\/27\/fusion-popular-militar-y-policial-garantiza-la-integridad-en-la-proteccion-del-pueblo\/#primaryimage\"},\"thumbnailUrl\":\"https:\/\/www.fona.gob.ve\/wp-content\/uploads\/2025\/01\/Fusion-Popular-Militar-y-Policial-garantiza-la-integridad-en-la-proteccion-del-pueblo-1-1-800x445-1.jpeg\",\"datePublished\":\"2025-01-27T14:21:47+00:00\",\"dateModified\":\"2025-01-27T14:22:25+00:00\",\"breadcrumb\":{\"@id\":\"https:\/\/www.fona.gob.ve\/index.php\/2025\/01\/27\/fusion-popular-militar-y-policial-garantiza-la-integridad-en-la-proteccion-del-pueblo\/#breadcrumb\"},\"inLanguage\":\"es\",\"potentialAction\":[{\"@type\":\"ReadAction\",\"target\":[\"https:\/\/www.fona.gob.ve\/index.php\/2025\/01\/27\/fusion-popular-militar-y-policial-garantiza-la-integridad-en-la-proteccion-del-pueblo\/\"]}]},{\"@type\":\"ImageObject\",\"inLanguage\":\"es\",\"@id\":\"https:\/\/www.fona.gob.ve\/index.php\/2025\/01\/27\/fusion-popular-militar-y-policial-garantiza-la-integridad-en-la-proteccion-del-pueblo\/#primaryimage\",\"url\":\"https:\/\/www.fona.gob.ve\/wp-content\/uploads\/2025\/01\/Fusion-Popular-Militar-y-Policial-garantiza-la-integridad-en-la-proteccion-del-pueblo-1-1-800x445-1.jpeg\",\"contentUrl\":\"https:\/\/www.fona.gob.ve\/wp-content\/uploads\/2025\/01\/Fusion-Popular-Militar-y-Policial-garantiza-la-integridad-en-la-proteccion-del-pueblo-1-1-800x445-1.jpeg\",\"width\":800,\"height\":445},{\"@type\":\"BreadcrumbList\",\"@id\":\"https:\/\/www.fona.gob.ve\/index.php\/2025\/01\/27\/fusion-popular-militar-y-policial-garantiza-la-integridad-en-la-proteccion-del-pueblo\/#breadcrumb\",\"itemListElement\":[{\"@type\":\"ListItem\",\"position\":1,\"name\":\"Portada\",\"item\":\"https:\/\/www.fona.gob.ve\/\"},{\"@type\":\"ListItem\",\"position\":2,\"name\":\"Fusi\u00f3n Popular, Militar y Policial garantiza la integridad en la protecci\u00f3n del pueblo\"}]},{\"@type\":\"WebSite\",\"@id\":\"https:\/\/www.fona.gob.ve\/#website\",\"url\":\"https:\/\/www.fona.gob.ve\/\",\"name\":\"Fondo Nacional Antidrogas\",\"description\":\"Conoce las acciones, programas y pol\u00edticas del Fondo Nacional Antidrogas (FONA) orientadas a la prevenci\u00f3n, atenci\u00f3n integral y lucha contra el consumo de drogas en Venezuela. Informaci\u00f3n oficial y actualizada.\",\"publisher\":{\"@id\":\"https:\/\/www.fona.gob.ve\/#organization\"},\"potentialAction\":[{\"@type\":\"SearchAction\",\"target\":{\"@type\":\"EntryPoint\",\"urlTemplate\":\"https:\/\/www.fona.gob.ve\/?s={search_term_string}\"},\"query-input\":{\"@type\":\"PropertyValueSpecification\",\"valueRequired\":true,\"valueName\":\"search_term_string\"}}],\"inLanguage\":\"es\"},{\"@type\":\"Organization\",\"@id\":\"https:\/\/www.fona.gob.ve\/#organization\",\"name\":\"Fondo Nacional Antidrogas\",\"url\":\"https:\/\/www.fona.gob.ve\/\",\"logo\":{\"@type\":\"ImageObject\",\"inLanguage\":\"es\",\"@id\":\"https:\/\/www.fona.gob.ve\/#\/schema\/logo\/image\/\",\"url\":\"https:\/\/www.fona.gob.ve\/wp-content\/uploads\/2025\/04\/fona.jpeg\",\"contentUrl\":\"https:\/\/www.fona.gob.ve\/wp-content\/uploads\/2025\/04\/fona.jpeg\",\"width\":1200,\"height\":1200,\"caption\":\"Fondo Nacional Antidrogas\"},\"image\":{\"@id\":\"https:\/\/www.fona.gob.ve\/#\/schema\/logo\/image\/\"}},{\"@type\":\"Person\",\"@id\":\"https:\/\/www.fona.gob.ve\/#\/schema\/person\/887f0d86a3d016ef9df002d3603dd736\",\"name\":\"prensa prensa\",\"sameAs\":[\"https:\/\/fona.gob.ve\"],\"url\":\"https:\/\/www.fona.gob.ve\/index.php\/author\/prensa\/\"}]}<\/script>\n<!-- \/ Yoast SEO plugin. -->","yoast_head_json":{"title":"Fusi\u00f3n Popular, Militar y Policial garantiza la integridad en la protecci\u00f3n del pueblo - Fondo Nacional Antidrogas","robots":{"index":"index","follow":"follow","max-snippet":"max-snippet:-1","max-image-preview":"max-image-preview:large","max-video-preview":"max-video-preview:-1"},"canonical":"https:\/\/www.fona.gob.ve\/index.php\/2025\/01\/27\/fusion-popular-militar-y-policial-garantiza-la-integridad-en-la-proteccion-del-pueblo\/","og_locale":"es_ES","og_type":"article","og_title":"Fusi\u00f3n Popular, Militar y Policial garantiza la integridad en la protecci\u00f3n del pueblo - Fondo Nacional Antidrogas","og_description":"Durante la transmisi\u00f3n de su primer programa radiof\u00f3nico, emitido por la estaci\u00f3n del Ministerio del Poder Popular para Relaciones Interiores, Justicia y Paz (MijpRadio), el vicepresidente Sectorial de Pol\u00edtica, Seguridad Ciudadana y Paz, Cap. Diosdado Cabello Rond\u00f3n, resalt\u00f3 la importancia de la Fusi\u00f3n Popular, Militar y Policial para el mantenimiento de la paz y la [&hellip;]","og_url":"https:\/\/www.fona.gob.ve\/index.php\/2025\/01\/27\/fusion-popular-militar-y-policial-garantiza-la-integridad-en-la-proteccion-del-pueblo\/","og_site_name":"Fondo Nacional Antidrogas","article_published_time":"2025-01-27T14:21:47+00:00","article_modified_time":"2025-01-27T14:22:25+00:00","og_image":[{"width":800,"height":445,"url":"https:\/\/www.fona.gob.ve\/wp-content\/uploads\/2025\/01\/Fusion-Popular-Militar-y-Policial-garantiza-la-integridad-en-la-proteccion-del-pueblo-1-1-800x445-1.jpeg","type":"image\/jpeg"}],"author":"prensa prensa","twitter_card":"summary_large_image","twitter_misc":{"Escrito por":"prensa prensa","Tiempo de lectura":"1 minuto"},"schema":{"@context":"https:\/\/schema.org","@graph":[{"@type":"Article","@id":"https:\/\/www.fona.gob.ve\/index.php\/2025\/01\/27\/fusion-popular-militar-y-policial-garantiza-la-integridad-en-la-proteccion-del-pueblo\/#article","isPartOf":{"@id":"https:\/\/www.fona.gob.ve\/index.php\/2025\/01\/27\/fusion-popular-militar-y-policial-garantiza-la-integridad-en-la-proteccion-del-pueblo\/"},"author":{"name":"prensa prensa","@id":"https:\/\/www.fona.gob.ve\/#\/schema\/person\/887f0d86a3d016ef9df002d3603dd736"},"headline":"Fusi\u00f3n Popular, Militar y Policial garantiza la integridad en la protecci\u00f3n del pueblo","datePublished":"2025-01-27T14:21:47+00:00","dateModified":"2025-01-27T14:22:25+00:00","mainEntityOfPage":{"@id":"https:\/\/www.fona.gob.ve\/index.php\/2025\/01\/27\/fusion-popular-militar-y-policial-garantiza-la-integridad-en-la-proteccion-del-pueblo\/"},"wordCount":288,"publisher":{"@id":"https:\/\/www.fona.gob.ve\/#organization"},"image":{"@id":"https:\/\/www.fona.gob.ve\/index.php\/2025\/01\/27\/fusion-popular-militar-y-policial-garantiza-la-integridad-en-la-proteccion-del-pueblo\/#primaryimage"},"thumbnailUrl":"https:\/\/www.fona.gob.ve\/wp-content\/uploads\/2025\/01\/Fusion-Popular-Militar-y-Policial-garantiza-la-integridad-en-la-proteccion-del-pueblo-1-1-800x445-1.jpeg","articleSection":["Noticias"],"inLanguage":"es"},{"@type":"WebPage","@id":"https:\/\/www.fona.gob.ve\/index.php\/2025\/01\/27\/fusion-popular-militar-y-policial-garantiza-la-integridad-en-la-proteccion-del-pueblo\/","url":"https:\/\/www.fona.gob.ve\/index.php\/2025\/01\/27\/fusion-popular-militar-y-policial-garantiza-la-integridad-en-la-proteccion-del-pueblo\/","name":"Fusi\u00f3n Popular, Militar y Policial garantiza la integridad en la protecci\u00f3n del pueblo - Fondo Nacional Antidrogas","isPartOf":{"@id":"https:\/\/www.fona.gob.ve\/#website"},"primaryImageOfPage":{"@id":"https:\/\/www.fona.gob.ve\/index.php\/2025\/01\/27\/fusion-popular-militar-y-policial-garantiza-la-integridad-en-la-proteccion-del-pueblo\/#primaryimage"},"image":{"@id":"https:\/\/www.fona.gob.ve\/index.php\/2025\/01\/27\/fusion-popular-militar-y-policial-garantiza-la-integridad-en-la-proteccion-del-pueblo\/#primaryimage"},"thumbnailUrl":"https:\/\/www.fona.gob.ve\/wp-content\/uploads\/2025\/01\/Fusion-Popular-Militar-y-Policial-garantiza-la-integridad-en-la-proteccion-del-pueblo-1-1-800x445-1.jpeg","datePublished":"2025-01-27T14:21:47+00:00","dateModified":"2025-01-27T14:22:25+00:00","breadcrumb":{"@id":"https:\/\/www.fona.gob.ve\/index.php\/2025\/01\/27\/fusion-popular-militar-y-policial-garantiza-la-integridad-en-la-proteccion-del-pueblo\/#breadcrumb"},"inLanguage":"es","potentialAction":[{"@type":"ReadAction","target":["https:\/\/www.fona.gob.ve\/index.php\/2025\/01\/27\/fusion-popular-militar-y-policial-garantiza-la-integridad-en-la-proteccion-del-pueblo\/"]}]},{"@type":"ImageObject","inLanguage":"es","@id":"https:\/\/www.fona.gob.ve\/index.php\/2025\/01\/27\/fusion-popular-militar-y-policial-garantiza-la-integridad-en-la-proteccion-del-pueblo\/#primaryimage","url":"https:\/\/www.fona.gob.ve\/wp-content\/uploads\/2025\/01\/Fusion-Popular-Militar-y-Policial-garantiza-la-integridad-en-la-proteccion-del-pueblo-1-1-800x445-1.jpeg","contentUrl":"https:\/\/www.fona.gob.ve\/wp-content\/uploads\/2025\/01\/Fusion-Popular-Militar-y-Policial-garantiza-la-integridad-en-la-proteccion-del-pueblo-1-1-800x445-1.jpeg","width":800,"height":445},{"@type":"BreadcrumbList","@id":"https:\/\/www.fona.gob.ve\/index.php\/2025\/01\/27\/fusion-popular-militar-y-policial-garantiza-la-integridad-en-la-proteccion-del-pueblo\/#breadcrumb","itemListElement":[{"@type":"ListItem","position":1,"name":"Portada","item":"https:\/\/www.fona.gob.ve\/"},{"@type":"ListItem","position":2,"name":"Fusi\u00f3n Popular, Militar y Policial garantiza la integridad en la protecci\u00f3n del pueblo"}]},{"@type":"WebSite","@id":"https:\/\/www.fona.gob.ve\/#website","url":"https:\/\/www.fona.gob.ve\/","name":"Fondo Nacional Antidrogas","description":"Conoce las acciones, programas y pol\u00edticas del Fondo Nacional Antidrogas (FONA) orientadas a la prevenci\u00f3n, atenci\u00f3n integral y lucha contra el consumo de drogas en Venezuela. Informaci\u00f3n oficial y actualizada.","publisher":{"@id":"https:\/\/www.fona.gob.ve\/#organization"},"potentialAction":[{"@type":"SearchAction","target":{"@type":"EntryPoint","urlTemplate":"https:\/\/www.fona.gob.ve\/?s={search_term_string}"},"query-input":{"@type":"PropertyValueSpecification","valueRequired":true,"valueName":"search_term_string"}}],"inLanguage":"es"},{"@type":"Organization","@id":"https:\/\/www.fona.gob.ve\/#organization","name":"Fondo Nacional Antidrogas","url":"https:\/\/www.fona.gob.ve\/","logo":{"@type":"ImageObject","inLanguage":"es","@id":"https:\/\/www.fona.gob.ve\/#\/schema\/logo\/image\/","url":"https:\/\/www.fona.gob.ve\/wp-content\/uploads\/2025\/04\/fona.jpeg","contentUrl":"https:\/\/www.fona.gob.ve\/wp-content\/uploads\/2025\/04\/fona.jpeg","width":1200,"height":1200,"caption":"Fondo Nacional Antidrogas"},"image":{"@id":"https:\/\/www.fona.gob.ve\/#\/schema\/logo\/image\/"}},{"@type":"Person","@id":"https:\/\/www.fona.gob.ve\/#\/schema\/person\/887f0d86a3d016ef9df002d3603dd736","name":"prensa prensa","sameAs":["https:\/\/fona.gob.ve"],"url":"https:\/\/www.fona.gob.ve\/index.php\/author\/prensa\/"}]}},"_links":{"self":[{"href":"https:\/\/www.fona.gob.ve\/index.php\/wp-json\/wp\/v2\/posts\/12218","targetHints":{"allow":["GET"]}}],"collection":[{"href":"https:\/\/www.fona.gob.ve\/index.php\/wp-json\/wp\/v2\/posts"}],"about":[{"href":"https:\/\/www.fona.gob.ve\/index.php\/wp-json\/wp\/v2\/types\/post"}],"author":[{"embeddable":true,"href":"https:\/\/www.fona.gob.ve\/index.php\/wp-json\/wp\/v2\/users\/2"}],"replies":[{"embeddable":true,"href":"https:\/\/www.fona.gob.ve\/index.php\/wp-json\/wp\/v2\/comments?post=12218"}],"version-history":[{"count":3,"href":"https:\/\/www.fona.gob.ve\/index.php\/wp-json\/wp\/v2\/posts\/12218\/revisions"}],"predecessor-version":[{"id":12222,"href":"https:\/\/www.fona.gob.ve\/index.php\/wp-json\/wp\/v2\/posts\/12218\/revisions\/12222"}],"wp:featuredmedia":[{"embeddable":true,"href":"https:\/\/www.fona.gob.ve\/index.php\/wp-json\/wp\/v2\/media\/12219"}],"wp:attachment":[{"href":"https:\/\/www.fona.gob.ve\/index.php\/wp-json\/wp\/v2\/media?parent=12218"}],"wp:term":[{"taxonomy":"category","embeddable":true,"href":"https:\/\/www.fona.gob.ve\/index.php\/wp-json\/wp\/v2\/categories?post=12218"},{"taxonomy":"post_tag","embeddable":true,"href":"https:\/\/www.fona.gob.ve\/index.php\/wp-json\/wp\/v2\/tags?post=12218"}],"curies":[{"name":"wp","href":"https:\/\/api.w.org\/{rel}","templated":true}]}}