{"id":12207,"date":"2025-01-22T12:46:32","date_gmt":"2025-01-22T16:46:32","guid":{"rendered":"https:\/\/www.fona.gob.ve\/?p=12207"},"modified":"2025-01-22T12:47:37","modified_gmt":"2025-01-22T16:47:37","slug":"vpdte-sectorial-diosdado-cabello-activa-ejercicios-escudo-bolivariano-2025-en-zulia","status":"publish","type":"post","link":"https:\/\/www.fona.gob.ve\/index.php\/2025\/01\/22\/vpdte-sectorial-diosdado-cabello-activa-ejercicios-escudo-bolivariano-2025-en-zulia\/","title":{"rendered":"Vpdte. Sectorial Diosdado Cabello activa ejercicios Escudo Bolivariano 2025 en Zulia"},"content":{"rendered":"\t\t<div data-elementor-type=\"wp-post\" data-elementor-id=\"12207\" class=\"elementor elementor-12207\" data-elementor-post-type=\"post\">\n\t\t\t\t\t\t<section class=\"elementor-section elementor-top-section elementor-element elementor-element-530d1d17 elementor-section-boxed elementor-section-height-default elementor-section-height-default\" data-id=\"530d1d17\" data-element_type=\"section\">\n\t\t\t\t\t\t<div class=\"elementor-container elementor-column-gap-default\">\n\t\t\t\t\t<div class=\"elementor-column elementor-col-100 elementor-top-column elementor-element elementor-element-41ab6b7\" data-id=\"41ab6b7\" data-element_type=\"column\">\n\t\t\t<div class=\"elementor-widget-wrap elementor-element-populated\">\n\t\t\t\t\t\t<div class=\"elementor-element elementor-element-73445d1 elementor-widget elementor-widget-image\" data-id=\"73445d1\" data-element_type=\"widget\" data-widget_type=\"image.default\">\n\t\t\t\t<div class=\"elementor-widget-container\">\n\t\t\t\t\t\t\t\t\t\t\t\t\t<img fetchpriority=\"high\" decoding=\"async\" width=\"940\" height=\"627\" src=\"https:\/\/www.fona.gob.ve\/wp-content\/uploads\/2025\/01\/Vpdte.-Sectorial-Diosdsdo-Cabello-1024x683.jpg\" class=\"attachment-large size-large wp-image-12208\" alt=\"\" srcset=\"https:\/\/www.fona.gob.ve\/wp-content\/uploads\/2025\/01\/Vpdte.-Sectorial-Diosdsdo-Cabello-1024x683.jpg 1024w, https:\/\/www.fona.gob.ve\/wp-content\/uploads\/2025\/01\/Vpdte.-Sectorial-Diosdsdo-Cabello-300x200.jpg 300w, https:\/\/www.fona.gob.ve\/wp-content\/uploads\/2025\/01\/Vpdte.-Sectorial-Diosdsdo-Cabello-768x512.jpg 768w, https:\/\/www.fona.gob.ve\/wp-content\/uploads\/2025\/01\/Vpdte.-Sectorial-Diosdsdo-Cabello-480x320.jpg 480w, https:\/\/www.fona.gob.ve\/wp-content\/uploads\/2025\/01\/Vpdte.-Sectorial-Diosdsdo-Cabello.jpg 1080w\" sizes=\"(max-width: 940px) 100vw, 940px\" title=\"Vpdte. Sectorial Diosdsdo Cabello\" \/>\t\t\t\t\t\t\t\t\t\t\t\t\t<\/div>\n\t\t\t\t<\/div>\n\t\t\t\t<div class=\"elementor-element elementor-element-50717e7d elementor-widget elementor-widget-text-editor\" data-id=\"50717e7d\" data-element_type=\"widget\" data-widget_type=\"text-editor.default\">\n\t\t\t\t<div class=\"elementor-widget-container\">\n\t\t\t\t\t\t\t<p><span>A primera hora de la ma\u00f1ana de este mi\u00e9rcoles, desde el Aeropuerto Nacional Rel\u00e1mpago del Catatumbo en el estado Zulia, el vicepresidente Sectorial de Pol\u00edtica, Seguridad Ciudadana y Paz, Diosdado Cabello Rond\u00f3n, particip\u00f3 en el inicio de los ejercicios Escudo Bolivariano 2025, en perfecta Fusi\u00f3n Popular, Militar, Policial, para garantizar la soberan\u00eda, la paz y la defensa integral de la Patria de Bol\u00edvar y Ch\u00e1vez.<\/span><\/p><p><span style=\"background-color: initial; color: var( --e-global-color-theme-content-color ); font-family: var( --e-global-typography-theme-main-font-family ), Sans-serif; font-size: var( --e-global-typography-theme-main-font-size ); font-weight: var( --e-global-typography-theme-main-font-weight ); letter-spacing: var( --e-global-typography-theme-main-letter-spacing ); word-spacing: var( --e-global-typography-theme-main-word-spacing );\">En este sentido, Cabello indic\u00f3 que los \u00f3rganos de seguridad ciudadana del Estado est\u00e1n desplegados por el territorio nacional, con el objetivo de reaccionar de forma inmediata ante cualquier evento adverso y as\u00ed proteger los derechos del pueblo, tal como lo ha instruido el presidente constitucional de la Rep\u00fablica Bolivariana de Venezuela, Nicol\u00e1s Maduro Moros.<\/span><\/p><p><span style=\"background-color: initial; color: var( --e-global-color-theme-content-color ); font-family: var( --e-global-typography-theme-main-font-family ), Sans-serif; font-size: var( --e-global-typography-theme-main-font-size ); font-weight: var( --e-global-typography-theme-main-font-weight ); letter-spacing: var( --e-global-typography-theme-main-letter-spacing ); word-spacing: var( --e-global-typography-theme-main-word-spacing );\">Por otra parte, el tambi\u00e9n Ministro del Poder Popular para Relaciones Interiores, Justicia y Paz, detall\u00f3 que m\u00e1s de 680 combatientes de la Fuerza Armada Nacional Bolivariana (FANB), fuerzas policiales, Protecci\u00f3n Civil (PC) y Bomberos est\u00e1n activos en operaciones de car\u00e1cter defensivo, contraofensivo y de protecci\u00f3n de las instalaciones fronterizas, de ciudades y pueblos.<\/span><\/p><p><span style=\"background-color: initial; color: var( --e-global-color-theme-content-color ); font-family: var( --e-global-typography-theme-main-font-family ), Sans-serif; font-size: var( --e-global-typography-theme-main-font-size ); font-weight: var( --e-global-typography-theme-main-font-weight ); letter-spacing: var( --e-global-typography-theme-main-letter-spacing ); word-spacing: var( --e-global-typography-theme-main-word-spacing );\">No obstante, el Capit\u00e1n Cabello enfatiz\u00f3 que \u201cVenezuela se ha activado en esta regi\u00f3n (Zulia) en la operaci\u00f3n de apoyo a los desplazados desde Colombia por el conflicto armado en la vecina naci\u00f3n y tambi\u00e9n contin\u00faa la atenci\u00f3n integral con la ayuda humanitaria a quienes lo requieran. (\u2026) El Gobierno Bolivariano tiene el poder de demostrar que vivimos en pleno ejercicio de soberan\u00eda libre\u201d, dijo.<\/span><\/p><p><span style=\"background-color: initial; color: var( --e-global-color-theme-content-color ); font-family: var( --e-global-typography-theme-main-font-family ), Sans-serif; font-size: var( --e-global-typography-theme-main-font-size ); font-weight: var( --e-global-typography-theme-main-font-weight ); letter-spacing: var( --e-global-typography-theme-main-letter-spacing ); word-spacing: var( --e-global-typography-theme-main-word-spacing );\">Finalmente, el Mandatario Nacional, Nicol\u00e1s Maduro, afirm\u00f3 que \u201cVenezuela tiene la capacidad para decir: estamos en paz. Hemos combatido de manera preventiva todas las amenazas que se han cernido sobre nuestra patria. As\u00ed como tambi\u00e9n hemos despejado intentonas que pretenden perturbar el pensamiento militar venezolano\u201d.<\/span><\/p><p><span style=\"background-color: initial; color: var( --e-global-color-theme-content-color ); font-family: var( --e-global-typography-theme-main-font-family ), Sans-serif; font-size: var( --e-global-typography-theme-main-font-size ); font-weight: var( --e-global-typography-theme-main-font-weight ); letter-spacing: var( --e-global-typography-theme-main-letter-spacing ); word-spacing: var( --e-global-typography-theme-main-word-spacing );\">\u00a0<\/span><\/p><p><span style=\"background-color: initial; color: var( --e-global-color-theme-content-color ); font-family: var( --e-global-typography-theme-main-font-family ), Sans-serif; font-size: var( --e-global-typography-theme-main-font-size ); font-weight: var( --e-global-typography-theme-main-font-weight ); letter-spacing: var( --e-global-typography-theme-main-letter-spacing ); word-spacing: var( --e-global-typography-theme-main-word-spacing );\">R: Prensa Mpprijp<\/span><\/p>\t\t\t\t\t\t<\/div>\n\t\t\t\t<\/div>\n\t\t\t\t\t<\/div>\n\t\t<\/div>\n\t\t\t\t\t<\/div>\n\t\t<\/section>\n\t\t\t\t<\/div>\n\t\t","protected":false},"excerpt":{"rendered":"<p>A primera hora de la ma\u00f1ana de este mi\u00e9rcoles, desde el Aeropuerto Nacional Rel\u00e1mpago del Catatumbo en el estado Zulia, el vicepresidente Sectorial de Pol\u00edtica, Seguridad Ciudadana y Paz, Diosdado Cabello Rond\u00f3n, particip\u00f3 en el inicio de los ejercicios Escudo Bolivariano 2025, en perfecta Fusi\u00f3n Popular, Militar, Policial, para garantizar la soberan\u00eda, la paz y [&hellip;]<\/p>\n","protected":false},"author":2,"featured_media":12208,"comment_status":"closed","ping_status":"closed","sticky":false,"template":"","format":"standard","meta":{"footnotes":""},"categories":[58],"tags":[],"class_list":["post-12207","post","type-post","status-publish","format-standard","has-post-thumbnail","hentry","category-noticias"],"yoast_head":"<!-- This site is optimized with the Yoast SEO plugin v26.4 - https:\/\/yoast.com\/wordpress\/plugins\/seo\/ -->\n<title>Vpdte. Sectorial Diosdado Cabello activa ejercicios Escudo Bolivariano 2025 en Zulia - Fondo Nacional Antidrogas<\/title>\n<meta name=\"robots\" content=\"index, follow, max-snippet:-1, max-image-preview:large, max-video-preview:-1\" \/>\n<link rel=\"canonical\" href=\"https:\/\/www.fona.gob.ve\/index.php\/2025\/01\/22\/vpdte-sectorial-diosdado-cabello-activa-ejercicios-escudo-bolivariano-2025-en-zulia\/\" \/>\n<meta property=\"og:locale\" content=\"es_ES\" \/>\n<meta property=\"og:type\" content=\"article\" \/>\n<meta property=\"og:title\" content=\"Vpdte. Sectorial Diosdado Cabello activa ejercicios Escudo Bolivariano 2025 en Zulia - Fondo Nacional Antidrogas\" \/>\n<meta property=\"og:description\" content=\"A primera hora de la ma\u00f1ana de este mi\u00e9rcoles, desde el Aeropuerto Nacional Rel\u00e1mpago del Catatumbo en el estado Zulia, el vicepresidente Sectorial de Pol\u00edtica, Seguridad Ciudadana y Paz, Diosdado Cabello Rond\u00f3n, particip\u00f3 en el inicio de los ejercicios Escudo Bolivariano 2025, en perfecta Fusi\u00f3n Popular, Militar, Policial, para garantizar la soberan\u00eda, la paz y [&hellip;]\" \/>\n<meta property=\"og:url\" content=\"https:\/\/www.fona.gob.ve\/index.php\/2025\/01\/22\/vpdte-sectorial-diosdado-cabello-activa-ejercicios-escudo-bolivariano-2025-en-zulia\/\" \/>\n<meta property=\"og:site_name\" content=\"Fondo Nacional Antidrogas\" \/>\n<meta property=\"article:published_time\" content=\"2025-01-22T16:46:32+00:00\" \/>\n<meta property=\"article:modified_time\" content=\"2025-01-22T16:47:37+00:00\" \/>\n<meta property=\"og:image\" content=\"https:\/\/www.fona.gob.ve\/wp-content\/uploads\/2025\/01\/Vpdte.-Sectorial-Diosdsdo-Cabello.jpg\" \/>\n\t<meta property=\"og:image:width\" content=\"1080\" \/>\n\t<meta property=\"og:image:height\" content=\"720\" \/>\n\t<meta property=\"og:image:type\" content=\"image\/jpeg\" \/>\n<meta name=\"author\" content=\"prensa prensa\" \/>\n<meta name=\"twitter:card\" content=\"summary_large_image\" \/>\n<meta name=\"twitter:label1\" content=\"Escrito por\" \/>\n\t<meta name=\"twitter:data1\" content=\"prensa prensa\" \/>\n\t<meta name=\"twitter:label2\" content=\"Tiempo de lectura\" \/>\n\t<meta name=\"twitter:data2\" content=\"2 minutos\" \/>\n<script type=\"application\/ld+json\" class=\"yoast-schema-graph\">{\"@context\":\"https:\/\/schema.org\",\"@graph\":[{\"@type\":\"Article\",\"@id\":\"https:\/\/www.fona.gob.ve\/index.php\/2025\/01\/22\/vpdte-sectorial-diosdado-cabello-activa-ejercicios-escudo-bolivariano-2025-en-zulia\/#article\",\"isPartOf\":{\"@id\":\"https:\/\/www.fona.gob.ve\/index.php\/2025\/01\/22\/vpdte-sectorial-diosdado-cabello-activa-ejercicios-escudo-bolivariano-2025-en-zulia\/\"},\"author\":{\"name\":\"prensa prensa\",\"@id\":\"https:\/\/www.fona.gob.ve\/#\/schema\/person\/887f0d86a3d016ef9df002d3603dd736\"},\"headline\":\"Vpdte. Sectorial Diosdado Cabello activa ejercicios Escudo Bolivariano 2025 en Zulia\",\"datePublished\":\"2025-01-22T16:46:32+00:00\",\"dateModified\":\"2025-01-22T16:47:37+00:00\",\"mainEntityOfPage\":{\"@id\":\"https:\/\/www.fona.gob.ve\/index.php\/2025\/01\/22\/vpdte-sectorial-diosdado-cabello-activa-ejercicios-escudo-bolivariano-2025-en-zulia\/\"},\"wordCount\":322,\"publisher\":{\"@id\":\"https:\/\/www.fona.gob.ve\/#organization\"},\"image\":{\"@id\":\"https:\/\/www.fona.gob.ve\/index.php\/2025\/01\/22\/vpdte-sectorial-diosdado-cabello-activa-ejercicios-escudo-bolivariano-2025-en-zulia\/#primaryimage\"},\"thumbnailUrl\":\"https:\/\/www.fona.gob.ve\/wp-content\/uploads\/2025\/01\/Vpdte.-Sectorial-Diosdsdo-Cabello.jpg\",\"articleSection\":[\"Noticias\"],\"inLanguage\":\"es\"},{\"@type\":\"WebPage\",\"@id\":\"https:\/\/www.fona.gob.ve\/index.php\/2025\/01\/22\/vpdte-sectorial-diosdado-cabello-activa-ejercicios-escudo-bolivariano-2025-en-zulia\/\",\"url\":\"https:\/\/www.fona.gob.ve\/index.php\/2025\/01\/22\/vpdte-sectorial-diosdado-cabello-activa-ejercicios-escudo-bolivariano-2025-en-zulia\/\",\"name\":\"Vpdte. Sectorial Diosdado Cabello activa ejercicios Escudo Bolivariano 2025 en Zulia - Fondo Nacional Antidrogas\",\"isPartOf\":{\"@id\":\"https:\/\/www.fona.gob.ve\/#website\"},\"primaryImageOfPage\":{\"@id\":\"https:\/\/www.fona.gob.ve\/index.php\/2025\/01\/22\/vpdte-sectorial-diosdado-cabello-activa-ejercicios-escudo-bolivariano-2025-en-zulia\/#primaryimage\"},\"image\":{\"@id\":\"https:\/\/www.fona.gob.ve\/index.php\/2025\/01\/22\/vpdte-sectorial-diosdado-cabello-activa-ejercicios-escudo-bolivariano-2025-en-zulia\/#primaryimage\"},\"thumbnailUrl\":\"https:\/\/www.fona.gob.ve\/wp-content\/uploads\/2025\/01\/Vpdte.-Sectorial-Diosdsdo-Cabello.jpg\",\"datePublished\":\"2025-01-22T16:46:32+00:00\",\"dateModified\":\"2025-01-22T16:47:37+00:00\",\"breadcrumb\":{\"@id\":\"https:\/\/www.fona.gob.ve\/index.php\/2025\/01\/22\/vpdte-sectorial-diosdado-cabello-activa-ejercicios-escudo-bolivariano-2025-en-zulia\/#breadcrumb\"},\"inLanguage\":\"es\",\"potentialAction\":[{\"@type\":\"ReadAction\",\"target\":[\"https:\/\/www.fona.gob.ve\/index.php\/2025\/01\/22\/vpdte-sectorial-diosdado-cabello-activa-ejercicios-escudo-bolivariano-2025-en-zulia\/\"]}]},{\"@type\":\"ImageObject\",\"inLanguage\":\"es\",\"@id\":\"https:\/\/www.fona.gob.ve\/index.php\/2025\/01\/22\/vpdte-sectorial-diosdado-cabello-activa-ejercicios-escudo-bolivariano-2025-en-zulia\/#primaryimage\",\"url\":\"https:\/\/www.fona.gob.ve\/wp-content\/uploads\/2025\/01\/Vpdte.-Sectorial-Diosdsdo-Cabello.jpg\",\"contentUrl\":\"https:\/\/www.fona.gob.ve\/wp-content\/uploads\/2025\/01\/Vpdte.-Sectorial-Diosdsdo-Cabello.jpg\",\"width\":1080,\"height\":720},{\"@type\":\"BreadcrumbList\",\"@id\":\"https:\/\/www.fona.gob.ve\/index.php\/2025\/01\/22\/vpdte-sectorial-diosdado-cabello-activa-ejercicios-escudo-bolivariano-2025-en-zulia\/#breadcrumb\",\"itemListElement\":[{\"@type\":\"ListItem\",\"position\":1,\"name\":\"Portada\",\"item\":\"https:\/\/www.fona.gob.ve\/\"},{\"@type\":\"ListItem\",\"position\":2,\"name\":\"Vpdte. Sectorial Diosdado Cabello activa ejercicios Escudo Bolivariano 2025 en Zulia\"}]},{\"@type\":\"WebSite\",\"@id\":\"https:\/\/www.fona.gob.ve\/#website\",\"url\":\"https:\/\/www.fona.gob.ve\/\",\"name\":\"Fondo Nacional Antidrogas\",\"description\":\"Conoce las acciones, programas y pol\u00edticas del Fondo Nacional Antidrogas (FONA) orientadas a la prevenci\u00f3n, atenci\u00f3n integral y lucha contra el consumo de drogas en Venezuela. Informaci\u00f3n oficial y actualizada.\",\"publisher\":{\"@id\":\"https:\/\/www.fona.gob.ve\/#organization\"},\"potentialAction\":[{\"@type\":\"SearchAction\",\"target\":{\"@type\":\"EntryPoint\",\"urlTemplate\":\"https:\/\/www.fona.gob.ve\/?s={search_term_string}\"},\"query-input\":{\"@type\":\"PropertyValueSpecification\",\"valueRequired\":true,\"valueName\":\"search_term_string\"}}],\"inLanguage\":\"es\"},{\"@type\":\"Organization\",\"@id\":\"https:\/\/www.fona.gob.ve\/#organization\",\"name\":\"Fondo Nacional Antidrogas\",\"url\":\"https:\/\/www.fona.gob.ve\/\",\"logo\":{\"@type\":\"ImageObject\",\"inLanguage\":\"es\",\"@id\":\"https:\/\/www.fona.gob.ve\/#\/schema\/logo\/image\/\",\"url\":\"https:\/\/www.fona.gob.ve\/wp-content\/uploads\/2025\/04\/fona.jpeg\",\"contentUrl\":\"https:\/\/www.fona.gob.ve\/wp-content\/uploads\/2025\/04\/fona.jpeg\",\"width\":1200,\"height\":1200,\"caption\":\"Fondo Nacional Antidrogas\"},\"image\":{\"@id\":\"https:\/\/www.fona.gob.ve\/#\/schema\/logo\/image\/\"}},{\"@type\":\"Person\",\"@id\":\"https:\/\/www.fona.gob.ve\/#\/schema\/person\/887f0d86a3d016ef9df002d3603dd736\",\"name\":\"prensa prensa\",\"sameAs\":[\"https:\/\/fona.gob.ve\"],\"url\":\"https:\/\/www.fona.gob.ve\/index.php\/author\/prensa\/\"}]}<\/script>\n<!-- \/ Yoast SEO plugin. -->","yoast_head_json":{"title":"Vpdte. Sectorial Diosdado Cabello activa ejercicios Escudo Bolivariano 2025 en Zulia - Fondo Nacional Antidrogas","robots":{"index":"index","follow":"follow","max-snippet":"max-snippet:-1","max-image-preview":"max-image-preview:large","max-video-preview":"max-video-preview:-1"},"canonical":"https:\/\/www.fona.gob.ve\/index.php\/2025\/01\/22\/vpdte-sectorial-diosdado-cabello-activa-ejercicios-escudo-bolivariano-2025-en-zulia\/","og_locale":"es_ES","og_type":"article","og_title":"Vpdte. Sectorial Diosdado Cabello activa ejercicios Escudo Bolivariano 2025 en Zulia - Fondo Nacional Antidrogas","og_description":"A primera hora de la ma\u00f1ana de este mi\u00e9rcoles, desde el Aeropuerto Nacional Rel\u00e1mpago del Catatumbo en el estado Zulia, el vicepresidente Sectorial de Pol\u00edtica, Seguridad Ciudadana y Paz, Diosdado Cabello Rond\u00f3n, particip\u00f3 en el inicio de los ejercicios Escudo Bolivariano 2025, en perfecta Fusi\u00f3n Popular, Militar, Policial, para garantizar la soberan\u00eda, la paz y [&hellip;]","og_url":"https:\/\/www.fona.gob.ve\/index.php\/2025\/01\/22\/vpdte-sectorial-diosdado-cabello-activa-ejercicios-escudo-bolivariano-2025-en-zulia\/","og_site_name":"Fondo Nacional Antidrogas","article_published_time":"2025-01-22T16:46:32+00:00","article_modified_time":"2025-01-22T16:47:37+00:00","og_image":[{"width":1080,"height":720,"url":"https:\/\/www.fona.gob.ve\/wp-content\/uploads\/2025\/01\/Vpdte.-Sectorial-Diosdsdo-Cabello.jpg","type":"image\/jpeg"}],"author":"prensa prensa","twitter_card":"summary_large_image","twitter_misc":{"Escrito por":"prensa prensa","Tiempo de lectura":"2 minutos"},"schema":{"@context":"https:\/\/schema.org","@graph":[{"@type":"Article","@id":"https:\/\/www.fona.gob.ve\/index.php\/2025\/01\/22\/vpdte-sectorial-diosdado-cabello-activa-ejercicios-escudo-bolivariano-2025-en-zulia\/#article","isPartOf":{"@id":"https:\/\/www.fona.gob.ve\/index.php\/2025\/01\/22\/vpdte-sectorial-diosdado-cabello-activa-ejercicios-escudo-bolivariano-2025-en-zulia\/"},"author":{"name":"prensa prensa","@id":"https:\/\/www.fona.gob.ve\/#\/schema\/person\/887f0d86a3d016ef9df002d3603dd736"},"headline":"Vpdte. Sectorial Diosdado Cabello activa ejercicios Escudo Bolivariano 2025 en Zulia","datePublished":"2025-01-22T16:46:32+00:00","dateModified":"2025-01-22T16:47:37+00:00","mainEntityOfPage":{"@id":"https:\/\/www.fona.gob.ve\/index.php\/2025\/01\/22\/vpdte-sectorial-diosdado-cabello-activa-ejercicios-escudo-bolivariano-2025-en-zulia\/"},"wordCount":322,"publisher":{"@id":"https:\/\/www.fona.gob.ve\/#organization"},"image":{"@id":"https:\/\/www.fona.gob.ve\/index.php\/2025\/01\/22\/vpdte-sectorial-diosdado-cabello-activa-ejercicios-escudo-bolivariano-2025-en-zulia\/#primaryimage"},"thumbnailUrl":"https:\/\/www.fona.gob.ve\/wp-content\/uploads\/2025\/01\/Vpdte.-Sectorial-Diosdsdo-Cabello.jpg","articleSection":["Noticias"],"inLanguage":"es"},{"@type":"WebPage","@id":"https:\/\/www.fona.gob.ve\/index.php\/2025\/01\/22\/vpdte-sectorial-diosdado-cabello-activa-ejercicios-escudo-bolivariano-2025-en-zulia\/","url":"https:\/\/www.fona.gob.ve\/index.php\/2025\/01\/22\/vpdte-sectorial-diosdado-cabello-activa-ejercicios-escudo-bolivariano-2025-en-zulia\/","name":"Vpdte. Sectorial Diosdado Cabello activa ejercicios Escudo Bolivariano 2025 en Zulia - Fondo Nacional Antidrogas","isPartOf":{"@id":"https:\/\/www.fona.gob.ve\/#website"},"primaryImageOfPage":{"@id":"https:\/\/www.fona.gob.ve\/index.php\/2025\/01\/22\/vpdte-sectorial-diosdado-cabello-activa-ejercicios-escudo-bolivariano-2025-en-zulia\/#primaryimage"},"image":{"@id":"https:\/\/www.fona.gob.ve\/index.php\/2025\/01\/22\/vpdte-sectorial-diosdado-cabello-activa-ejercicios-escudo-bolivariano-2025-en-zulia\/#primaryimage"},"thumbnailUrl":"https:\/\/www.fona.gob.ve\/wp-content\/uploads\/2025\/01\/Vpdte.-Sectorial-Diosdsdo-Cabello.jpg","datePublished":"2025-01-22T16:46:32+00:00","dateModified":"2025-01-22T16:47:37+00:00","breadcrumb":{"@id":"https:\/\/www.fona.gob.ve\/index.php\/2025\/01\/22\/vpdte-sectorial-diosdado-cabello-activa-ejercicios-escudo-bolivariano-2025-en-zulia\/#breadcrumb"},"inLanguage":"es","potentialAction":[{"@type":"ReadAction","target":["https:\/\/www.fona.gob.ve\/index.php\/2025\/01\/22\/vpdte-sectorial-diosdado-cabello-activa-ejercicios-escudo-bolivariano-2025-en-zulia\/"]}]},{"@type":"ImageObject","inLanguage":"es","@id":"https:\/\/www.fona.gob.ve\/index.php\/2025\/01\/22\/vpdte-sectorial-diosdado-cabello-activa-ejercicios-escudo-bolivariano-2025-en-zulia\/#primaryimage","url":"https:\/\/www.fona.gob.ve\/wp-content\/uploads\/2025\/01\/Vpdte.-Sectorial-Diosdsdo-Cabello.jpg","contentUrl":"https:\/\/www.fona.gob.ve\/wp-content\/uploads\/2025\/01\/Vpdte.-Sectorial-Diosdsdo-Cabello.jpg","width":1080,"height":720},{"@type":"BreadcrumbList","@id":"https:\/\/www.fona.gob.ve\/index.php\/2025\/01\/22\/vpdte-sectorial-diosdado-cabello-activa-ejercicios-escudo-bolivariano-2025-en-zulia\/#breadcrumb","itemListElement":[{"@type":"ListItem","position":1,"name":"Portada","item":"https:\/\/www.fona.gob.ve\/"},{"@type":"ListItem","position":2,"name":"Vpdte. Sectorial Diosdado Cabello activa ejercicios Escudo Bolivariano 2025 en Zulia"}]},{"@type":"WebSite","@id":"https:\/\/www.fona.gob.ve\/#website","url":"https:\/\/www.fona.gob.ve\/","name":"Fondo Nacional Antidrogas","description":"Conoce las acciones, programas y pol\u00edticas del Fondo Nacional Antidrogas (FONA) orientadas a la prevenci\u00f3n, atenci\u00f3n integral y lucha contra el consumo de drogas en Venezuela. Informaci\u00f3n oficial y actualizada.","publisher":{"@id":"https:\/\/www.fona.gob.ve\/#organization"},"potentialAction":[{"@type":"SearchAction","target":{"@type":"EntryPoint","urlTemplate":"https:\/\/www.fona.gob.ve\/?s={search_term_string}"},"query-input":{"@type":"PropertyValueSpecification","valueRequired":true,"valueName":"search_term_string"}}],"inLanguage":"es"},{"@type":"Organization","@id":"https:\/\/www.fona.gob.ve\/#organization","name":"Fondo Nacional Antidrogas","url":"https:\/\/www.fona.gob.ve\/","logo":{"@type":"ImageObject","inLanguage":"es","@id":"https:\/\/www.fona.gob.ve\/#\/schema\/logo\/image\/","url":"https:\/\/www.fona.gob.ve\/wp-content\/uploads\/2025\/04\/fona.jpeg","contentUrl":"https:\/\/www.fona.gob.ve\/wp-content\/uploads\/2025\/04\/fona.jpeg","width":1200,"height":1200,"caption":"Fondo Nacional Antidrogas"},"image":{"@id":"https:\/\/www.fona.gob.ve\/#\/schema\/logo\/image\/"}},{"@type":"Person","@id":"https:\/\/www.fona.gob.ve\/#\/schema\/person\/887f0d86a3d016ef9df002d3603dd736","name":"prensa prensa","sameAs":["https:\/\/fona.gob.ve"],"url":"https:\/\/www.fona.gob.ve\/index.php\/author\/prensa\/"}]}},"_links":{"self":[{"href":"https:\/\/www.fona.gob.ve\/index.php\/wp-json\/wp\/v2\/posts\/12207","targetHints":{"allow":["GET"]}}],"collection":[{"href":"https:\/\/www.fona.gob.ve\/index.php\/wp-json\/wp\/v2\/posts"}],"about":[{"href":"https:\/\/www.fona.gob.ve\/index.php\/wp-json\/wp\/v2\/types\/post"}],"author":[{"embeddable":true,"href":"https:\/\/www.fona.gob.ve\/index.php\/wp-json\/wp\/v2\/users\/2"}],"replies":[{"embeddable":true,"href":"https:\/\/www.fona.gob.ve\/index.php\/wp-json\/wp\/v2\/comments?post=12207"}],"version-history":[{"count":3,"href":"https:\/\/www.fona.gob.ve\/index.php\/wp-json\/wp\/v2\/posts\/12207\/revisions"}],"predecessor-version":[{"id":12211,"href":"https:\/\/www.fona.gob.ve\/index.php\/wp-json\/wp\/v2\/posts\/12207\/revisions\/12211"}],"wp:featuredmedia":[{"embeddable":true,"href":"https:\/\/www.fona.gob.ve\/index.php\/wp-json\/wp\/v2\/media\/12208"}],"wp:attachment":[{"href":"https:\/\/www.fona.gob.ve\/index.php\/wp-json\/wp\/v2\/media?parent=12207"}],"wp:term":[{"taxonomy":"category","embeddable":true,"href":"https:\/\/www.fona.gob.ve\/index.php\/wp-json\/wp\/v2\/categories?post=12207"},{"taxonomy":"post_tag","embeddable":true,"href":"https:\/\/www.fona.gob.ve\/index.php\/wp-json\/wp\/v2\/tags?post=12207"}],"curies":[{"name":"wp","href":"https:\/\/api.w.org\/{rel}","templated":true}]}}