{"id":12080,"date":"2024-10-31T15:25:34","date_gmt":"2024-10-31T19:25:34","guid":{"rendered":"https:\/\/www.fona.gob.ve\/?p=12080"},"modified":"2024-10-31T15:26:56","modified_gmt":"2024-10-31T19:26:56","slug":"vicepresidente-diosdado-cabello-realizo-recorrido-por-diversos-puntos-de-vigilancia-policial-en-mampote-guarenas-y-guatire","status":"publish","type":"post","link":"https:\/\/www.fona.gob.ve\/index.php\/2024\/10\/31\/vicepresidente-diosdado-cabello-realizo-recorrido-por-diversos-puntos-de-vigilancia-policial-en-mampote-guarenas-y-guatire\/","title":{"rendered":"Vicepresidente Diosdado Cabello realiz\u00f3 recorrido por diversos puntos de vigilancia policial en Mampote, Guarenas y Guatire"},"content":{"rendered":"\t\t<div data-elementor-type=\"wp-post\" data-elementor-id=\"12080\" class=\"elementor elementor-12080\" data-elementor-post-type=\"post\">\n\t\t\t\t\t\t<section class=\"elementor-section elementor-top-section elementor-element elementor-element-43c8241 elementor-section-boxed elementor-section-height-default elementor-section-height-default\" data-id=\"43c8241\" data-element_type=\"section\">\n\t\t\t\t\t\t<div class=\"elementor-container elementor-column-gap-default\">\n\t\t\t\t\t<div class=\"elementor-column elementor-col-100 elementor-top-column elementor-element elementor-element-3be5d6a5\" data-id=\"3be5d6a5\" data-element_type=\"column\">\n\t\t\t<div class=\"elementor-widget-wrap elementor-element-populated\">\n\t\t\t\t\t\t<div class=\"elementor-element elementor-element-41e4ae2 elementor-widget elementor-widget-image\" data-id=\"41e4ae2\" data-element_type=\"widget\" data-widget_type=\"image.default\">\n\t\t\t\t<div class=\"elementor-widget-container\">\n\t\t\t\t\t\t\t\t\t\t\t\t\t<img fetchpriority=\"high\" decoding=\"async\" width=\"800\" height=\"445\" src=\"https:\/\/www.fona.gob.ve\/wp-content\/uploads\/2024\/10\/M3-800x445-1.jpeg\" class=\"attachment-large size-large wp-image-12081\" alt=\"\" srcset=\"https:\/\/www.fona.gob.ve\/wp-content\/uploads\/2024\/10\/M3-800x445-1.jpeg 800w, https:\/\/www.fona.gob.ve\/wp-content\/uploads\/2024\/10\/M3-800x445-1-300x167.jpeg 300w, https:\/\/www.fona.gob.ve\/wp-content\/uploads\/2024\/10\/M3-800x445-1-768x427.jpeg 768w, https:\/\/www.fona.gob.ve\/wp-content\/uploads\/2024\/10\/M3-800x445-1-480x267.jpeg 480w\" sizes=\"(max-width: 800px) 100vw, 800px\" title=\"M3-800x445\" \/>\t\t\t\t\t\t\t\t\t\t\t\t\t<\/div>\n\t\t\t\t<\/div>\n\t\t\t\t<div class=\"elementor-element elementor-element-5c0e6ab2 elementor-widget elementor-widget-text-editor\" data-id=\"5c0e6ab2\" data-element_type=\"widget\" data-widget_type=\"text-editor.default\">\n\t\t\t\t<div class=\"elementor-widget-container\">\n\t\t\t\t\t\t\t<p>Durante la madrugada de este jueves 31 de octubre de 2024, el vicepresidente Sectorial de Pol\u00edtica, Seguridad Ciudadana y Paz, Capit\u00e1n Diosdado Cabello Rond\u00f3n, visit\u00f3 el punto de vigilancia policial ubicado en la localidad de Mampote, en Guarenas, municipio Plaza del estado Miranda, con el objetivo de constatar la labor que los funcionarios de los cuerpos de seguridad del estado realizan en beneficio de la poblaci\u00f3n que habita en dicha localidad mirandina.<\/p><p><span style=\"background-color: initial; color: var( --e-global-color-theme-content-color ); font-family: var( --e-global-typography-theme-main-font-family ), Sans-serif; font-size: var( --e-global-typography-theme-main-font-size ); font-weight: var( --e-global-typography-theme-main-font-weight ); letter-spacing: var( --e-global-typography-theme-main-letter-spacing ); word-spacing: var( --e-global-typography-theme-main-word-spacing );\">El tambi\u00e9n Ministro del Poder Popular para Relaciones Interiores, Justicia y Paz convers\u00f3 de forma amena con los funcionarios de la Polic\u00eda del estado Miranda, Polic\u00eda Nacional Bolivariana (PNB) y de la Guardia Nacional Bolivariana (GNB) sobre el rol de vigilancia que desempe\u00f1an en favor de la ciudadan\u00eda.<\/span><\/p><p><span style=\"background-color: initial; color: var( --e-global-color-theme-content-color ); font-family: var( --e-global-typography-theme-main-font-family ), Sans-serif; font-size: var( --e-global-typography-theme-main-font-size ); font-weight: var( --e-global-typography-theme-main-font-weight ); letter-spacing: var( --e-global-typography-theme-main-letter-spacing ); word-spacing: var( --e-global-typography-theme-main-word-spacing );\">A lo largo del despliegue policial, el titular del mencionado despacho ministerial expres\u00f3 que las fuerzas policiales son un eje fundamental del Gobierno Bolivariano, gracias a su contacto directo con el pueblo, el cual se consolid\u00f3 gracias a la fusi\u00f3n policial, militar y popular que lidera el presidente de la Rep\u00fablica, Nicol\u00e1s Maduro Moros.<\/span><\/p><p><span style=\"background-color: initial; color: var( --e-global-color-theme-content-color ); font-family: var( --e-global-typography-theme-main-font-family ), Sans-serif; font-size: var( --e-global-typography-theme-main-font-size ); font-weight: var( --e-global-typography-theme-main-font-weight ); letter-spacing: var( --e-global-typography-theme-main-letter-spacing ); word-spacing: var( --e-global-typography-theme-main-word-spacing );\">\u201cEso significa que el pueblo debe ver que la polic\u00eda les pertenece; el pueblo tiene que decir que esa es mi polic\u00eda, que no sienta temor, que no sienta miedo, que cuando el pueblo pase por aqu\u00ed y vea a los polic\u00edas y vea la Guardia, diga: \u2018Ay Dios, aqu\u00ed no me va a pasar nada porque aqu\u00ed est\u00e1n los m\u00edos, yo aqu\u00ed me siento seguro\u2019\u201d, expres\u00f3 Cabello Rond\u00f3n.<\/span><\/p><p><span style=\"background-color: initial; color: var( --e-global-color-theme-content-color ); font-family: var( --e-global-typography-theme-main-font-family ), Sans-serif; font-size: var( --e-global-typography-theme-main-font-size ); font-weight: var( --e-global-typography-theme-main-font-weight ); letter-spacing: var( --e-global-typography-theme-main-letter-spacing ); word-spacing: var( --e-global-typography-theme-main-word-spacing );\">De igual modo, constat\u00f3 el buen estado en el que se encuentran las patrullas, en las cuales mujeres y hombres de los mencionados \u00f3rganos de seguridad realizan su labor de resguardo policial.<\/span><\/p><p><span style=\"background-color: initial; color: var( --e-global-color-theme-content-color ); font-family: var( --e-global-typography-theme-main-font-family ), Sans-serif; font-size: var( --e-global-typography-theme-main-font-size ); font-weight: var( --e-global-typography-theme-main-font-weight ); letter-spacing: var( --e-global-typography-theme-main-letter-spacing ); word-spacing: var( --e-global-typography-theme-main-word-spacing );\">De igual manera, Cabello Rond\u00f3n se present\u00f3 en el puesto de vigilancia policial ubicado en la Avenida Intercomunal Guarenas-Guatire, a la altura de la urbanizaci\u00f3n Nueva Casarapa, as\u00ed como el que se encuentra instalado en la Avenida Intercomunal Guarenas-Guatire, a la altura del sector Luna Park; y el situado en la Autopista Gran Mariscal de Ayacucho, a la altura de los l\u00edmites entre Guarenas y Guatire.<\/span><\/p><p><span style=\"background-color: initial; color: var( --e-global-color-theme-content-color ); font-family: var( --e-global-typography-theme-main-font-family ), Sans-serif; font-size: var( --e-global-typography-theme-main-font-size ); font-weight: var( --e-global-typography-theme-main-font-weight ); letter-spacing: var( --e-global-typography-theme-main-letter-spacing ); word-spacing: var( --e-global-typography-theme-main-word-spacing );\">Asimismo, la m\u00e1xima autoridad del Sistema de Seguridad del pa\u00eds constat\u00f3 el buen estado de las unidades del mencionado \u00f3rgano de seguridad.<\/span><\/p><p><span style=\"background-color: initial; color: var( --e-global-color-theme-content-color ); font-family: var( --e-global-typography-theme-main-font-family ), Sans-serif; font-size: var( --e-global-typography-theme-main-font-size ); font-weight: var( --e-global-typography-theme-main-font-weight ); letter-spacing: var( --e-global-typography-theme-main-letter-spacing ); word-spacing: var( --e-global-typography-theme-main-word-spacing );\">Cabe destacar, que este despliegue policial se realiza constantemente con el prop\u00f3sito de resguardar a la ciudadan\u00eda, a fin de garantizar el derecho que merece tener el pueblo venezolano de vivir en tranquilidad y sosiego, tal como lo establece la Gran Misi\u00f3n Cuadrantes de Paz.<\/span><\/p><p><span style=\"background-color: initial; color: var( --e-global-color-theme-content-color ); font-family: var( --e-global-typography-theme-main-font-family ), Sans-serif; font-size: var( --e-global-typography-theme-main-font-size ); font-weight: var( --e-global-typography-theme-main-font-weight ); letter-spacing: var( --e-global-typography-theme-main-letter-spacing ); word-spacing: var( --e-global-typography-theme-main-word-spacing );\"><br><\/span><\/p><p><span style=\"background-color: initial; color: var( --e-global-color-theme-content-color ); font-family: var( --e-global-typography-theme-main-font-family ), Sans-serif; font-size: var( --e-global-typography-theme-main-font-size ); font-weight: var( --e-global-typography-theme-main-font-weight ); letter-spacing: var( --e-global-typography-theme-main-letter-spacing ); word-spacing: var( --e-global-typography-theme-main-word-spacing );\">Prensa Mpprijp<\/span><\/p>\t\t\t\t\t\t<\/div>\n\t\t\t\t<\/div>\n\t\t\t\t\t<\/div>\n\t\t<\/div>\n\t\t\t\t\t<\/div>\n\t\t<\/section>\n\t\t\t\t<\/div>\n\t\t","protected":false},"excerpt":{"rendered":"<p>Durante la madrugada de este jueves 31 de octubre de 2024, el vicepresidente Sectorial de Pol\u00edtica, Seguridad Ciudadana y Paz, Capit\u00e1n Diosdado Cabello Rond\u00f3n, visit\u00f3 el punto de vigilancia policial ubicado en la localidad de Mampote, en Guarenas, municipio Plaza del estado Miranda, con el objetivo de constatar la labor que los funcionarios de los [&hellip;]<\/p>\n","protected":false},"author":2,"featured_media":12081,"comment_status":"closed","ping_status":"closed","sticky":false,"template":"","format":"standard","meta":{"footnotes":""},"categories":[58],"tags":[],"class_list":["post-12080","post","type-post","status-publish","format-standard","has-post-thumbnail","hentry","category-noticias"],"yoast_head":"<!-- This site is optimized with the Yoast SEO plugin v26.4 - https:\/\/yoast.com\/wordpress\/plugins\/seo\/ -->\n<title>Vicepresidente Diosdado Cabello realiz\u00f3 recorrido por diversos puntos de vigilancia policial en Mampote, Guarenas y Guatire - Fondo Nacional Antidrogas<\/title>\n<meta name=\"robots\" content=\"index, follow, max-snippet:-1, max-image-preview:large, max-video-preview:-1\" \/>\n<link rel=\"canonical\" href=\"https:\/\/www.fona.gob.ve\/index.php\/2024\/10\/31\/vicepresidente-diosdado-cabello-realizo-recorrido-por-diversos-puntos-de-vigilancia-policial-en-mampote-guarenas-y-guatire\/\" \/>\n<meta property=\"og:locale\" content=\"es_ES\" \/>\n<meta property=\"og:type\" content=\"article\" \/>\n<meta property=\"og:title\" content=\"Vicepresidente Diosdado Cabello realiz\u00f3 recorrido por diversos puntos de vigilancia policial en Mampote, Guarenas y Guatire - Fondo Nacional Antidrogas\" \/>\n<meta property=\"og:description\" content=\"Durante la madrugada de este jueves 31 de octubre de 2024, el vicepresidente Sectorial de Pol\u00edtica, Seguridad Ciudadana y Paz, Capit\u00e1n Diosdado Cabello Rond\u00f3n, visit\u00f3 el punto de vigilancia policial ubicado en la localidad de Mampote, en Guarenas, municipio Plaza del estado Miranda, con el objetivo de constatar la labor que los funcionarios de los [&hellip;]\" \/>\n<meta property=\"og:url\" content=\"https:\/\/www.fona.gob.ve\/index.php\/2024\/10\/31\/vicepresidente-diosdado-cabello-realizo-recorrido-por-diversos-puntos-de-vigilancia-policial-en-mampote-guarenas-y-guatire\/\" \/>\n<meta property=\"og:site_name\" content=\"Fondo Nacional Antidrogas\" \/>\n<meta property=\"article:published_time\" content=\"2024-10-31T19:25:34+00:00\" \/>\n<meta property=\"article:modified_time\" content=\"2024-10-31T19:26:56+00:00\" \/>\n<meta property=\"og:image\" content=\"https:\/\/www.fona.gob.ve\/wp-content\/uploads\/2024\/10\/M3-800x445-1.jpeg\" \/>\n\t<meta property=\"og:image:width\" content=\"800\" \/>\n\t<meta property=\"og:image:height\" content=\"445\" \/>\n\t<meta property=\"og:image:type\" content=\"image\/jpeg\" \/>\n<meta name=\"author\" content=\"prensa prensa\" \/>\n<meta name=\"twitter:card\" content=\"summary_large_image\" \/>\n<meta name=\"twitter:label1\" content=\"Escrito por\" \/>\n\t<meta name=\"twitter:data1\" content=\"prensa prensa\" \/>\n\t<meta name=\"twitter:label2\" content=\"Tiempo de lectura\" \/>\n\t<meta name=\"twitter:data2\" content=\"2 minutos\" \/>\n<script type=\"application\/ld+json\" class=\"yoast-schema-graph\">{\"@context\":\"https:\/\/schema.org\",\"@graph\":[{\"@type\":\"Article\",\"@id\":\"https:\/\/www.fona.gob.ve\/index.php\/2024\/10\/31\/vicepresidente-diosdado-cabello-realizo-recorrido-por-diversos-puntos-de-vigilancia-policial-en-mampote-guarenas-y-guatire\/#article\",\"isPartOf\":{\"@id\":\"https:\/\/www.fona.gob.ve\/index.php\/2024\/10\/31\/vicepresidente-diosdado-cabello-realizo-recorrido-por-diversos-puntos-de-vigilancia-policial-en-mampote-guarenas-y-guatire\/\"},\"author\":{\"name\":\"prensa prensa\",\"@id\":\"https:\/\/www.fona.gob.ve\/#\/schema\/person\/887f0d86a3d016ef9df002d3603dd736\"},\"headline\":\"Vicepresidente Diosdado Cabello realiz\u00f3 recorrido por diversos puntos de vigilancia policial en Mampote, Guarenas y Guatire\",\"datePublished\":\"2024-10-31T19:25:34+00:00\",\"dateModified\":\"2024-10-31T19:26:56+00:00\",\"mainEntityOfPage\":{\"@id\":\"https:\/\/www.fona.gob.ve\/index.php\/2024\/10\/31\/vicepresidente-diosdado-cabello-realizo-recorrido-por-diversos-puntos-de-vigilancia-policial-en-mampote-guarenas-y-guatire\/\"},\"wordCount\":450,\"publisher\":{\"@id\":\"https:\/\/www.fona.gob.ve\/#organization\"},\"image\":{\"@id\":\"https:\/\/www.fona.gob.ve\/index.php\/2024\/10\/31\/vicepresidente-diosdado-cabello-realizo-recorrido-por-diversos-puntos-de-vigilancia-policial-en-mampote-guarenas-y-guatire\/#primaryimage\"},\"thumbnailUrl\":\"https:\/\/www.fona.gob.ve\/wp-content\/uploads\/2024\/10\/M3-800x445-1.jpeg\",\"articleSection\":[\"Noticias\"],\"inLanguage\":\"es\"},{\"@type\":\"WebPage\",\"@id\":\"https:\/\/www.fona.gob.ve\/index.php\/2024\/10\/31\/vicepresidente-diosdado-cabello-realizo-recorrido-por-diversos-puntos-de-vigilancia-policial-en-mampote-guarenas-y-guatire\/\",\"url\":\"https:\/\/www.fona.gob.ve\/index.php\/2024\/10\/31\/vicepresidente-diosdado-cabello-realizo-recorrido-por-diversos-puntos-de-vigilancia-policial-en-mampote-guarenas-y-guatire\/\",\"name\":\"Vicepresidente Diosdado Cabello realiz\u00f3 recorrido por diversos puntos de vigilancia policial en Mampote, Guarenas y Guatire - Fondo Nacional Antidrogas\",\"isPartOf\":{\"@id\":\"https:\/\/www.fona.gob.ve\/#website\"},\"primaryImageOfPage\":{\"@id\":\"https:\/\/www.fona.gob.ve\/index.php\/2024\/10\/31\/vicepresidente-diosdado-cabello-realizo-recorrido-por-diversos-puntos-de-vigilancia-policial-en-mampote-guarenas-y-guatire\/#primaryimage\"},\"image\":{\"@id\":\"https:\/\/www.fona.gob.ve\/index.php\/2024\/10\/31\/vicepresidente-diosdado-cabello-realizo-recorrido-por-diversos-puntos-de-vigilancia-policial-en-mampote-guarenas-y-guatire\/#primaryimage\"},\"thumbnailUrl\":\"https:\/\/www.fona.gob.ve\/wp-content\/uploads\/2024\/10\/M3-800x445-1.jpeg\",\"datePublished\":\"2024-10-31T19:25:34+00:00\",\"dateModified\":\"2024-10-31T19:26:56+00:00\",\"breadcrumb\":{\"@id\":\"https:\/\/www.fona.gob.ve\/index.php\/2024\/10\/31\/vicepresidente-diosdado-cabello-realizo-recorrido-por-diversos-puntos-de-vigilancia-policial-en-mampote-guarenas-y-guatire\/#breadcrumb\"},\"inLanguage\":\"es\",\"potentialAction\":[{\"@type\":\"ReadAction\",\"target\":[\"https:\/\/www.fona.gob.ve\/index.php\/2024\/10\/31\/vicepresidente-diosdado-cabello-realizo-recorrido-por-diversos-puntos-de-vigilancia-policial-en-mampote-guarenas-y-guatire\/\"]}]},{\"@type\":\"ImageObject\",\"inLanguage\":\"es\",\"@id\":\"https:\/\/www.fona.gob.ve\/index.php\/2024\/10\/31\/vicepresidente-diosdado-cabello-realizo-recorrido-por-diversos-puntos-de-vigilancia-policial-en-mampote-guarenas-y-guatire\/#primaryimage\",\"url\":\"https:\/\/www.fona.gob.ve\/wp-content\/uploads\/2024\/10\/M3-800x445-1.jpeg\",\"contentUrl\":\"https:\/\/www.fona.gob.ve\/wp-content\/uploads\/2024\/10\/M3-800x445-1.jpeg\",\"width\":800,\"height\":445},{\"@type\":\"BreadcrumbList\",\"@id\":\"https:\/\/www.fona.gob.ve\/index.php\/2024\/10\/31\/vicepresidente-diosdado-cabello-realizo-recorrido-por-diversos-puntos-de-vigilancia-policial-en-mampote-guarenas-y-guatire\/#breadcrumb\",\"itemListElement\":[{\"@type\":\"ListItem\",\"position\":1,\"name\":\"Portada\",\"item\":\"https:\/\/www.fona.gob.ve\/\"},{\"@type\":\"ListItem\",\"position\":2,\"name\":\"Vicepresidente Diosdado Cabello realiz\u00f3 recorrido por diversos puntos de vigilancia policial en Mampote, Guarenas y Guatire\"}]},{\"@type\":\"WebSite\",\"@id\":\"https:\/\/www.fona.gob.ve\/#website\",\"url\":\"https:\/\/www.fona.gob.ve\/\",\"name\":\"Fondo Nacional Antidrogas\",\"description\":\"Conoce las acciones, programas y pol\u00edticas del Fondo Nacional Antidrogas (FONA) orientadas a la prevenci\u00f3n, atenci\u00f3n integral y lucha contra el consumo de drogas en Venezuela. Informaci\u00f3n oficial y actualizada.\",\"publisher\":{\"@id\":\"https:\/\/www.fona.gob.ve\/#organization\"},\"potentialAction\":[{\"@type\":\"SearchAction\",\"target\":{\"@type\":\"EntryPoint\",\"urlTemplate\":\"https:\/\/www.fona.gob.ve\/?s={search_term_string}\"},\"query-input\":{\"@type\":\"PropertyValueSpecification\",\"valueRequired\":true,\"valueName\":\"search_term_string\"}}],\"inLanguage\":\"es\"},{\"@type\":\"Organization\",\"@id\":\"https:\/\/www.fona.gob.ve\/#organization\",\"name\":\"Fondo Nacional Antidrogas\",\"url\":\"https:\/\/www.fona.gob.ve\/\",\"logo\":{\"@type\":\"ImageObject\",\"inLanguage\":\"es\",\"@id\":\"https:\/\/www.fona.gob.ve\/#\/schema\/logo\/image\/\",\"url\":\"https:\/\/www.fona.gob.ve\/wp-content\/uploads\/2025\/04\/fona.jpeg\",\"contentUrl\":\"https:\/\/www.fona.gob.ve\/wp-content\/uploads\/2025\/04\/fona.jpeg\",\"width\":1200,\"height\":1200,\"caption\":\"Fondo Nacional Antidrogas\"},\"image\":{\"@id\":\"https:\/\/www.fona.gob.ve\/#\/schema\/logo\/image\/\"}},{\"@type\":\"Person\",\"@id\":\"https:\/\/www.fona.gob.ve\/#\/schema\/person\/887f0d86a3d016ef9df002d3603dd736\",\"name\":\"prensa prensa\",\"sameAs\":[\"https:\/\/fona.gob.ve\"],\"url\":\"https:\/\/www.fona.gob.ve\/index.php\/author\/prensa\/\"}]}<\/script>\n<!-- \/ Yoast SEO plugin. -->","yoast_head_json":{"title":"Vicepresidente Diosdado Cabello realiz\u00f3 recorrido por diversos puntos de vigilancia policial en Mampote, Guarenas y Guatire - Fondo Nacional Antidrogas","robots":{"index":"index","follow":"follow","max-snippet":"max-snippet:-1","max-image-preview":"max-image-preview:large","max-video-preview":"max-video-preview:-1"},"canonical":"https:\/\/www.fona.gob.ve\/index.php\/2024\/10\/31\/vicepresidente-diosdado-cabello-realizo-recorrido-por-diversos-puntos-de-vigilancia-policial-en-mampote-guarenas-y-guatire\/","og_locale":"es_ES","og_type":"article","og_title":"Vicepresidente Diosdado Cabello realiz\u00f3 recorrido por diversos puntos de vigilancia policial en Mampote, Guarenas y Guatire - Fondo Nacional Antidrogas","og_description":"Durante la madrugada de este jueves 31 de octubre de 2024, el vicepresidente Sectorial de Pol\u00edtica, Seguridad Ciudadana y Paz, Capit\u00e1n Diosdado Cabello Rond\u00f3n, visit\u00f3 el punto de vigilancia policial ubicado en la localidad de Mampote, en Guarenas, municipio Plaza del estado Miranda, con el objetivo de constatar la labor que los funcionarios de los [&hellip;]","og_url":"https:\/\/www.fona.gob.ve\/index.php\/2024\/10\/31\/vicepresidente-diosdado-cabello-realizo-recorrido-por-diversos-puntos-de-vigilancia-policial-en-mampote-guarenas-y-guatire\/","og_site_name":"Fondo Nacional Antidrogas","article_published_time":"2024-10-31T19:25:34+00:00","article_modified_time":"2024-10-31T19:26:56+00:00","og_image":[{"width":800,"height":445,"url":"https:\/\/www.fona.gob.ve\/wp-content\/uploads\/2024\/10\/M3-800x445-1.jpeg","type":"image\/jpeg"}],"author":"prensa prensa","twitter_card":"summary_large_image","twitter_misc":{"Escrito por":"prensa prensa","Tiempo de lectura":"2 minutos"},"schema":{"@context":"https:\/\/schema.org","@graph":[{"@type":"Article","@id":"https:\/\/www.fona.gob.ve\/index.php\/2024\/10\/31\/vicepresidente-diosdado-cabello-realizo-recorrido-por-diversos-puntos-de-vigilancia-policial-en-mampote-guarenas-y-guatire\/#article","isPartOf":{"@id":"https:\/\/www.fona.gob.ve\/index.php\/2024\/10\/31\/vicepresidente-diosdado-cabello-realizo-recorrido-por-diversos-puntos-de-vigilancia-policial-en-mampote-guarenas-y-guatire\/"},"author":{"name":"prensa prensa","@id":"https:\/\/www.fona.gob.ve\/#\/schema\/person\/887f0d86a3d016ef9df002d3603dd736"},"headline":"Vicepresidente Diosdado Cabello realiz\u00f3 recorrido por diversos puntos de vigilancia policial en Mampote, Guarenas y Guatire","datePublished":"2024-10-31T19:25:34+00:00","dateModified":"2024-10-31T19:26:56+00:00","mainEntityOfPage":{"@id":"https:\/\/www.fona.gob.ve\/index.php\/2024\/10\/31\/vicepresidente-diosdado-cabello-realizo-recorrido-por-diversos-puntos-de-vigilancia-policial-en-mampote-guarenas-y-guatire\/"},"wordCount":450,"publisher":{"@id":"https:\/\/www.fona.gob.ve\/#organization"},"image":{"@id":"https:\/\/www.fona.gob.ve\/index.php\/2024\/10\/31\/vicepresidente-diosdado-cabello-realizo-recorrido-por-diversos-puntos-de-vigilancia-policial-en-mampote-guarenas-y-guatire\/#primaryimage"},"thumbnailUrl":"https:\/\/www.fona.gob.ve\/wp-content\/uploads\/2024\/10\/M3-800x445-1.jpeg","articleSection":["Noticias"],"inLanguage":"es"},{"@type":"WebPage","@id":"https:\/\/www.fona.gob.ve\/index.php\/2024\/10\/31\/vicepresidente-diosdado-cabello-realizo-recorrido-por-diversos-puntos-de-vigilancia-policial-en-mampote-guarenas-y-guatire\/","url":"https:\/\/www.fona.gob.ve\/index.php\/2024\/10\/31\/vicepresidente-diosdado-cabello-realizo-recorrido-por-diversos-puntos-de-vigilancia-policial-en-mampote-guarenas-y-guatire\/","name":"Vicepresidente Diosdado Cabello realiz\u00f3 recorrido por diversos puntos de vigilancia policial en Mampote, Guarenas y Guatire - Fondo Nacional Antidrogas","isPartOf":{"@id":"https:\/\/www.fona.gob.ve\/#website"},"primaryImageOfPage":{"@id":"https:\/\/www.fona.gob.ve\/index.php\/2024\/10\/31\/vicepresidente-diosdado-cabello-realizo-recorrido-por-diversos-puntos-de-vigilancia-policial-en-mampote-guarenas-y-guatire\/#primaryimage"},"image":{"@id":"https:\/\/www.fona.gob.ve\/index.php\/2024\/10\/31\/vicepresidente-diosdado-cabello-realizo-recorrido-por-diversos-puntos-de-vigilancia-policial-en-mampote-guarenas-y-guatire\/#primaryimage"},"thumbnailUrl":"https:\/\/www.fona.gob.ve\/wp-content\/uploads\/2024\/10\/M3-800x445-1.jpeg","datePublished":"2024-10-31T19:25:34+00:00","dateModified":"2024-10-31T19:26:56+00:00","breadcrumb":{"@id":"https:\/\/www.fona.gob.ve\/index.php\/2024\/10\/31\/vicepresidente-diosdado-cabello-realizo-recorrido-por-diversos-puntos-de-vigilancia-policial-en-mampote-guarenas-y-guatire\/#breadcrumb"},"inLanguage":"es","potentialAction":[{"@type":"ReadAction","target":["https:\/\/www.fona.gob.ve\/index.php\/2024\/10\/31\/vicepresidente-diosdado-cabello-realizo-recorrido-por-diversos-puntos-de-vigilancia-policial-en-mampote-guarenas-y-guatire\/"]}]},{"@type":"ImageObject","inLanguage":"es","@id":"https:\/\/www.fona.gob.ve\/index.php\/2024\/10\/31\/vicepresidente-diosdado-cabello-realizo-recorrido-por-diversos-puntos-de-vigilancia-policial-en-mampote-guarenas-y-guatire\/#primaryimage","url":"https:\/\/www.fona.gob.ve\/wp-content\/uploads\/2024\/10\/M3-800x445-1.jpeg","contentUrl":"https:\/\/www.fona.gob.ve\/wp-content\/uploads\/2024\/10\/M3-800x445-1.jpeg","width":800,"height":445},{"@type":"BreadcrumbList","@id":"https:\/\/www.fona.gob.ve\/index.php\/2024\/10\/31\/vicepresidente-diosdado-cabello-realizo-recorrido-por-diversos-puntos-de-vigilancia-policial-en-mampote-guarenas-y-guatire\/#breadcrumb","itemListElement":[{"@type":"ListItem","position":1,"name":"Portada","item":"https:\/\/www.fona.gob.ve\/"},{"@type":"ListItem","position":2,"name":"Vicepresidente Diosdado Cabello realiz\u00f3 recorrido por diversos puntos de vigilancia policial en Mampote, Guarenas y Guatire"}]},{"@type":"WebSite","@id":"https:\/\/www.fona.gob.ve\/#website","url":"https:\/\/www.fona.gob.ve\/","name":"Fondo Nacional Antidrogas","description":"Conoce las acciones, programas y pol\u00edticas del Fondo Nacional Antidrogas (FONA) orientadas a la prevenci\u00f3n, atenci\u00f3n integral y lucha contra el consumo de drogas en Venezuela. Informaci\u00f3n oficial y actualizada.","publisher":{"@id":"https:\/\/www.fona.gob.ve\/#organization"},"potentialAction":[{"@type":"SearchAction","target":{"@type":"EntryPoint","urlTemplate":"https:\/\/www.fona.gob.ve\/?s={search_term_string}"},"query-input":{"@type":"PropertyValueSpecification","valueRequired":true,"valueName":"search_term_string"}}],"inLanguage":"es"},{"@type":"Organization","@id":"https:\/\/www.fona.gob.ve\/#organization","name":"Fondo Nacional Antidrogas","url":"https:\/\/www.fona.gob.ve\/","logo":{"@type":"ImageObject","inLanguage":"es","@id":"https:\/\/www.fona.gob.ve\/#\/schema\/logo\/image\/","url":"https:\/\/www.fona.gob.ve\/wp-content\/uploads\/2025\/04\/fona.jpeg","contentUrl":"https:\/\/www.fona.gob.ve\/wp-content\/uploads\/2025\/04\/fona.jpeg","width":1200,"height":1200,"caption":"Fondo Nacional Antidrogas"},"image":{"@id":"https:\/\/www.fona.gob.ve\/#\/schema\/logo\/image\/"}},{"@type":"Person","@id":"https:\/\/www.fona.gob.ve\/#\/schema\/person\/887f0d86a3d016ef9df002d3603dd736","name":"prensa prensa","sameAs":["https:\/\/fona.gob.ve"],"url":"https:\/\/www.fona.gob.ve\/index.php\/author\/prensa\/"}]}},"_links":{"self":[{"href":"https:\/\/www.fona.gob.ve\/index.php\/wp-json\/wp\/v2\/posts\/12080","targetHints":{"allow":["GET"]}}],"collection":[{"href":"https:\/\/www.fona.gob.ve\/index.php\/wp-json\/wp\/v2\/posts"}],"about":[{"href":"https:\/\/www.fona.gob.ve\/index.php\/wp-json\/wp\/v2\/types\/post"}],"author":[{"embeddable":true,"href":"https:\/\/www.fona.gob.ve\/index.php\/wp-json\/wp\/v2\/users\/2"}],"replies":[{"embeddable":true,"href":"https:\/\/www.fona.gob.ve\/index.php\/wp-json\/wp\/v2\/comments?post=12080"}],"version-history":[{"count":3,"href":"https:\/\/www.fona.gob.ve\/index.php\/wp-json\/wp\/v2\/posts\/12080\/revisions"}],"predecessor-version":[{"id":12084,"href":"https:\/\/www.fona.gob.ve\/index.php\/wp-json\/wp\/v2\/posts\/12080\/revisions\/12084"}],"wp:featuredmedia":[{"embeddable":true,"href":"https:\/\/www.fona.gob.ve\/index.php\/wp-json\/wp\/v2\/media\/12081"}],"wp:attachment":[{"href":"https:\/\/www.fona.gob.ve\/index.php\/wp-json\/wp\/v2\/media?parent=12080"}],"wp:term":[{"taxonomy":"category","embeddable":true,"href":"https:\/\/www.fona.gob.ve\/index.php\/wp-json\/wp\/v2\/categories?post=12080"},{"taxonomy":"post_tag","embeddable":true,"href":"https:\/\/www.fona.gob.ve\/index.php\/wp-json\/wp\/v2\/tags?post=12080"}],"curies":[{"name":"wp","href":"https:\/\/api.w.org\/{rel}","templated":true}]}}