{"id":12045,"date":"2024-10-14T09:45:00","date_gmt":"2024-10-14T13:45:00","guid":{"rendered":"https:\/\/www.fona.gob.ve\/?p=12045"},"modified":"2024-10-14T09:46:48","modified_gmt":"2024-10-14T13:46:48","slug":"532-anos-despues-venezuela-continua-la-lucha-contra-el-imperialismo","status":"publish","type":"post","link":"https:\/\/www.fona.gob.ve\/index.php\/2024\/10\/14\/532-anos-despues-venezuela-continua-la-lucha-contra-el-imperialismo\/","title":{"rendered":"532 a\u00f1os despu\u00e9s, Venezuela contin\u00faa la lucha contra el imperialismo"},"content":{"rendered":"\t\t<div data-elementor-type=\"wp-post\" data-elementor-id=\"12045\" class=\"elementor elementor-12045\" data-elementor-post-type=\"post\">\n\t\t\t\t\t\t<section class=\"elementor-section elementor-top-section elementor-element elementor-element-32d37942 elementor-section-boxed elementor-section-height-default elementor-section-height-default\" data-id=\"32d37942\" data-element_type=\"section\">\n\t\t\t\t\t\t<div class=\"elementor-container elementor-column-gap-default\">\n\t\t\t\t\t<div class=\"elementor-column elementor-col-100 elementor-top-column elementor-element elementor-element-38815658\" data-id=\"38815658\" data-element_type=\"column\">\n\t\t\t<div class=\"elementor-widget-wrap elementor-element-populated\">\n\t\t\t\t\t\t<div class=\"elementor-element elementor-element-0d9a846 elementor-widget elementor-widget-image\" data-id=\"0d9a846\" data-element_type=\"widget\" data-widget_type=\"image.default\">\n\t\t\t\t<div class=\"elementor-widget-container\">\n\t\t\t\t\t\t\t\t\t\t\t\t\t<img fetchpriority=\"high\" decoding=\"async\" width=\"800\" height=\"445\" src=\"https:\/\/www.fona.gob.ve\/wp-content\/uploads\/2024\/10\/WhatsApp-Image-2024-10-12-at-9.13.57-AM-800x445-1.jpeg\" class=\"attachment-large size-large wp-image-12046\" alt=\"\" srcset=\"https:\/\/www.fona.gob.ve\/wp-content\/uploads\/2024\/10\/WhatsApp-Image-2024-10-12-at-9.13.57-AM-800x445-1.jpeg 800w, https:\/\/www.fona.gob.ve\/wp-content\/uploads\/2024\/10\/WhatsApp-Image-2024-10-12-at-9.13.57-AM-800x445-1-300x167.jpeg 300w, https:\/\/www.fona.gob.ve\/wp-content\/uploads\/2024\/10\/WhatsApp-Image-2024-10-12-at-9.13.57-AM-800x445-1-768x427.jpeg 768w, https:\/\/www.fona.gob.ve\/wp-content\/uploads\/2024\/10\/WhatsApp-Image-2024-10-12-at-9.13.57-AM-800x445-1-480x267.jpeg 480w\" sizes=\"(max-width: 800px) 100vw, 800px\" title=\"WhatsApp-Image-2024-10-12-at-9.13.57-AM-800x445\" \/>\t\t\t\t\t\t\t\t\t\t\t\t\t<\/div>\n\t\t\t\t<\/div>\n\t\t\t\t<div class=\"elementor-element elementor-element-6498510d elementor-widget elementor-widget-text-editor\" data-id=\"6498510d\" data-element_type=\"widget\" data-widget_type=\"text-editor.default\">\n\t\t\t\t<div class=\"elementor-widget-container\">\n\t\t\t\t\t\t\t<p>Este s\u00e1bado, se llev\u00f3 a cabo en el Pante\u00f3n Nacional en Caracas el izamiento de la bandera de la naci\u00f3n, con motivo de conmemorar los 532 a\u00f1os del D\u00eda de la Resistencia Ind\u00edgena.<\/p><p><span style=\"background-color: initial; color: var( --e-global-color-theme-content-color ); font-family: var( --e-global-typography-theme-main-font-family ), Sans-serif; font-size: var( --e-global-typography-theme-main-font-size ); font-weight: var( --e-global-typography-theme-main-font-weight ); letter-spacing: var( --e-global-typography-theme-main-letter-spacing ); word-spacing: var( --e-global-typography-theme-main-word-spacing );\">El orador de orden de la actividad fue el vicepresidente Sectorial de Pol\u00edtica, Seguridad Ciudadana y Paz, capit\u00e1n Diosdado Cabello Rond\u00f3n, quien expres\u00f3 que, tras la resistencia de los pueblos originarios ante el Reino de Espa\u00f1a durante aquel 12 de octubre de 1492, hoy en d\u00eda Venezuela se enfrenta al imperio de los Estados Unidos.<\/span><\/p><p><span style=\"background-color: initial; color: var( --e-global-color-theme-content-color ); font-family: var( --e-global-typography-theme-main-font-family ), Sans-serif; font-size: var( --e-global-typography-theme-main-font-size ); font-weight: var( --e-global-typography-theme-main-font-weight ); letter-spacing: var( --e-global-typography-theme-main-letter-spacing ); word-spacing: var( --e-global-typography-theme-main-word-spacing );\">\u201cHoy, 532 a\u00f1os despu\u00e9s, nos enfrentamos al imperio m\u00e1s poderoso de todos los tiempos\u201d, asever\u00f3 el tambi\u00e9n Ministro del Poder Popular para Relaciones Interiores, Justicia y Paz.<\/span><\/p><p><span style=\"background-color: initial; color: var( --e-global-color-theme-content-color ); font-family: var( --e-global-typography-theme-main-font-family ), Sans-serif; font-size: var( --e-global-typography-theme-main-font-size ); font-weight: var( --e-global-typography-theme-main-font-weight ); letter-spacing: var( --e-global-typography-theme-main-letter-spacing ); word-spacing: var( --e-global-typography-theme-main-word-spacing );\">El titular del citado despacho ministerial destac\u00f3 que la lucha que la Revoluci\u00f3n Bolivariana lleva a cabo ante el ataque imperial de la Casa Blanca quedar\u00e1 en la historia venezolana para las generaciones futuras, de la misma manera como qued\u00f3 la lucha que nuestros libertadores realizaron ante la Corona Espa\u00f1ola durante nuestra gesta independentista.<\/span><\/p><p><span style=\"background-color: initial; color: var( --e-global-color-theme-content-color ); font-family: var( --e-global-typography-theme-main-font-family ), Sans-serif; font-size: var( --e-global-typography-theme-main-font-size ); font-weight: var( --e-global-typography-theme-main-font-weight ); letter-spacing: var( --e-global-typography-theme-main-letter-spacing ); word-spacing: var( --e-global-typography-theme-main-word-spacing );\">En este sentido, vaticin\u00f3 que la victoria que nuestra patria bolivariana lograr\u00e1 ante el acoso imperial norteamericano quedar\u00e1 plasmada en las p\u00e1ginas de nuestra historia, de la misma forma en que se inmortaliz\u00f3 el triunfo del Libertador Sim\u00f3n Bol\u00edvar sobre la tiran\u00eda espa\u00f1ola que oprimi\u00f3 a nuestros pueblos ind\u00edgenas y afrodescendientes.<\/span><\/p><p><span style=\"background-color: initial; color: var( --e-global-color-theme-content-color ); font-family: var( --e-global-typography-theme-main-font-family ), Sans-serif; font-size: var( --e-global-typography-theme-main-font-size ); font-weight: var( --e-global-typography-theme-main-font-weight ); letter-spacing: var( --e-global-typography-theme-main-letter-spacing ); word-spacing: var( --e-global-typography-theme-main-word-spacing );\">De igual modo, cuestion\u00f3 al Reino de Espa\u00f1a por reivindicar el genocidio, la desolaci\u00f3n, el abuso, el crimen, la muerte y el saqueo cometidos contra las poblaciones originarias tanto de Venezuela como de Am\u00e9rica Latina, ya que esto demuestra la maldad y la arrogancia de las naciones imperialistas.<\/span><\/p><p><span style=\"background-color: initial; color: var( --e-global-color-theme-content-color ); font-family: var( --e-global-typography-theme-main-font-family ), Sans-serif; font-size: var( --e-global-typography-theme-main-font-size ); font-weight: var( --e-global-typography-theme-main-font-weight ); letter-spacing: var( --e-global-typography-theme-main-letter-spacing ); word-spacing: var( --e-global-typography-theme-main-word-spacing );\">\u201cEl imperialismo deber\u00eda estar arrepentido y pedir perd\u00f3n al mundo por los cr\u00edmenes cometidos\u2026 el mal llamado Reino de Espa\u00f1a deber\u00eda pedir perd\u00f3n todos los d\u00edas\u201d, asever\u00f3 el vicepresidente Sectorial de Pol\u00edtica, Seguridad Ciudadana y Paz, capit\u00e1n Diosdado Cabello Rond\u00f3n.<\/span><\/p><p><span style=\"background-color: initial; color: var( --e-global-color-theme-content-color ); font-family: var( --e-global-typography-theme-main-font-family ), Sans-serif; font-size: var( --e-global-typography-theme-main-font-size ); font-weight: var( --e-global-typography-theme-main-font-weight ); letter-spacing: var( --e-global-typography-theme-main-letter-spacing ); word-spacing: var( --e-global-typography-theme-main-word-spacing );\">Con actos culturales se rindi\u00f3 homenaje a nuestros antepasados abor\u00edgenes<\/span><\/p><p><span style=\"background-color: initial; color: var( --e-global-color-theme-content-color ); font-family: var( --e-global-typography-theme-main-font-family ), Sans-serif; font-size: var( --e-global-typography-theme-main-font-size ); font-weight: var( --e-global-typography-theme-main-font-weight ); letter-spacing: var( --e-global-typography-theme-main-letter-spacing ); word-spacing: var( --e-global-typography-theme-main-word-spacing );\">Las y los integrantes del Grupo de Danza Cultural Ind\u00edgena Delvi del pueblo ind\u00edgena Yekwana del estado Bol\u00edvar realizaron un acto art\u00edstico con vestimenta de nuestros pueblos originarios y, al terminar la ceremonia, gritaron la frase \u00abVenezuela Libre\u00bb, lo que determina la voluntad del pueblo venezolano de ser soberano e independiente.<\/span><\/p><p><span style=\"background-color: initial; color: var( --e-global-color-theme-content-color ); font-family: var( --e-global-typography-theme-main-font-family ), Sans-serif; font-size: var( --e-global-typography-theme-main-font-size ); font-weight: var( --e-global-typography-theme-main-font-weight ); letter-spacing: var( --e-global-typography-theme-main-letter-spacing ); word-spacing: var( --e-global-typography-theme-main-word-spacing );\">Mientras tanto, la Orquesta Sinf\u00f3nica Ind\u00edgena Kari\u00f1a del n\u00facleo Cachama del estado Anzo\u00e1tegui interpret\u00f3 el tema \u201cVenezuela\u201d en el lenguaje de nuestros abor\u00edgenes originarios.<\/span><\/p><p><span style=\"background-color: initial; color: var( --e-global-color-theme-content-color ); font-family: var( --e-global-typography-theme-main-font-family ), Sans-serif; font-size: var( --e-global-typography-theme-main-font-size ); font-weight: var( --e-global-typography-theme-main-font-weight ); letter-spacing: var( --e-global-typography-theme-main-letter-spacing ); word-spacing: var( --e-global-typography-theme-main-word-spacing );\"><br><\/span><\/p><p><span style=\"background-color: initial; color: var( --e-global-color-theme-content-color ); font-family: var( --e-global-typography-theme-main-font-family ), Sans-serif; font-size: var( --e-global-typography-theme-main-font-size ); font-weight: var( --e-global-typography-theme-main-font-weight ); letter-spacing: var( --e-global-typography-theme-main-letter-spacing ); word-spacing: var( --e-global-typography-theme-main-word-spacing );\">Prensa Mpprijp<\/span><\/p>\t\t\t\t\t\t<\/div>\n\t\t\t\t<\/div>\n\t\t\t\t\t<\/div>\n\t\t<\/div>\n\t\t\t\t\t<\/div>\n\t\t<\/section>\n\t\t\t\t<\/div>\n\t\t","protected":false},"excerpt":{"rendered":"<p>Este s\u00e1bado, se llev\u00f3 a cabo en el Pante\u00f3n Nacional en Caracas el izamiento de la bandera de la naci\u00f3n, con motivo de conmemorar los 532 a\u00f1os del D\u00eda de la Resistencia Ind\u00edgena. El orador de orden de la actividad fue el vicepresidente Sectorial de Pol\u00edtica, Seguridad Ciudadana y Paz, capit\u00e1n Diosdado Cabello Rond\u00f3n, quien [&hellip;]<\/p>\n","protected":false},"author":2,"featured_media":12046,"comment_status":"closed","ping_status":"closed","sticky":false,"template":"","format":"standard","meta":{"footnotes":""},"categories":[58],"tags":[],"class_list":["post-12045","post","type-post","status-publish","format-standard","has-post-thumbnail","hentry","category-noticias"],"yoast_head":"<!-- This site is optimized with the Yoast SEO plugin v26.4 - https:\/\/yoast.com\/wordpress\/plugins\/seo\/ -->\n<title>532 a\u00f1os despu\u00e9s, Venezuela contin\u00faa la lucha contra el imperialismo - Fondo Nacional Antidrogas<\/title>\n<meta name=\"robots\" content=\"index, follow, max-snippet:-1, max-image-preview:large, max-video-preview:-1\" \/>\n<link rel=\"canonical\" href=\"https:\/\/www.fona.gob.ve\/index.php\/2024\/10\/14\/532-anos-despues-venezuela-continua-la-lucha-contra-el-imperialismo\/\" \/>\n<meta property=\"og:locale\" content=\"es_ES\" \/>\n<meta property=\"og:type\" content=\"article\" \/>\n<meta property=\"og:title\" content=\"532 a\u00f1os despu\u00e9s, Venezuela contin\u00faa la lucha contra el imperialismo - Fondo Nacional Antidrogas\" \/>\n<meta property=\"og:description\" content=\"Este s\u00e1bado, se llev\u00f3 a cabo en el Pante\u00f3n Nacional en Caracas el izamiento de la bandera de la naci\u00f3n, con motivo de conmemorar los 532 a\u00f1os del D\u00eda de la Resistencia Ind\u00edgena. El orador de orden de la actividad fue el vicepresidente Sectorial de Pol\u00edtica, Seguridad Ciudadana y Paz, capit\u00e1n Diosdado Cabello Rond\u00f3n, quien [&hellip;]\" \/>\n<meta property=\"og:url\" content=\"https:\/\/www.fona.gob.ve\/index.php\/2024\/10\/14\/532-anos-despues-venezuela-continua-la-lucha-contra-el-imperialismo\/\" \/>\n<meta property=\"og:site_name\" content=\"Fondo Nacional Antidrogas\" \/>\n<meta property=\"article:published_time\" content=\"2024-10-14T13:45:00+00:00\" \/>\n<meta property=\"article:modified_time\" content=\"2024-10-14T13:46:48+00:00\" \/>\n<meta property=\"og:image\" content=\"https:\/\/www.fona.gob.ve\/wp-content\/uploads\/2024\/10\/WhatsApp-Image-2024-10-12-at-9.13.57-AM-800x445-1.jpeg\" \/>\n\t<meta property=\"og:image:width\" content=\"800\" \/>\n\t<meta property=\"og:image:height\" content=\"445\" \/>\n\t<meta property=\"og:image:type\" content=\"image\/jpeg\" \/>\n<meta name=\"author\" content=\"prensa prensa\" \/>\n<meta name=\"twitter:card\" content=\"summary_large_image\" \/>\n<meta name=\"twitter:label1\" content=\"Escrito por\" \/>\n\t<meta name=\"twitter:data1\" content=\"prensa prensa\" \/>\n\t<meta name=\"twitter:label2\" content=\"Tiempo de lectura\" \/>\n\t<meta name=\"twitter:data2\" content=\"2 minutos\" \/>\n<script type=\"application\/ld+json\" class=\"yoast-schema-graph\">{\"@context\":\"https:\/\/schema.org\",\"@graph\":[{\"@type\":\"Article\",\"@id\":\"https:\/\/www.fona.gob.ve\/index.php\/2024\/10\/14\/532-anos-despues-venezuela-continua-la-lucha-contra-el-imperialismo\/#article\",\"isPartOf\":{\"@id\":\"https:\/\/www.fona.gob.ve\/index.php\/2024\/10\/14\/532-anos-despues-venezuela-continua-la-lucha-contra-el-imperialismo\/\"},\"author\":{\"name\":\"prensa prensa\",\"@id\":\"https:\/\/www.fona.gob.ve\/#\/schema\/person\/887f0d86a3d016ef9df002d3603dd736\"},\"headline\":\"532 a\u00f1os despu\u00e9s, Venezuela contin\u00faa la lucha contra el imperialismo\",\"datePublished\":\"2024-10-14T13:45:00+00:00\",\"dateModified\":\"2024-10-14T13:46:48+00:00\",\"mainEntityOfPage\":{\"@id\":\"https:\/\/www.fona.gob.ve\/index.php\/2024\/10\/14\/532-anos-despues-venezuela-continua-la-lucha-contra-el-imperialismo\/\"},\"wordCount\":450,\"publisher\":{\"@id\":\"https:\/\/www.fona.gob.ve\/#organization\"},\"image\":{\"@id\":\"https:\/\/www.fona.gob.ve\/index.php\/2024\/10\/14\/532-anos-despues-venezuela-continua-la-lucha-contra-el-imperialismo\/#primaryimage\"},\"thumbnailUrl\":\"https:\/\/www.fona.gob.ve\/wp-content\/uploads\/2024\/10\/WhatsApp-Image-2024-10-12-at-9.13.57-AM-800x445-1.jpeg\",\"articleSection\":[\"Noticias\"],\"inLanguage\":\"es\"},{\"@type\":\"WebPage\",\"@id\":\"https:\/\/www.fona.gob.ve\/index.php\/2024\/10\/14\/532-anos-despues-venezuela-continua-la-lucha-contra-el-imperialismo\/\",\"url\":\"https:\/\/www.fona.gob.ve\/index.php\/2024\/10\/14\/532-anos-despues-venezuela-continua-la-lucha-contra-el-imperialismo\/\",\"name\":\"532 a\u00f1os despu\u00e9s, Venezuela contin\u00faa la lucha contra el imperialismo - Fondo Nacional Antidrogas\",\"isPartOf\":{\"@id\":\"https:\/\/www.fona.gob.ve\/#website\"},\"primaryImageOfPage\":{\"@id\":\"https:\/\/www.fona.gob.ve\/index.php\/2024\/10\/14\/532-anos-despues-venezuela-continua-la-lucha-contra-el-imperialismo\/#primaryimage\"},\"image\":{\"@id\":\"https:\/\/www.fona.gob.ve\/index.php\/2024\/10\/14\/532-anos-despues-venezuela-continua-la-lucha-contra-el-imperialismo\/#primaryimage\"},\"thumbnailUrl\":\"https:\/\/www.fona.gob.ve\/wp-content\/uploads\/2024\/10\/WhatsApp-Image-2024-10-12-at-9.13.57-AM-800x445-1.jpeg\",\"datePublished\":\"2024-10-14T13:45:00+00:00\",\"dateModified\":\"2024-10-14T13:46:48+00:00\",\"breadcrumb\":{\"@id\":\"https:\/\/www.fona.gob.ve\/index.php\/2024\/10\/14\/532-anos-despues-venezuela-continua-la-lucha-contra-el-imperialismo\/#breadcrumb\"},\"inLanguage\":\"es\",\"potentialAction\":[{\"@type\":\"ReadAction\",\"target\":[\"https:\/\/www.fona.gob.ve\/index.php\/2024\/10\/14\/532-anos-despues-venezuela-continua-la-lucha-contra-el-imperialismo\/\"]}]},{\"@type\":\"ImageObject\",\"inLanguage\":\"es\",\"@id\":\"https:\/\/www.fona.gob.ve\/index.php\/2024\/10\/14\/532-anos-despues-venezuela-continua-la-lucha-contra-el-imperialismo\/#primaryimage\",\"url\":\"https:\/\/www.fona.gob.ve\/wp-content\/uploads\/2024\/10\/WhatsApp-Image-2024-10-12-at-9.13.57-AM-800x445-1.jpeg\",\"contentUrl\":\"https:\/\/www.fona.gob.ve\/wp-content\/uploads\/2024\/10\/WhatsApp-Image-2024-10-12-at-9.13.57-AM-800x445-1.jpeg\",\"width\":800,\"height\":445},{\"@type\":\"BreadcrumbList\",\"@id\":\"https:\/\/www.fona.gob.ve\/index.php\/2024\/10\/14\/532-anos-despues-venezuela-continua-la-lucha-contra-el-imperialismo\/#breadcrumb\",\"itemListElement\":[{\"@type\":\"ListItem\",\"position\":1,\"name\":\"Portada\",\"item\":\"https:\/\/www.fona.gob.ve\/\"},{\"@type\":\"ListItem\",\"position\":2,\"name\":\"532 a\u00f1os despu\u00e9s, Venezuela contin\u00faa la lucha contra el imperialismo\"}]},{\"@type\":\"WebSite\",\"@id\":\"https:\/\/www.fona.gob.ve\/#website\",\"url\":\"https:\/\/www.fona.gob.ve\/\",\"name\":\"Fondo Nacional Antidrogas\",\"description\":\"Conoce las acciones, programas y pol\u00edticas del Fondo Nacional Antidrogas (FONA) orientadas a la prevenci\u00f3n, atenci\u00f3n integral y lucha contra el consumo de drogas en Venezuela. Informaci\u00f3n oficial y actualizada.\",\"publisher\":{\"@id\":\"https:\/\/www.fona.gob.ve\/#organization\"},\"potentialAction\":[{\"@type\":\"SearchAction\",\"target\":{\"@type\":\"EntryPoint\",\"urlTemplate\":\"https:\/\/www.fona.gob.ve\/?s={search_term_string}\"},\"query-input\":{\"@type\":\"PropertyValueSpecification\",\"valueRequired\":true,\"valueName\":\"search_term_string\"}}],\"inLanguage\":\"es\"},{\"@type\":\"Organization\",\"@id\":\"https:\/\/www.fona.gob.ve\/#organization\",\"name\":\"Fondo Nacional Antidrogas\",\"url\":\"https:\/\/www.fona.gob.ve\/\",\"logo\":{\"@type\":\"ImageObject\",\"inLanguage\":\"es\",\"@id\":\"https:\/\/www.fona.gob.ve\/#\/schema\/logo\/image\/\",\"url\":\"https:\/\/www.fona.gob.ve\/wp-content\/uploads\/2025\/04\/fona.jpeg\",\"contentUrl\":\"https:\/\/www.fona.gob.ve\/wp-content\/uploads\/2025\/04\/fona.jpeg\",\"width\":1200,\"height\":1200,\"caption\":\"Fondo Nacional Antidrogas\"},\"image\":{\"@id\":\"https:\/\/www.fona.gob.ve\/#\/schema\/logo\/image\/\"}},{\"@type\":\"Person\",\"@id\":\"https:\/\/www.fona.gob.ve\/#\/schema\/person\/887f0d86a3d016ef9df002d3603dd736\",\"name\":\"prensa prensa\",\"sameAs\":[\"https:\/\/fona.gob.ve\"],\"url\":\"https:\/\/www.fona.gob.ve\/index.php\/author\/prensa\/\"}]}<\/script>\n<!-- \/ Yoast SEO plugin. -->","yoast_head_json":{"title":"532 a\u00f1os despu\u00e9s, Venezuela contin\u00faa la lucha contra el imperialismo - Fondo Nacional Antidrogas","robots":{"index":"index","follow":"follow","max-snippet":"max-snippet:-1","max-image-preview":"max-image-preview:large","max-video-preview":"max-video-preview:-1"},"canonical":"https:\/\/www.fona.gob.ve\/index.php\/2024\/10\/14\/532-anos-despues-venezuela-continua-la-lucha-contra-el-imperialismo\/","og_locale":"es_ES","og_type":"article","og_title":"532 a\u00f1os despu\u00e9s, Venezuela contin\u00faa la lucha contra el imperialismo - Fondo Nacional Antidrogas","og_description":"Este s\u00e1bado, se llev\u00f3 a cabo en el Pante\u00f3n Nacional en Caracas el izamiento de la bandera de la naci\u00f3n, con motivo de conmemorar los 532 a\u00f1os del D\u00eda de la Resistencia Ind\u00edgena. El orador de orden de la actividad fue el vicepresidente Sectorial de Pol\u00edtica, Seguridad Ciudadana y Paz, capit\u00e1n Diosdado Cabello Rond\u00f3n, quien [&hellip;]","og_url":"https:\/\/www.fona.gob.ve\/index.php\/2024\/10\/14\/532-anos-despues-venezuela-continua-la-lucha-contra-el-imperialismo\/","og_site_name":"Fondo Nacional Antidrogas","article_published_time":"2024-10-14T13:45:00+00:00","article_modified_time":"2024-10-14T13:46:48+00:00","og_image":[{"width":800,"height":445,"url":"https:\/\/www.fona.gob.ve\/wp-content\/uploads\/2024\/10\/WhatsApp-Image-2024-10-12-at-9.13.57-AM-800x445-1.jpeg","type":"image\/jpeg"}],"author":"prensa prensa","twitter_card":"summary_large_image","twitter_misc":{"Escrito por":"prensa prensa","Tiempo de lectura":"2 minutos"},"schema":{"@context":"https:\/\/schema.org","@graph":[{"@type":"Article","@id":"https:\/\/www.fona.gob.ve\/index.php\/2024\/10\/14\/532-anos-despues-venezuela-continua-la-lucha-contra-el-imperialismo\/#article","isPartOf":{"@id":"https:\/\/www.fona.gob.ve\/index.php\/2024\/10\/14\/532-anos-despues-venezuela-continua-la-lucha-contra-el-imperialismo\/"},"author":{"name":"prensa prensa","@id":"https:\/\/www.fona.gob.ve\/#\/schema\/person\/887f0d86a3d016ef9df002d3603dd736"},"headline":"532 a\u00f1os despu\u00e9s, Venezuela contin\u00faa la lucha contra el imperialismo","datePublished":"2024-10-14T13:45:00+00:00","dateModified":"2024-10-14T13:46:48+00:00","mainEntityOfPage":{"@id":"https:\/\/www.fona.gob.ve\/index.php\/2024\/10\/14\/532-anos-despues-venezuela-continua-la-lucha-contra-el-imperialismo\/"},"wordCount":450,"publisher":{"@id":"https:\/\/www.fona.gob.ve\/#organization"},"image":{"@id":"https:\/\/www.fona.gob.ve\/index.php\/2024\/10\/14\/532-anos-despues-venezuela-continua-la-lucha-contra-el-imperialismo\/#primaryimage"},"thumbnailUrl":"https:\/\/www.fona.gob.ve\/wp-content\/uploads\/2024\/10\/WhatsApp-Image-2024-10-12-at-9.13.57-AM-800x445-1.jpeg","articleSection":["Noticias"],"inLanguage":"es"},{"@type":"WebPage","@id":"https:\/\/www.fona.gob.ve\/index.php\/2024\/10\/14\/532-anos-despues-venezuela-continua-la-lucha-contra-el-imperialismo\/","url":"https:\/\/www.fona.gob.ve\/index.php\/2024\/10\/14\/532-anos-despues-venezuela-continua-la-lucha-contra-el-imperialismo\/","name":"532 a\u00f1os despu\u00e9s, Venezuela contin\u00faa la lucha contra el imperialismo - Fondo Nacional Antidrogas","isPartOf":{"@id":"https:\/\/www.fona.gob.ve\/#website"},"primaryImageOfPage":{"@id":"https:\/\/www.fona.gob.ve\/index.php\/2024\/10\/14\/532-anos-despues-venezuela-continua-la-lucha-contra-el-imperialismo\/#primaryimage"},"image":{"@id":"https:\/\/www.fona.gob.ve\/index.php\/2024\/10\/14\/532-anos-despues-venezuela-continua-la-lucha-contra-el-imperialismo\/#primaryimage"},"thumbnailUrl":"https:\/\/www.fona.gob.ve\/wp-content\/uploads\/2024\/10\/WhatsApp-Image-2024-10-12-at-9.13.57-AM-800x445-1.jpeg","datePublished":"2024-10-14T13:45:00+00:00","dateModified":"2024-10-14T13:46:48+00:00","breadcrumb":{"@id":"https:\/\/www.fona.gob.ve\/index.php\/2024\/10\/14\/532-anos-despues-venezuela-continua-la-lucha-contra-el-imperialismo\/#breadcrumb"},"inLanguage":"es","potentialAction":[{"@type":"ReadAction","target":["https:\/\/www.fona.gob.ve\/index.php\/2024\/10\/14\/532-anos-despues-venezuela-continua-la-lucha-contra-el-imperialismo\/"]}]},{"@type":"ImageObject","inLanguage":"es","@id":"https:\/\/www.fona.gob.ve\/index.php\/2024\/10\/14\/532-anos-despues-venezuela-continua-la-lucha-contra-el-imperialismo\/#primaryimage","url":"https:\/\/www.fona.gob.ve\/wp-content\/uploads\/2024\/10\/WhatsApp-Image-2024-10-12-at-9.13.57-AM-800x445-1.jpeg","contentUrl":"https:\/\/www.fona.gob.ve\/wp-content\/uploads\/2024\/10\/WhatsApp-Image-2024-10-12-at-9.13.57-AM-800x445-1.jpeg","width":800,"height":445},{"@type":"BreadcrumbList","@id":"https:\/\/www.fona.gob.ve\/index.php\/2024\/10\/14\/532-anos-despues-venezuela-continua-la-lucha-contra-el-imperialismo\/#breadcrumb","itemListElement":[{"@type":"ListItem","position":1,"name":"Portada","item":"https:\/\/www.fona.gob.ve\/"},{"@type":"ListItem","position":2,"name":"532 a\u00f1os despu\u00e9s, Venezuela contin\u00faa la lucha contra el imperialismo"}]},{"@type":"WebSite","@id":"https:\/\/www.fona.gob.ve\/#website","url":"https:\/\/www.fona.gob.ve\/","name":"Fondo Nacional Antidrogas","description":"Conoce las acciones, programas y pol\u00edticas del Fondo Nacional Antidrogas (FONA) orientadas a la prevenci\u00f3n, atenci\u00f3n integral y lucha contra el consumo de drogas en Venezuela. Informaci\u00f3n oficial y actualizada.","publisher":{"@id":"https:\/\/www.fona.gob.ve\/#organization"},"potentialAction":[{"@type":"SearchAction","target":{"@type":"EntryPoint","urlTemplate":"https:\/\/www.fona.gob.ve\/?s={search_term_string}"},"query-input":{"@type":"PropertyValueSpecification","valueRequired":true,"valueName":"search_term_string"}}],"inLanguage":"es"},{"@type":"Organization","@id":"https:\/\/www.fona.gob.ve\/#organization","name":"Fondo Nacional Antidrogas","url":"https:\/\/www.fona.gob.ve\/","logo":{"@type":"ImageObject","inLanguage":"es","@id":"https:\/\/www.fona.gob.ve\/#\/schema\/logo\/image\/","url":"https:\/\/www.fona.gob.ve\/wp-content\/uploads\/2025\/04\/fona.jpeg","contentUrl":"https:\/\/www.fona.gob.ve\/wp-content\/uploads\/2025\/04\/fona.jpeg","width":1200,"height":1200,"caption":"Fondo Nacional Antidrogas"},"image":{"@id":"https:\/\/www.fona.gob.ve\/#\/schema\/logo\/image\/"}},{"@type":"Person","@id":"https:\/\/www.fona.gob.ve\/#\/schema\/person\/887f0d86a3d016ef9df002d3603dd736","name":"prensa prensa","sameAs":["https:\/\/fona.gob.ve"],"url":"https:\/\/www.fona.gob.ve\/index.php\/author\/prensa\/"}]}},"_links":{"self":[{"href":"https:\/\/www.fona.gob.ve\/index.php\/wp-json\/wp\/v2\/posts\/12045","targetHints":{"allow":["GET"]}}],"collection":[{"href":"https:\/\/www.fona.gob.ve\/index.php\/wp-json\/wp\/v2\/posts"}],"about":[{"href":"https:\/\/www.fona.gob.ve\/index.php\/wp-json\/wp\/v2\/types\/post"}],"author":[{"embeddable":true,"href":"https:\/\/www.fona.gob.ve\/index.php\/wp-json\/wp\/v2\/users\/2"}],"replies":[{"embeddable":true,"href":"https:\/\/www.fona.gob.ve\/index.php\/wp-json\/wp\/v2\/comments?post=12045"}],"version-history":[{"count":3,"href":"https:\/\/www.fona.gob.ve\/index.php\/wp-json\/wp\/v2\/posts\/12045\/revisions"}],"predecessor-version":[{"id":12049,"href":"https:\/\/www.fona.gob.ve\/index.php\/wp-json\/wp\/v2\/posts\/12045\/revisions\/12049"}],"wp:featuredmedia":[{"embeddable":true,"href":"https:\/\/www.fona.gob.ve\/index.php\/wp-json\/wp\/v2\/media\/12046"}],"wp:attachment":[{"href":"https:\/\/www.fona.gob.ve\/index.php\/wp-json\/wp\/v2\/media?parent=12045"}],"wp:term":[{"taxonomy":"category","embeddable":true,"href":"https:\/\/www.fona.gob.ve\/index.php\/wp-json\/wp\/v2\/categories?post=12045"},{"taxonomy":"post_tag","embeddable":true,"href":"https:\/\/www.fona.gob.ve\/index.php\/wp-json\/wp\/v2\/tags?post=12045"}],"curies":[{"name":"wp","href":"https:\/\/api.w.org\/{rel}","templated":true}]}}