{"id":12015,"date":"2024-09-30T08:56:46","date_gmt":"2024-09-30T12:56:46","guid":{"rendered":"https:\/\/www.fona.gob.ve\/?p=12015"},"modified":"2024-09-30T08:58:13","modified_gmt":"2024-09-30T12:58:13","slug":"juramentan-comites-de-prevencion-comunitaria-y-madres-preventoras-para-garantizar-la-paz","status":"publish","type":"post","link":"https:\/\/www.fona.gob.ve\/index.php\/2024\/09\/30\/juramentan-comites-de-prevencion-comunitaria-y-madres-preventoras-para-garantizar-la-paz\/","title":{"rendered":"Juramentan Comit\u00e9s de Prevenci\u00f3n Comunitaria y Madres Preventoras para garantizar la paz"},"content":{"rendered":"\t\t<div data-elementor-type=\"wp-post\" data-elementor-id=\"12015\" class=\"elementor elementor-12015\" data-elementor-post-type=\"post\">\n\t\t\t\t\t\t<section class=\"elementor-section elementor-top-section elementor-element elementor-element-68fe9e2f elementor-section-boxed elementor-section-height-default elementor-section-height-default\" data-id=\"68fe9e2f\" data-element_type=\"section\">\n\t\t\t\t\t\t<div class=\"elementor-container elementor-column-gap-default\">\n\t\t\t\t\t<div class=\"elementor-column elementor-col-100 elementor-top-column elementor-element elementor-element-25efbd18\" data-id=\"25efbd18\" data-element_type=\"column\">\n\t\t\t<div class=\"elementor-widget-wrap elementor-element-populated\">\n\t\t\t\t\t\t<div class=\"elementor-element elementor-element-ca07a07 elementor-widget elementor-widget-image\" data-id=\"ca07a07\" data-element_type=\"widget\" data-widget_type=\"image.default\">\n\t\t\t\t<div class=\"elementor-widget-container\">\n\t\t\t\t\t\t\t\t\t\t\t\t\t<img fetchpriority=\"high\" decoding=\"async\" width=\"687\" height=\"437\" src=\"https:\/\/www.fona.gob.ve\/wp-content\/uploads\/2024\/09\/SaveClip.App_461421979_18037589120138905_1662251781254984660_n.jpg\" class=\"attachment-large size-large wp-image-12016\" alt=\"\" srcset=\"https:\/\/www.fona.gob.ve\/wp-content\/uploads\/2024\/09\/SaveClip.App_461421979_18037589120138905_1662251781254984660_n.jpg 687w, https:\/\/www.fona.gob.ve\/wp-content\/uploads\/2024\/09\/SaveClip.App_461421979_18037589120138905_1662251781254984660_n-300x191.jpg 300w, https:\/\/www.fona.gob.ve\/wp-content\/uploads\/2024\/09\/SaveClip.App_461421979_18037589120138905_1662251781254984660_n-480x305.jpg 480w\" sizes=\"(max-width: 687px) 100vw, 687px\" title=\"SaveClip.App_461421979_18037589120138905_1662251781254984660_n\" \/>\t\t\t\t\t\t\t\t\t\t\t\t\t<\/div>\n\t\t\t\t<\/div>\n\t\t\t\t<div class=\"elementor-element elementor-element-1b64daf0 elementor-widget elementor-widget-text-editor\" data-id=\"1b64daf0\" data-element_type=\"widget\" data-widget_type=\"text-editor.default\">\n\t\t\t\t<div class=\"elementor-widget-container\">\n\t\t\t\t\t\t\t<p>Desde el N\u00facleo de Desarrollo End\u00f3geno \u201cFabricio Ojeda\u201d, en la ciudad de Caracas, el viceministro de Prevenci\u00f3n, Seguridad Ciudadana y Cuadrantes de Paz, G\/D Endes Palencia, presidi\u00f3 la juramentaci\u00f3n de Comit\u00e9s de Prevenci\u00f3n Comunitaria y de Madres Preventoras con el objetivo empedrar al pueblo de las pol\u00edticas de seguridad y paz.<\/p><p><span style=\"background-color: initial; color: var( --e-global-color-theme-content-color ); font-family: var( --e-global-typography-theme-main-font-family ), Sans-serif; font-size: var( --e-global-typography-theme-main-font-size ); font-weight: var( --e-global-typography-theme-main-font-weight ); letter-spacing: var( --e-global-typography-theme-main-letter-spacing ); word-spacing: var( --e-global-typography-theme-main-word-spacing );\">En este sentido, se\u00f1al\u00f3 que \u201cse ha alcanzado los 7 mil preventores y preventoras en comparaci\u00f3n con el a\u00f1o 2023, que casi llegaba a los mil\u201d.<\/span><\/p><p><span style=\"background-color: initial; color: var( --e-global-color-theme-content-color ); font-family: var( --e-global-typography-theme-main-font-family ), Sans-serif; font-size: var( --e-global-typography-theme-main-font-size ); font-weight: var( --e-global-typography-theme-main-font-weight ); letter-spacing: var( --e-global-typography-theme-main-letter-spacing ); word-spacing: var( --e-global-typography-theme-main-word-spacing );\">Vale mencionar que los Comit\u00e9s de Prevenci\u00f3n Comunitaria y Madres Preventoras, son estructuras territoriales enfocadas en promover, en las comunidades a las que pertenecen, las pol\u00edticas de mitigaci\u00f3n de los factores de riesgo que se puedan presentar en sus zonas.<\/span><\/p><p><span style=\"background-color: initial; color: var( --e-global-color-theme-content-color ); font-family: var( --e-global-typography-theme-main-font-family ), Sans-serif; font-size: var( --e-global-typography-theme-main-font-size ); font-weight: var( --e-global-typography-theme-main-font-weight ); letter-spacing: var( --e-global-typography-theme-main-letter-spacing ); word-spacing: var( --e-global-typography-theme-main-word-spacing );\">Igualmente, destac\u00f3 que el Gobierno Nacional trabaja en el fortalecimiento de la educaci\u00f3n, la cultura, el deporte y las actividades religiosas, para garantizar espacios de sana convivencia comunitaria. \u201cNosotros combatimos aquellos elementos fascistas que intentan atacar a nuestra Patria; esa es la tarea fundamental que nos demanda el presidente de la Rep\u00fablica Bolivariana de Venezuela, Nicol\u00e1s Maduro Moros\u201d.<\/span><\/p><p><span style=\"background-color: initial; color: var( --e-global-color-theme-content-color ); font-family: var( --e-global-typography-theme-main-font-family ), Sans-serif; font-size: var( --e-global-typography-theme-main-font-size ); font-weight: var( --e-global-typography-theme-main-font-weight ); letter-spacing: var( --e-global-typography-theme-main-letter-spacing ); word-spacing: var( --e-global-typography-theme-main-word-spacing );\">Durante la actividad se realizaron exhibiciones de Taekwondo y Boxeo como parte del fortalecimiento de la cultura ciudadana preventiva para la vida y la paz, como parte de la Gran Misi\u00f3n Cuadrantes de Paz.<\/span><\/p><p><span style=\"background-color: initial; color: var( --e-global-color-theme-content-color ); font-family: var( --e-global-typography-theme-main-font-family ), Sans-serif; font-size: var( --e-global-typography-theme-main-font-size ); font-weight: var( --e-global-typography-theme-main-font-weight ); letter-spacing: var( --e-global-typography-theme-main-letter-spacing ); word-spacing: var( --e-global-typography-theme-main-word-spacing );\">Poder Popular activo ante ataques cibern\u00e9ticos<\/span><\/p><p><span style=\"background-color: initial; color: var( --e-global-color-theme-content-color ); font-family: var( --e-global-typography-theme-main-font-family ), Sans-serif; font-size: var( --e-global-typography-theme-main-font-size ); font-weight: var( --e-global-typography-theme-main-font-weight ); letter-spacing: var( --e-global-typography-theme-main-letter-spacing ); word-spacing: var( --e-global-typography-theme-main-word-spacing );\">De igual forma, durante el acto, la viceministra de Pol\u00edtica Interior y Seguridad Jur\u00eddica, Alana Zuloaga, reiter\u00f3 que \u201cdebemos seguir trabajando y profundizando en el ejercicio de nuestros preventores y preventoras de nuestras comunidades para la construcci\u00f3n de un futuro de paz\u201d.<\/span><\/p><p><span style=\"background-color: initial; color: var( --e-global-color-theme-content-color ); font-family: var( --e-global-typography-theme-main-font-family ), Sans-serif; font-size: var( --e-global-typography-theme-main-font-size ); font-weight: var( --e-global-typography-theme-main-font-weight ); letter-spacing: var( --e-global-typography-theme-main-letter-spacing ); word-spacing: var( --e-global-typography-theme-main-word-spacing );\">Asimismo, recalc\u00f3 que la lucha es diaria \u201cen estos tiempos en los cuales nos pretenden imponer mensajes espec\u00edficos a trav\u00e9s de los algoritmos, nosotros recuperamos el amor y el esp\u00edritu de consolidar la paz en el pa\u00eds y reconocer el esfuerzo que hace la gente en cada uno de nuestros estados por la defensa de la patria\u201d, precis\u00f3.<\/span><\/p><p><span style=\"background-color: initial; color: var( --e-global-color-theme-content-color ); font-family: var( --e-global-typography-theme-main-font-family ), Sans-serif; font-size: var( --e-global-typography-theme-main-font-size ); font-weight: var( --e-global-typography-theme-main-font-weight ); letter-spacing: var( --e-global-typography-theme-main-letter-spacing ); word-spacing: var( --e-global-typography-theme-main-word-spacing );\">R: Mpprijp<\/span><\/p>\t\t\t\t\t\t<\/div>\n\t\t\t\t<\/div>\n\t\t\t\t\t<\/div>\n\t\t<\/div>\n\t\t\t\t\t<\/div>\n\t\t<\/section>\n\t\t\t\t<\/div>\n\t\t","protected":false},"excerpt":{"rendered":"<p>Desde el N\u00facleo de Desarrollo End\u00f3geno \u201cFabricio Ojeda\u201d, en la ciudad de Caracas, el viceministro de Prevenci\u00f3n, Seguridad Ciudadana y Cuadrantes de Paz, G\/D Endes Palencia, presidi\u00f3 la juramentaci\u00f3n de Comit\u00e9s de Prevenci\u00f3n Comunitaria y de Madres Preventoras con el objetivo empedrar al pueblo de las pol\u00edticas de seguridad y paz. En este sentido, se\u00f1al\u00f3 [&hellip;]<\/p>\n","protected":false},"author":2,"featured_media":12016,"comment_status":"closed","ping_status":"closed","sticky":false,"template":"","format":"standard","meta":{"footnotes":""},"categories":[58],"tags":[],"class_list":["post-12015","post","type-post","status-publish","format-standard","has-post-thumbnail","hentry","category-noticias"],"yoast_head":"<!-- This site is optimized with the Yoast SEO plugin v26.4 - https:\/\/yoast.com\/wordpress\/plugins\/seo\/ -->\n<title>Juramentan Comit\u00e9s de Prevenci\u00f3n Comunitaria y Madres Preventoras para garantizar la paz - Fondo Nacional Antidrogas<\/title>\n<meta name=\"robots\" content=\"index, follow, max-snippet:-1, max-image-preview:large, max-video-preview:-1\" \/>\n<link rel=\"canonical\" href=\"https:\/\/www.fona.gob.ve\/index.php\/2024\/09\/30\/juramentan-comites-de-prevencion-comunitaria-y-madres-preventoras-para-garantizar-la-paz\/\" \/>\n<meta property=\"og:locale\" content=\"es_ES\" \/>\n<meta property=\"og:type\" content=\"article\" \/>\n<meta property=\"og:title\" content=\"Juramentan Comit\u00e9s de Prevenci\u00f3n Comunitaria y Madres Preventoras para garantizar la paz - Fondo Nacional Antidrogas\" \/>\n<meta property=\"og:description\" content=\"Desde el N\u00facleo de Desarrollo End\u00f3geno \u201cFabricio Ojeda\u201d, en la ciudad de Caracas, el viceministro de Prevenci\u00f3n, Seguridad Ciudadana y Cuadrantes de Paz, G\/D Endes Palencia, presidi\u00f3 la juramentaci\u00f3n de Comit\u00e9s de Prevenci\u00f3n Comunitaria y de Madres Preventoras con el objetivo empedrar al pueblo de las pol\u00edticas de seguridad y paz. En este sentido, se\u00f1al\u00f3 [&hellip;]\" \/>\n<meta property=\"og:url\" content=\"https:\/\/www.fona.gob.ve\/index.php\/2024\/09\/30\/juramentan-comites-de-prevencion-comunitaria-y-madres-preventoras-para-garantizar-la-paz\/\" \/>\n<meta property=\"og:site_name\" content=\"Fondo Nacional Antidrogas\" \/>\n<meta property=\"article:published_time\" content=\"2024-09-30T12:56:46+00:00\" \/>\n<meta property=\"article:modified_time\" content=\"2024-09-30T12:58:13+00:00\" \/>\n<meta property=\"og:image\" content=\"https:\/\/www.fona.gob.ve\/wp-content\/uploads\/2024\/09\/SaveClip.App_461421979_18037589120138905_1662251781254984660_n.jpg\" \/>\n\t<meta property=\"og:image:width\" content=\"687\" \/>\n\t<meta property=\"og:image:height\" content=\"437\" \/>\n\t<meta property=\"og:image:type\" content=\"image\/jpeg\" \/>\n<meta name=\"author\" content=\"prensa prensa\" \/>\n<meta name=\"twitter:card\" content=\"summary_large_image\" \/>\n<meta name=\"twitter:label1\" content=\"Escrito por\" \/>\n\t<meta name=\"twitter:data1\" content=\"prensa prensa\" \/>\n\t<meta name=\"twitter:label2\" content=\"Tiempo de lectura\" \/>\n\t<meta name=\"twitter:data2\" content=\"2 minutos\" \/>\n<script type=\"application\/ld+json\" class=\"yoast-schema-graph\">{\"@context\":\"https:\/\/schema.org\",\"@graph\":[{\"@type\":\"Article\",\"@id\":\"https:\/\/www.fona.gob.ve\/index.php\/2024\/09\/30\/juramentan-comites-de-prevencion-comunitaria-y-madres-preventoras-para-garantizar-la-paz\/#article\",\"isPartOf\":{\"@id\":\"https:\/\/www.fona.gob.ve\/index.php\/2024\/09\/30\/juramentan-comites-de-prevencion-comunitaria-y-madres-preventoras-para-garantizar-la-paz\/\"},\"author\":{\"name\":\"prensa prensa\",\"@id\":\"https:\/\/www.fona.gob.ve\/#\/schema\/person\/887f0d86a3d016ef9df002d3603dd736\"},\"headline\":\"Juramentan Comit\u00e9s de Prevenci\u00f3n Comunitaria y Madres Preventoras para garantizar la paz\",\"datePublished\":\"2024-09-30T12:56:46+00:00\",\"dateModified\":\"2024-09-30T12:58:13+00:00\",\"mainEntityOfPage\":{\"@id\":\"https:\/\/www.fona.gob.ve\/index.php\/2024\/09\/30\/juramentan-comites-de-prevencion-comunitaria-y-madres-preventoras-para-garantizar-la-paz\/\"},\"wordCount\":356,\"publisher\":{\"@id\":\"https:\/\/www.fona.gob.ve\/#organization\"},\"image\":{\"@id\":\"https:\/\/www.fona.gob.ve\/index.php\/2024\/09\/30\/juramentan-comites-de-prevencion-comunitaria-y-madres-preventoras-para-garantizar-la-paz\/#primaryimage\"},\"thumbnailUrl\":\"https:\/\/www.fona.gob.ve\/wp-content\/uploads\/2024\/09\/SaveClip.App_461421979_18037589120138905_1662251781254984660_n.jpg\",\"articleSection\":[\"Noticias\"],\"inLanguage\":\"es\"},{\"@type\":\"WebPage\",\"@id\":\"https:\/\/www.fona.gob.ve\/index.php\/2024\/09\/30\/juramentan-comites-de-prevencion-comunitaria-y-madres-preventoras-para-garantizar-la-paz\/\",\"url\":\"https:\/\/www.fona.gob.ve\/index.php\/2024\/09\/30\/juramentan-comites-de-prevencion-comunitaria-y-madres-preventoras-para-garantizar-la-paz\/\",\"name\":\"Juramentan Comit\u00e9s de Prevenci\u00f3n Comunitaria y Madres Preventoras para garantizar la paz - Fondo Nacional Antidrogas\",\"isPartOf\":{\"@id\":\"https:\/\/www.fona.gob.ve\/#website\"},\"primaryImageOfPage\":{\"@id\":\"https:\/\/www.fona.gob.ve\/index.php\/2024\/09\/30\/juramentan-comites-de-prevencion-comunitaria-y-madres-preventoras-para-garantizar-la-paz\/#primaryimage\"},\"image\":{\"@id\":\"https:\/\/www.fona.gob.ve\/index.php\/2024\/09\/30\/juramentan-comites-de-prevencion-comunitaria-y-madres-preventoras-para-garantizar-la-paz\/#primaryimage\"},\"thumbnailUrl\":\"https:\/\/www.fona.gob.ve\/wp-content\/uploads\/2024\/09\/SaveClip.App_461421979_18037589120138905_1662251781254984660_n.jpg\",\"datePublished\":\"2024-09-30T12:56:46+00:00\",\"dateModified\":\"2024-09-30T12:58:13+00:00\",\"breadcrumb\":{\"@id\":\"https:\/\/www.fona.gob.ve\/index.php\/2024\/09\/30\/juramentan-comites-de-prevencion-comunitaria-y-madres-preventoras-para-garantizar-la-paz\/#breadcrumb\"},\"inLanguage\":\"es\",\"potentialAction\":[{\"@type\":\"ReadAction\",\"target\":[\"https:\/\/www.fona.gob.ve\/index.php\/2024\/09\/30\/juramentan-comites-de-prevencion-comunitaria-y-madres-preventoras-para-garantizar-la-paz\/\"]}]},{\"@type\":\"ImageObject\",\"inLanguage\":\"es\",\"@id\":\"https:\/\/www.fona.gob.ve\/index.php\/2024\/09\/30\/juramentan-comites-de-prevencion-comunitaria-y-madres-preventoras-para-garantizar-la-paz\/#primaryimage\",\"url\":\"https:\/\/www.fona.gob.ve\/wp-content\/uploads\/2024\/09\/SaveClip.App_461421979_18037589120138905_1662251781254984660_n.jpg\",\"contentUrl\":\"https:\/\/www.fona.gob.ve\/wp-content\/uploads\/2024\/09\/SaveClip.App_461421979_18037589120138905_1662251781254984660_n.jpg\",\"width\":687,\"height\":437},{\"@type\":\"BreadcrumbList\",\"@id\":\"https:\/\/www.fona.gob.ve\/index.php\/2024\/09\/30\/juramentan-comites-de-prevencion-comunitaria-y-madres-preventoras-para-garantizar-la-paz\/#breadcrumb\",\"itemListElement\":[{\"@type\":\"ListItem\",\"position\":1,\"name\":\"Portada\",\"item\":\"https:\/\/www.fona.gob.ve\/\"},{\"@type\":\"ListItem\",\"position\":2,\"name\":\"Juramentan Comit\u00e9s de Prevenci\u00f3n Comunitaria y Madres Preventoras para garantizar la paz\"}]},{\"@type\":\"WebSite\",\"@id\":\"https:\/\/www.fona.gob.ve\/#website\",\"url\":\"https:\/\/www.fona.gob.ve\/\",\"name\":\"Fondo Nacional Antidrogas\",\"description\":\"Conoce las acciones, programas y pol\u00edticas del Fondo Nacional Antidrogas (FONA) orientadas a la prevenci\u00f3n, atenci\u00f3n integral y lucha contra el consumo de drogas en Venezuela. Informaci\u00f3n oficial y actualizada.\",\"publisher\":{\"@id\":\"https:\/\/www.fona.gob.ve\/#organization\"},\"potentialAction\":[{\"@type\":\"SearchAction\",\"target\":{\"@type\":\"EntryPoint\",\"urlTemplate\":\"https:\/\/www.fona.gob.ve\/?s={search_term_string}\"},\"query-input\":{\"@type\":\"PropertyValueSpecification\",\"valueRequired\":true,\"valueName\":\"search_term_string\"}}],\"inLanguage\":\"es\"},{\"@type\":\"Organization\",\"@id\":\"https:\/\/www.fona.gob.ve\/#organization\",\"name\":\"Fondo Nacional Antidrogas\",\"url\":\"https:\/\/www.fona.gob.ve\/\",\"logo\":{\"@type\":\"ImageObject\",\"inLanguage\":\"es\",\"@id\":\"https:\/\/www.fona.gob.ve\/#\/schema\/logo\/image\/\",\"url\":\"https:\/\/www.fona.gob.ve\/wp-content\/uploads\/2025\/04\/fona.jpeg\",\"contentUrl\":\"https:\/\/www.fona.gob.ve\/wp-content\/uploads\/2025\/04\/fona.jpeg\",\"width\":1200,\"height\":1200,\"caption\":\"Fondo Nacional Antidrogas\"},\"image\":{\"@id\":\"https:\/\/www.fona.gob.ve\/#\/schema\/logo\/image\/\"}},{\"@type\":\"Person\",\"@id\":\"https:\/\/www.fona.gob.ve\/#\/schema\/person\/887f0d86a3d016ef9df002d3603dd736\",\"name\":\"prensa prensa\",\"sameAs\":[\"https:\/\/fona.gob.ve\"],\"url\":\"https:\/\/www.fona.gob.ve\/index.php\/author\/prensa\/\"}]}<\/script>\n<!-- \/ Yoast SEO plugin. -->","yoast_head_json":{"title":"Juramentan Comit\u00e9s de Prevenci\u00f3n Comunitaria y Madres Preventoras para garantizar la paz - Fondo Nacional Antidrogas","robots":{"index":"index","follow":"follow","max-snippet":"max-snippet:-1","max-image-preview":"max-image-preview:large","max-video-preview":"max-video-preview:-1"},"canonical":"https:\/\/www.fona.gob.ve\/index.php\/2024\/09\/30\/juramentan-comites-de-prevencion-comunitaria-y-madres-preventoras-para-garantizar-la-paz\/","og_locale":"es_ES","og_type":"article","og_title":"Juramentan Comit\u00e9s de Prevenci\u00f3n Comunitaria y Madres Preventoras para garantizar la paz - Fondo Nacional Antidrogas","og_description":"Desde el N\u00facleo de Desarrollo End\u00f3geno \u201cFabricio Ojeda\u201d, en la ciudad de Caracas, el viceministro de Prevenci\u00f3n, Seguridad Ciudadana y Cuadrantes de Paz, G\/D Endes Palencia, presidi\u00f3 la juramentaci\u00f3n de Comit\u00e9s de Prevenci\u00f3n Comunitaria y de Madres Preventoras con el objetivo empedrar al pueblo de las pol\u00edticas de seguridad y paz. En este sentido, se\u00f1al\u00f3 [&hellip;]","og_url":"https:\/\/www.fona.gob.ve\/index.php\/2024\/09\/30\/juramentan-comites-de-prevencion-comunitaria-y-madres-preventoras-para-garantizar-la-paz\/","og_site_name":"Fondo Nacional Antidrogas","article_published_time":"2024-09-30T12:56:46+00:00","article_modified_time":"2024-09-30T12:58:13+00:00","og_image":[{"width":687,"height":437,"url":"https:\/\/www.fona.gob.ve\/wp-content\/uploads\/2024\/09\/SaveClip.App_461421979_18037589120138905_1662251781254984660_n.jpg","type":"image\/jpeg"}],"author":"prensa prensa","twitter_card":"summary_large_image","twitter_misc":{"Escrito por":"prensa prensa","Tiempo de lectura":"2 minutos"},"schema":{"@context":"https:\/\/schema.org","@graph":[{"@type":"Article","@id":"https:\/\/www.fona.gob.ve\/index.php\/2024\/09\/30\/juramentan-comites-de-prevencion-comunitaria-y-madres-preventoras-para-garantizar-la-paz\/#article","isPartOf":{"@id":"https:\/\/www.fona.gob.ve\/index.php\/2024\/09\/30\/juramentan-comites-de-prevencion-comunitaria-y-madres-preventoras-para-garantizar-la-paz\/"},"author":{"name":"prensa prensa","@id":"https:\/\/www.fona.gob.ve\/#\/schema\/person\/887f0d86a3d016ef9df002d3603dd736"},"headline":"Juramentan Comit\u00e9s de Prevenci\u00f3n Comunitaria y Madres Preventoras para garantizar la paz","datePublished":"2024-09-30T12:56:46+00:00","dateModified":"2024-09-30T12:58:13+00:00","mainEntityOfPage":{"@id":"https:\/\/www.fona.gob.ve\/index.php\/2024\/09\/30\/juramentan-comites-de-prevencion-comunitaria-y-madres-preventoras-para-garantizar-la-paz\/"},"wordCount":356,"publisher":{"@id":"https:\/\/www.fona.gob.ve\/#organization"},"image":{"@id":"https:\/\/www.fona.gob.ve\/index.php\/2024\/09\/30\/juramentan-comites-de-prevencion-comunitaria-y-madres-preventoras-para-garantizar-la-paz\/#primaryimage"},"thumbnailUrl":"https:\/\/www.fona.gob.ve\/wp-content\/uploads\/2024\/09\/SaveClip.App_461421979_18037589120138905_1662251781254984660_n.jpg","articleSection":["Noticias"],"inLanguage":"es"},{"@type":"WebPage","@id":"https:\/\/www.fona.gob.ve\/index.php\/2024\/09\/30\/juramentan-comites-de-prevencion-comunitaria-y-madres-preventoras-para-garantizar-la-paz\/","url":"https:\/\/www.fona.gob.ve\/index.php\/2024\/09\/30\/juramentan-comites-de-prevencion-comunitaria-y-madres-preventoras-para-garantizar-la-paz\/","name":"Juramentan Comit\u00e9s de Prevenci\u00f3n Comunitaria y Madres Preventoras para garantizar la paz - Fondo Nacional Antidrogas","isPartOf":{"@id":"https:\/\/www.fona.gob.ve\/#website"},"primaryImageOfPage":{"@id":"https:\/\/www.fona.gob.ve\/index.php\/2024\/09\/30\/juramentan-comites-de-prevencion-comunitaria-y-madres-preventoras-para-garantizar-la-paz\/#primaryimage"},"image":{"@id":"https:\/\/www.fona.gob.ve\/index.php\/2024\/09\/30\/juramentan-comites-de-prevencion-comunitaria-y-madres-preventoras-para-garantizar-la-paz\/#primaryimage"},"thumbnailUrl":"https:\/\/www.fona.gob.ve\/wp-content\/uploads\/2024\/09\/SaveClip.App_461421979_18037589120138905_1662251781254984660_n.jpg","datePublished":"2024-09-30T12:56:46+00:00","dateModified":"2024-09-30T12:58:13+00:00","breadcrumb":{"@id":"https:\/\/www.fona.gob.ve\/index.php\/2024\/09\/30\/juramentan-comites-de-prevencion-comunitaria-y-madres-preventoras-para-garantizar-la-paz\/#breadcrumb"},"inLanguage":"es","potentialAction":[{"@type":"ReadAction","target":["https:\/\/www.fona.gob.ve\/index.php\/2024\/09\/30\/juramentan-comites-de-prevencion-comunitaria-y-madres-preventoras-para-garantizar-la-paz\/"]}]},{"@type":"ImageObject","inLanguage":"es","@id":"https:\/\/www.fona.gob.ve\/index.php\/2024\/09\/30\/juramentan-comites-de-prevencion-comunitaria-y-madres-preventoras-para-garantizar-la-paz\/#primaryimage","url":"https:\/\/www.fona.gob.ve\/wp-content\/uploads\/2024\/09\/SaveClip.App_461421979_18037589120138905_1662251781254984660_n.jpg","contentUrl":"https:\/\/www.fona.gob.ve\/wp-content\/uploads\/2024\/09\/SaveClip.App_461421979_18037589120138905_1662251781254984660_n.jpg","width":687,"height":437},{"@type":"BreadcrumbList","@id":"https:\/\/www.fona.gob.ve\/index.php\/2024\/09\/30\/juramentan-comites-de-prevencion-comunitaria-y-madres-preventoras-para-garantizar-la-paz\/#breadcrumb","itemListElement":[{"@type":"ListItem","position":1,"name":"Portada","item":"https:\/\/www.fona.gob.ve\/"},{"@type":"ListItem","position":2,"name":"Juramentan Comit\u00e9s de Prevenci\u00f3n Comunitaria y Madres Preventoras para garantizar la paz"}]},{"@type":"WebSite","@id":"https:\/\/www.fona.gob.ve\/#website","url":"https:\/\/www.fona.gob.ve\/","name":"Fondo Nacional Antidrogas","description":"Conoce las acciones, programas y pol\u00edticas del Fondo Nacional Antidrogas (FONA) orientadas a la prevenci\u00f3n, atenci\u00f3n integral y lucha contra el consumo de drogas en Venezuela. Informaci\u00f3n oficial y actualizada.","publisher":{"@id":"https:\/\/www.fona.gob.ve\/#organization"},"potentialAction":[{"@type":"SearchAction","target":{"@type":"EntryPoint","urlTemplate":"https:\/\/www.fona.gob.ve\/?s={search_term_string}"},"query-input":{"@type":"PropertyValueSpecification","valueRequired":true,"valueName":"search_term_string"}}],"inLanguage":"es"},{"@type":"Organization","@id":"https:\/\/www.fona.gob.ve\/#organization","name":"Fondo Nacional Antidrogas","url":"https:\/\/www.fona.gob.ve\/","logo":{"@type":"ImageObject","inLanguage":"es","@id":"https:\/\/www.fona.gob.ve\/#\/schema\/logo\/image\/","url":"https:\/\/www.fona.gob.ve\/wp-content\/uploads\/2025\/04\/fona.jpeg","contentUrl":"https:\/\/www.fona.gob.ve\/wp-content\/uploads\/2025\/04\/fona.jpeg","width":1200,"height":1200,"caption":"Fondo Nacional Antidrogas"},"image":{"@id":"https:\/\/www.fona.gob.ve\/#\/schema\/logo\/image\/"}},{"@type":"Person","@id":"https:\/\/www.fona.gob.ve\/#\/schema\/person\/887f0d86a3d016ef9df002d3603dd736","name":"prensa prensa","sameAs":["https:\/\/fona.gob.ve"],"url":"https:\/\/www.fona.gob.ve\/index.php\/author\/prensa\/"}]}},"_links":{"self":[{"href":"https:\/\/www.fona.gob.ve\/index.php\/wp-json\/wp\/v2\/posts\/12015","targetHints":{"allow":["GET"]}}],"collection":[{"href":"https:\/\/www.fona.gob.ve\/index.php\/wp-json\/wp\/v2\/posts"}],"about":[{"href":"https:\/\/www.fona.gob.ve\/index.php\/wp-json\/wp\/v2\/types\/post"}],"author":[{"embeddable":true,"href":"https:\/\/www.fona.gob.ve\/index.php\/wp-json\/wp\/v2\/users\/2"}],"replies":[{"embeddable":true,"href":"https:\/\/www.fona.gob.ve\/index.php\/wp-json\/wp\/v2\/comments?post=12015"}],"version-history":[{"count":3,"href":"https:\/\/www.fona.gob.ve\/index.php\/wp-json\/wp\/v2\/posts\/12015\/revisions"}],"predecessor-version":[{"id":12019,"href":"https:\/\/www.fona.gob.ve\/index.php\/wp-json\/wp\/v2\/posts\/12015\/revisions\/12019"}],"wp:featuredmedia":[{"embeddable":true,"href":"https:\/\/www.fona.gob.ve\/index.php\/wp-json\/wp\/v2\/media\/12016"}],"wp:attachment":[{"href":"https:\/\/www.fona.gob.ve\/index.php\/wp-json\/wp\/v2\/media?parent=12015"}],"wp:term":[{"taxonomy":"category","embeddable":true,"href":"https:\/\/www.fona.gob.ve\/index.php\/wp-json\/wp\/v2\/categories?post=12015"},{"taxonomy":"post_tag","embeddable":true,"href":"https:\/\/www.fona.gob.ve\/index.php\/wp-json\/wp\/v2\/tags?post=12015"}],"curies":[{"name":"wp","href":"https:\/\/api.w.org\/{rel}","templated":true}]}}