{"id":11919,"date":"2024-07-05T10:49:48","date_gmt":"2024-07-05T14:49:48","guid":{"rendered":"https:\/\/www.fona.gob.ve\/?p=11919"},"modified":"2024-07-05T10:57:20","modified_gmt":"2024-07-05T14:57:20","slug":"desplegados-2-mil-600-funcionarios-de-la-seguridad-ciudadana-para-la-atencion-del-pueblo-de-cumanacoa","status":"publish","type":"post","link":"https:\/\/www.fona.gob.ve\/index.php\/2024\/07\/05\/desplegados-2-mil-600-funcionarios-de-la-seguridad-ciudadana-para-la-atencion-del-pueblo-de-cumanacoa\/","title":{"rendered":"Desplegados 2 mil 600 funcionarios de la seguridad ciudadana para la atenci\u00f3n del pueblo de Cumanacoa"},"content":{"rendered":"\t\t<div data-elementor-type=\"wp-post\" data-elementor-id=\"11919\" class=\"elementor elementor-11919\" data-elementor-post-type=\"post\">\n\t\t\t\t\t\t<section class=\"elementor-section elementor-top-section elementor-element elementor-element-1b8ac3d elementor-section-boxed elementor-section-height-default elementor-section-height-default\" data-id=\"1b8ac3d\" data-element_type=\"section\">\n\t\t\t\t\t\t<div class=\"elementor-container elementor-column-gap-default\">\n\t\t\t\t\t<div class=\"elementor-column elementor-col-100 elementor-top-column elementor-element elementor-element-71f2d3ff\" data-id=\"71f2d3ff\" data-element_type=\"column\">\n\t\t\t<div class=\"elementor-widget-wrap elementor-element-populated\">\n\t\t\t\t\t\t<div class=\"elementor-element elementor-element-c57eef7 elementor-widget elementor-widget-image\" data-id=\"c57eef7\" data-element_type=\"widget\" data-widget_type=\"image.default\">\n\t\t\t\t<div class=\"elementor-widget-container\">\n\t\t\t\t\t\t\t\t\t\t\t\t\t<img fetchpriority=\"high\" decoding=\"async\" width=\"800\" height=\"445\" src=\"https:\/\/www.fona.gob.ve\/wp-content\/uploads\/2024\/07\/Desplegados-2-mil-600-funcionarios-de-la-seguridad-ciudadana-para-la-atencion-del-pueblo-de-Cumanacoa-foto-1-800x445-1.jpeg\" class=\"attachment-large size-large wp-image-11920\" alt=\"\" srcset=\"https:\/\/www.fona.gob.ve\/wp-content\/uploads\/2024\/07\/Desplegados-2-mil-600-funcionarios-de-la-seguridad-ciudadana-para-la-atencion-del-pueblo-de-Cumanacoa-foto-1-800x445-1.jpeg 800w, https:\/\/www.fona.gob.ve\/wp-content\/uploads\/2024\/07\/Desplegados-2-mil-600-funcionarios-de-la-seguridad-ciudadana-para-la-atencion-del-pueblo-de-Cumanacoa-foto-1-800x445-1-300x167.jpeg 300w, https:\/\/www.fona.gob.ve\/wp-content\/uploads\/2024\/07\/Desplegados-2-mil-600-funcionarios-de-la-seguridad-ciudadana-para-la-atencion-del-pueblo-de-Cumanacoa-foto-1-800x445-1-768x427.jpeg 768w, https:\/\/www.fona.gob.ve\/wp-content\/uploads\/2024\/07\/Desplegados-2-mil-600-funcionarios-de-la-seguridad-ciudadana-para-la-atencion-del-pueblo-de-Cumanacoa-foto-1-800x445-1-480x267.jpeg 480w\" sizes=\"(max-width: 800px) 100vw, 800px\" title=\"Desplegados-2-mil-600-funcionarios-de-la-seguridad-ciudadana-para-la-atenci\u00f3n-del-pueblo-de-Cumanacoa-foto-1-800x445\" \/>\t\t\t\t\t\t\t\t\t\t\t\t\t<\/div>\n\t\t\t\t<\/div>\n\t\t\t\t<div class=\"elementor-element elementor-element-175de7ec elementor-widget elementor-widget-text-editor\" data-id=\"175de7ec\" data-element_type=\"widget\" data-widget_type=\"text-editor.default\">\n\t\t\t\t<div class=\"elementor-widget-container\">\n\t\t\t\t\t\t\t<p>Como parte de las atenci\u00f3n integral que adelanta el Gobierno Bolivariano en beneficio de los habitantes del municipio Montes en el estado Sucre, el vicepresidente Sectorial para la Seguridad Ciudadana y la Paz, AJ. Remigio Ceballos Ichaso, inform\u00f3 el despliegue de m\u00e1s de 2 mil 600 funcionarios, de los \u00f3rganos de seguridad ciudadana y del Sistema Nacional de Gesti\u00f3n de Riesgo para la atenci\u00f3n de los afectados tras el paso del hurac\u00e1n Beryl por la zona oriental del pa\u00eds.<\/p><p><span style=\"background-color: initial; color: var( --e-global-color-theme-content-color ); font-family: var( --e-global-typography-theme-main-font-family ), Sans-serif; font-size: var( --e-global-typography-theme-main-font-size ); font-weight: var( --e-global-typography-theme-main-font-weight ); letter-spacing: var( --e-global-typography-theme-main-letter-spacing ); word-spacing: var( --e-global-typography-theme-main-word-spacing );\">\u00a0<\/span><\/p><p><span style=\"background-color: initial; color: var( --e-global-color-theme-content-color ); font-family: var( --e-global-typography-theme-main-font-family ), Sans-serif; font-size: var( --e-global-typography-theme-main-font-size ); font-weight: var( --e-global-typography-theme-main-font-weight ); letter-spacing: var( --e-global-typography-theme-main-letter-spacing ); word-spacing: var( --e-global-typography-theme-main-word-spacing );\">\u201cNos encontramos ac\u00e1 en Cumanacoa, donde 2 mil 600 funcionarias y funcionarios de Protecci\u00f3n Civil, Bomberos, del Ven 911, la polic\u00eda estadal, municipal y el Cuerpo de Polic\u00eda Nacional Bolivariana (CPNB), se encuentran atendiendo y garantizando la atenci\u00f3n de nuestro pueblo\u201d, detall\u00f3 el Almirante en Jefe, durante un contacto televisivo con el Presidente de la Rep\u00fablica Nicol\u00e1s Maduro.<\/span><\/p><p><span style=\"background-color: initial; color: var( --e-global-color-theme-content-color ); font-family: var( --e-global-typography-theme-main-font-family ), Sans-serif; font-size: var( --e-global-typography-theme-main-font-size ); font-weight: var( --e-global-typography-theme-main-font-weight ); letter-spacing: var( --e-global-typography-theme-main-letter-spacing ); word-spacing: var( --e-global-typography-theme-main-word-spacing );\">\u00a0<\/span><\/p><p><span style=\"background-color: initial; color: var( --e-global-color-theme-content-color ); font-family: var( --e-global-typography-theme-main-font-family ), Sans-serif; font-size: var( --e-global-typography-theme-main-font-size ); font-weight: var( --e-global-typography-theme-main-font-weight ); letter-spacing: var( --e-global-typography-theme-main-letter-spacing ); word-spacing: var( --e-global-typography-theme-main-word-spacing );\">En este sentido, destac\u00f3 que en trabajo conjunto con los diferentes niveles del Gobierno Nacional y estadal, los hombres y mujeres de la seguridad ciudadana, a trav\u00e9s de un contacto directo y fraterno, garantizan la entrega y ayuda solidaridad del Gobierno Bolivariano a estas poblaciones afectadas.<\/span><\/p><p><span style=\"background-color: initial; color: var( --e-global-color-theme-content-color ); font-family: var( --e-global-typography-theme-main-font-family ), Sans-serif; font-size: var( --e-global-typography-theme-main-font-size ); font-weight: var( --e-global-typography-theme-main-font-weight ); letter-spacing: var( --e-global-typography-theme-main-letter-spacing ); word-spacing: var( --e-global-typography-theme-main-word-spacing );\">\u00a0<\/span><\/p><p><span style=\"background-color: initial; color: var( --e-global-color-theme-content-color ); font-family: var( --e-global-typography-theme-main-font-family ), Sans-serif; font-size: var( --e-global-typography-theme-main-font-size ); font-weight: var( --e-global-typography-theme-main-font-weight ); letter-spacing: var( --e-global-typography-theme-main-letter-spacing ); word-spacing: var( --e-global-typography-theme-main-word-spacing );\">\u201cContinuamos trabajando bajo su direcci\u00f3n y de la mano con el Poder Popular, para garantizar los insumos necesarios, la saturaci\u00f3n de los alimentos; adem\u00e1s de la supervisi\u00f3n directa de los trabajos que se ejecutan en esta localidad que ha sufrido los efectos del cambio clim\u00e1tico\u201d, expres\u00f3.<\/span><\/p><p><span style=\"background-color: initial; color: var( --e-global-color-theme-content-color ); font-family: var( --e-global-typography-theme-main-font-family ), Sans-serif; font-size: var( --e-global-typography-theme-main-font-size ); font-weight: var( --e-global-typography-theme-main-font-weight ); letter-spacing: var( --e-global-typography-theme-main-letter-spacing ); word-spacing: var( --e-global-typography-theme-main-word-spacing );\">\u00a0<\/span><\/p><p><span style=\"background-color: initial; color: var( --e-global-color-theme-content-color ); font-family: var( --e-global-typography-theme-main-font-family ), Sans-serif; font-size: var( --e-global-typography-theme-main-font-size ); font-weight: var( --e-global-typography-theme-main-font-weight ); letter-spacing: var( --e-global-typography-theme-main-letter-spacing ); word-spacing: var( --e-global-typography-theme-main-word-spacing );\">Atenci\u00f3n integral de la poblaci\u00f3n<\/span><\/p><p><span style=\"background-color: initial; color: var( --e-global-color-theme-content-color ); font-family: var( --e-global-typography-theme-main-font-family ), Sans-serif; font-size: var( --e-global-typography-theme-main-font-size ); font-weight: var( --e-global-typography-theme-main-font-weight ); letter-spacing: var( --e-global-typography-theme-main-letter-spacing ); word-spacing: var( --e-global-typography-theme-main-word-spacing );\">\u00a0<\/span><\/p><p><span style=\"background-color: initial; color: var( --e-global-color-theme-content-color ); font-family: var( --e-global-typography-theme-main-font-family ), Sans-serif; font-size: var( --e-global-typography-theme-main-font-size ); font-weight: var( --e-global-typography-theme-main-font-weight ); letter-spacing: var( --e-global-typography-theme-main-letter-spacing ); word-spacing: var( --e-global-typography-theme-main-word-spacing );\">Por su parte, el Jefe de Estado, Nicol\u00e1s Maduro Moros, inform\u00f3 la designaci\u00f3n del MG. Lockibi Belmonte, como autoridad \u00fanica en Cumanacoa, quien trabajar\u00e1 de manera articulada en tres frentes de trabajo para la atenci\u00f3n de las zonas afectadas.<\/span><\/p><p><span style=\"background-color: initial; color: var( --e-global-color-theme-content-color ); font-family: var( --e-global-typography-theme-main-font-family ), Sans-serif; font-size: var( --e-global-typography-theme-main-font-size ); font-weight: var( --e-global-typography-theme-main-font-weight ); letter-spacing: var( --e-global-typography-theme-main-letter-spacing ); word-spacing: var( --e-global-typography-theme-main-word-spacing );\">\u00a0<\/span><\/p><p><span style=\"background-color: initial; color: var( --e-global-color-theme-content-color ); font-family: var( --e-global-typography-theme-main-font-family ), Sans-serif; font-size: var( --e-global-typography-theme-main-font-size ); font-weight: var( --e-global-typography-theme-main-font-weight ); letter-spacing: var( --e-global-typography-theme-main-letter-spacing ); word-spacing: var( --e-global-typography-theme-main-word-spacing );\">Con relaci\u00f3n a la atenci\u00f3n de los servicios p\u00fablicos, el Mandatario Nacional, inform\u00f3 la recuperaci\u00f3n de un 100% el servicio el\u00e9ctrico, logrando as\u00ed fortalecer las comunicaciones, as\u00ed como la entrega de v\u00edveres y prote\u00edna animal por parte del Ministerio del Poder Popular para la Alimentaci\u00f3n y los trabajos de recuperaci\u00f3n en las vialidades afectadas.<\/span><\/p><p><span style=\"background-color: initial; color: var( --e-global-color-theme-content-color ); font-family: var( --e-global-typography-theme-main-font-family ), Sans-serif; font-size: var( --e-global-typography-theme-main-font-size ); font-weight: var( --e-global-typography-theme-main-font-weight ); letter-spacing: var( --e-global-typography-theme-main-letter-spacing ); word-spacing: var( --e-global-typography-theme-main-word-spacing );\">\u00a0<\/span><\/p><p><span style=\"background-color: initial; color: var( --e-global-color-theme-content-color ); font-family: var( --e-global-typography-theme-main-font-family ), Sans-serif; font-size: var( --e-global-typography-theme-main-font-size ); font-weight: var( --e-global-typography-theme-main-font-weight ); letter-spacing: var( --e-global-typography-theme-main-letter-spacing ); word-spacing: var( --e-global-typography-theme-main-word-spacing );\">Finalmente el Presidente de la Rep\u00fablica, destac\u00f3 que gracias al desarrollo de la acci\u00f3n preventiva se logr\u00f3 la preservaci\u00f3n de \u201cla vida de mucha gente; de ni\u00f1os, ni\u00f1as, mujeres, familias\u201d.<\/span><\/p><p><strong style=\"background-color: initial; color: var( --e-global-color-theme-content-color ); font-family: var( --e-global-typography-theme-main-font-family ), Sans-serif; font-size: var( --e-global-typography-theme-main-font-size ); letter-spacing: var( --e-global-typography-theme-main-letter-spacing ); word-spacing: var( --e-global-typography-theme-main-word-spacing );\">\u00a0<\/strong><\/p><p><strong style=\"background-color: initial; color: var( --e-global-color-theme-content-color ); font-family: var( --e-global-typography-theme-main-font-family ), Sans-serif; font-size: var( --e-global-typography-theme-main-font-size ); letter-spacing: var( --e-global-typography-theme-main-letter-spacing ); word-spacing: var( --e-global-typography-theme-main-word-spacing );\">Prensa Mpprijp<\/strong><\/p>\t\t\t\t\t\t<\/div>\n\t\t\t\t<\/div>\n\t\t\t\t\t<\/div>\n\t\t<\/div>\n\t\t\t\t\t<\/div>\n\t\t<\/section>\n\t\t\t\t<\/div>\n\t\t","protected":false},"excerpt":{"rendered":"<p>Como parte de las atenci\u00f3n integral que adelanta el Gobierno Bolivariano en beneficio de los habitantes del municipio Montes en el estado Sucre, el vicepresidente Sectorial para la Seguridad Ciudadana y la Paz, AJ. Remigio Ceballos Ichaso, inform\u00f3 el despliegue de m\u00e1s de 2 mil 600 funcionarios, de los \u00f3rganos de seguridad ciudadana y del [&hellip;]<\/p>\n","protected":false},"author":2,"featured_media":11920,"comment_status":"closed","ping_status":"closed","sticky":false,"template":"","format":"standard","meta":{"footnotes":""},"categories":[58],"tags":[],"class_list":["post-11919","post","type-post","status-publish","format-standard","has-post-thumbnail","hentry","category-noticias"],"yoast_head":"<!-- This site is optimized with the Yoast SEO plugin v26.4 - https:\/\/yoast.com\/wordpress\/plugins\/seo\/ -->\n<title>Desplegados 2 mil 600 funcionarios de la seguridad ciudadana para la atenci\u00f3n del pueblo de Cumanacoa - Fondo Nacional Antidrogas<\/title>\n<meta name=\"robots\" content=\"index, follow, max-snippet:-1, max-image-preview:large, max-video-preview:-1\" \/>\n<link rel=\"canonical\" href=\"https:\/\/www.fona.gob.ve\/index.php\/2024\/07\/05\/desplegados-2-mil-600-funcionarios-de-la-seguridad-ciudadana-para-la-atencion-del-pueblo-de-cumanacoa\/\" \/>\n<meta property=\"og:locale\" content=\"es_ES\" \/>\n<meta property=\"og:type\" content=\"article\" \/>\n<meta property=\"og:title\" content=\"Desplegados 2 mil 600 funcionarios de la seguridad ciudadana para la atenci\u00f3n del pueblo de Cumanacoa - Fondo Nacional Antidrogas\" \/>\n<meta property=\"og:description\" content=\"Como parte de las atenci\u00f3n integral que adelanta el Gobierno Bolivariano en beneficio de los habitantes del municipio Montes en el estado Sucre, el vicepresidente Sectorial para la Seguridad Ciudadana y la Paz, AJ. Remigio Ceballos Ichaso, inform\u00f3 el despliegue de m\u00e1s de 2 mil 600 funcionarios, de los \u00f3rganos de seguridad ciudadana y del [&hellip;]\" \/>\n<meta property=\"og:url\" content=\"https:\/\/www.fona.gob.ve\/index.php\/2024\/07\/05\/desplegados-2-mil-600-funcionarios-de-la-seguridad-ciudadana-para-la-atencion-del-pueblo-de-cumanacoa\/\" \/>\n<meta property=\"og:site_name\" content=\"Fondo Nacional Antidrogas\" \/>\n<meta property=\"article:published_time\" content=\"2024-07-05T14:49:48+00:00\" \/>\n<meta property=\"article:modified_time\" content=\"2024-07-05T14:57:20+00:00\" \/>\n<meta property=\"og:image\" content=\"https:\/\/www.fona.gob.ve\/wp-content\/uploads\/2024\/07\/Desplegados-2-mil-600-funcionarios-de-la-seguridad-ciudadana-para-la-atencion-del-pueblo-de-Cumanacoa-foto-1-800x445-1.jpeg\" \/>\n\t<meta property=\"og:image:width\" content=\"800\" \/>\n\t<meta property=\"og:image:height\" content=\"445\" \/>\n\t<meta property=\"og:image:type\" content=\"image\/jpeg\" \/>\n<meta name=\"author\" content=\"prensa prensa\" \/>\n<meta name=\"twitter:card\" content=\"summary_large_image\" \/>\n<meta name=\"twitter:label1\" content=\"Escrito por\" \/>\n\t<meta name=\"twitter:data1\" content=\"prensa prensa\" \/>\n\t<meta name=\"twitter:label2\" content=\"Tiempo de lectura\" \/>\n\t<meta name=\"twitter:data2\" content=\"2 minutos\" \/>\n<script type=\"application\/ld+json\" class=\"yoast-schema-graph\">{\"@context\":\"https:\/\/schema.org\",\"@graph\":[{\"@type\":\"Article\",\"@id\":\"https:\/\/www.fona.gob.ve\/index.php\/2024\/07\/05\/desplegados-2-mil-600-funcionarios-de-la-seguridad-ciudadana-para-la-atencion-del-pueblo-de-cumanacoa\/#article\",\"isPartOf\":{\"@id\":\"https:\/\/www.fona.gob.ve\/index.php\/2024\/07\/05\/desplegados-2-mil-600-funcionarios-de-la-seguridad-ciudadana-para-la-atencion-del-pueblo-de-cumanacoa\/\"},\"author\":{\"name\":\"prensa prensa\",\"@id\":\"https:\/\/www.fona.gob.ve\/#\/schema\/person\/887f0d86a3d016ef9df002d3603dd736\"},\"headline\":\"Desplegados 2 mil 600 funcionarios de la seguridad ciudadana para la atenci\u00f3n del pueblo de Cumanacoa\",\"datePublished\":\"2024-07-05T14:49:48+00:00\",\"dateModified\":\"2024-07-05T14:57:20+00:00\",\"mainEntityOfPage\":{\"@id\":\"https:\/\/www.fona.gob.ve\/index.php\/2024\/07\/05\/desplegados-2-mil-600-funcionarios-de-la-seguridad-ciudadana-para-la-atencion-del-pueblo-de-cumanacoa\/\"},\"wordCount\":405,\"publisher\":{\"@id\":\"https:\/\/www.fona.gob.ve\/#organization\"},\"image\":{\"@id\":\"https:\/\/www.fona.gob.ve\/index.php\/2024\/07\/05\/desplegados-2-mil-600-funcionarios-de-la-seguridad-ciudadana-para-la-atencion-del-pueblo-de-cumanacoa\/#primaryimage\"},\"thumbnailUrl\":\"https:\/\/www.fona.gob.ve\/wp-content\/uploads\/2024\/07\/Desplegados-2-mil-600-funcionarios-de-la-seguridad-ciudadana-para-la-atencion-del-pueblo-de-Cumanacoa-foto-1-800x445-1.jpeg\",\"articleSection\":[\"Noticias\"],\"inLanguage\":\"es\"},{\"@type\":\"WebPage\",\"@id\":\"https:\/\/www.fona.gob.ve\/index.php\/2024\/07\/05\/desplegados-2-mil-600-funcionarios-de-la-seguridad-ciudadana-para-la-atencion-del-pueblo-de-cumanacoa\/\",\"url\":\"https:\/\/www.fona.gob.ve\/index.php\/2024\/07\/05\/desplegados-2-mil-600-funcionarios-de-la-seguridad-ciudadana-para-la-atencion-del-pueblo-de-cumanacoa\/\",\"name\":\"Desplegados 2 mil 600 funcionarios de la seguridad ciudadana para la atenci\u00f3n del pueblo de Cumanacoa - Fondo Nacional Antidrogas\",\"isPartOf\":{\"@id\":\"https:\/\/www.fona.gob.ve\/#website\"},\"primaryImageOfPage\":{\"@id\":\"https:\/\/www.fona.gob.ve\/index.php\/2024\/07\/05\/desplegados-2-mil-600-funcionarios-de-la-seguridad-ciudadana-para-la-atencion-del-pueblo-de-cumanacoa\/#primaryimage\"},\"image\":{\"@id\":\"https:\/\/www.fona.gob.ve\/index.php\/2024\/07\/05\/desplegados-2-mil-600-funcionarios-de-la-seguridad-ciudadana-para-la-atencion-del-pueblo-de-cumanacoa\/#primaryimage\"},\"thumbnailUrl\":\"https:\/\/www.fona.gob.ve\/wp-content\/uploads\/2024\/07\/Desplegados-2-mil-600-funcionarios-de-la-seguridad-ciudadana-para-la-atencion-del-pueblo-de-Cumanacoa-foto-1-800x445-1.jpeg\",\"datePublished\":\"2024-07-05T14:49:48+00:00\",\"dateModified\":\"2024-07-05T14:57:20+00:00\",\"breadcrumb\":{\"@id\":\"https:\/\/www.fona.gob.ve\/index.php\/2024\/07\/05\/desplegados-2-mil-600-funcionarios-de-la-seguridad-ciudadana-para-la-atencion-del-pueblo-de-cumanacoa\/#breadcrumb\"},\"inLanguage\":\"es\",\"potentialAction\":[{\"@type\":\"ReadAction\",\"target\":[\"https:\/\/www.fona.gob.ve\/index.php\/2024\/07\/05\/desplegados-2-mil-600-funcionarios-de-la-seguridad-ciudadana-para-la-atencion-del-pueblo-de-cumanacoa\/\"]}]},{\"@type\":\"ImageObject\",\"inLanguage\":\"es\",\"@id\":\"https:\/\/www.fona.gob.ve\/index.php\/2024\/07\/05\/desplegados-2-mil-600-funcionarios-de-la-seguridad-ciudadana-para-la-atencion-del-pueblo-de-cumanacoa\/#primaryimage\",\"url\":\"https:\/\/www.fona.gob.ve\/wp-content\/uploads\/2024\/07\/Desplegados-2-mil-600-funcionarios-de-la-seguridad-ciudadana-para-la-atencion-del-pueblo-de-Cumanacoa-foto-1-800x445-1.jpeg\",\"contentUrl\":\"https:\/\/www.fona.gob.ve\/wp-content\/uploads\/2024\/07\/Desplegados-2-mil-600-funcionarios-de-la-seguridad-ciudadana-para-la-atencion-del-pueblo-de-Cumanacoa-foto-1-800x445-1.jpeg\",\"width\":800,\"height\":445},{\"@type\":\"BreadcrumbList\",\"@id\":\"https:\/\/www.fona.gob.ve\/index.php\/2024\/07\/05\/desplegados-2-mil-600-funcionarios-de-la-seguridad-ciudadana-para-la-atencion-del-pueblo-de-cumanacoa\/#breadcrumb\",\"itemListElement\":[{\"@type\":\"ListItem\",\"position\":1,\"name\":\"Portada\",\"item\":\"https:\/\/www.fona.gob.ve\/\"},{\"@type\":\"ListItem\",\"position\":2,\"name\":\"Desplegados 2 mil 600 funcionarios de la seguridad ciudadana para la atenci\u00f3n del pueblo de Cumanacoa\"}]},{\"@type\":\"WebSite\",\"@id\":\"https:\/\/www.fona.gob.ve\/#website\",\"url\":\"https:\/\/www.fona.gob.ve\/\",\"name\":\"Fondo Nacional Antidrogas\",\"description\":\"Conoce las acciones, programas y pol\u00edticas del Fondo Nacional Antidrogas (FONA) orientadas a la prevenci\u00f3n, atenci\u00f3n integral y lucha contra el consumo de drogas en Venezuela. Informaci\u00f3n oficial y actualizada.\",\"publisher\":{\"@id\":\"https:\/\/www.fona.gob.ve\/#organization\"},\"potentialAction\":[{\"@type\":\"SearchAction\",\"target\":{\"@type\":\"EntryPoint\",\"urlTemplate\":\"https:\/\/www.fona.gob.ve\/?s={search_term_string}\"},\"query-input\":{\"@type\":\"PropertyValueSpecification\",\"valueRequired\":true,\"valueName\":\"search_term_string\"}}],\"inLanguage\":\"es\"},{\"@type\":\"Organization\",\"@id\":\"https:\/\/www.fona.gob.ve\/#organization\",\"name\":\"Fondo Nacional Antidrogas\",\"url\":\"https:\/\/www.fona.gob.ve\/\",\"logo\":{\"@type\":\"ImageObject\",\"inLanguage\":\"es\",\"@id\":\"https:\/\/www.fona.gob.ve\/#\/schema\/logo\/image\/\",\"url\":\"https:\/\/www.fona.gob.ve\/wp-content\/uploads\/2025\/04\/fona.jpeg\",\"contentUrl\":\"https:\/\/www.fona.gob.ve\/wp-content\/uploads\/2025\/04\/fona.jpeg\",\"width\":1200,\"height\":1200,\"caption\":\"Fondo Nacional Antidrogas\"},\"image\":{\"@id\":\"https:\/\/www.fona.gob.ve\/#\/schema\/logo\/image\/\"}},{\"@type\":\"Person\",\"@id\":\"https:\/\/www.fona.gob.ve\/#\/schema\/person\/887f0d86a3d016ef9df002d3603dd736\",\"name\":\"prensa prensa\",\"sameAs\":[\"https:\/\/fona.gob.ve\"],\"url\":\"https:\/\/www.fona.gob.ve\/index.php\/author\/prensa\/\"}]}<\/script>\n<!-- \/ Yoast SEO plugin. -->","yoast_head_json":{"title":"Desplegados 2 mil 600 funcionarios de la seguridad ciudadana para la atenci\u00f3n del pueblo de Cumanacoa - Fondo Nacional Antidrogas","robots":{"index":"index","follow":"follow","max-snippet":"max-snippet:-1","max-image-preview":"max-image-preview:large","max-video-preview":"max-video-preview:-1"},"canonical":"https:\/\/www.fona.gob.ve\/index.php\/2024\/07\/05\/desplegados-2-mil-600-funcionarios-de-la-seguridad-ciudadana-para-la-atencion-del-pueblo-de-cumanacoa\/","og_locale":"es_ES","og_type":"article","og_title":"Desplegados 2 mil 600 funcionarios de la seguridad ciudadana para la atenci\u00f3n del pueblo de Cumanacoa - Fondo Nacional Antidrogas","og_description":"Como parte de las atenci\u00f3n integral que adelanta el Gobierno Bolivariano en beneficio de los habitantes del municipio Montes en el estado Sucre, el vicepresidente Sectorial para la Seguridad Ciudadana y la Paz, AJ. Remigio Ceballos Ichaso, inform\u00f3 el despliegue de m\u00e1s de 2 mil 600 funcionarios, de los \u00f3rganos de seguridad ciudadana y del [&hellip;]","og_url":"https:\/\/www.fona.gob.ve\/index.php\/2024\/07\/05\/desplegados-2-mil-600-funcionarios-de-la-seguridad-ciudadana-para-la-atencion-del-pueblo-de-cumanacoa\/","og_site_name":"Fondo Nacional Antidrogas","article_published_time":"2024-07-05T14:49:48+00:00","article_modified_time":"2024-07-05T14:57:20+00:00","og_image":[{"width":800,"height":445,"url":"https:\/\/www.fona.gob.ve\/wp-content\/uploads\/2024\/07\/Desplegados-2-mil-600-funcionarios-de-la-seguridad-ciudadana-para-la-atencion-del-pueblo-de-Cumanacoa-foto-1-800x445-1.jpeg","type":"image\/jpeg"}],"author":"prensa prensa","twitter_card":"summary_large_image","twitter_misc":{"Escrito por":"prensa prensa","Tiempo de lectura":"2 minutos"},"schema":{"@context":"https:\/\/schema.org","@graph":[{"@type":"Article","@id":"https:\/\/www.fona.gob.ve\/index.php\/2024\/07\/05\/desplegados-2-mil-600-funcionarios-de-la-seguridad-ciudadana-para-la-atencion-del-pueblo-de-cumanacoa\/#article","isPartOf":{"@id":"https:\/\/www.fona.gob.ve\/index.php\/2024\/07\/05\/desplegados-2-mil-600-funcionarios-de-la-seguridad-ciudadana-para-la-atencion-del-pueblo-de-cumanacoa\/"},"author":{"name":"prensa prensa","@id":"https:\/\/www.fona.gob.ve\/#\/schema\/person\/887f0d86a3d016ef9df002d3603dd736"},"headline":"Desplegados 2 mil 600 funcionarios de la seguridad ciudadana para la atenci\u00f3n del pueblo de Cumanacoa","datePublished":"2024-07-05T14:49:48+00:00","dateModified":"2024-07-05T14:57:20+00:00","mainEntityOfPage":{"@id":"https:\/\/www.fona.gob.ve\/index.php\/2024\/07\/05\/desplegados-2-mil-600-funcionarios-de-la-seguridad-ciudadana-para-la-atencion-del-pueblo-de-cumanacoa\/"},"wordCount":405,"publisher":{"@id":"https:\/\/www.fona.gob.ve\/#organization"},"image":{"@id":"https:\/\/www.fona.gob.ve\/index.php\/2024\/07\/05\/desplegados-2-mil-600-funcionarios-de-la-seguridad-ciudadana-para-la-atencion-del-pueblo-de-cumanacoa\/#primaryimage"},"thumbnailUrl":"https:\/\/www.fona.gob.ve\/wp-content\/uploads\/2024\/07\/Desplegados-2-mil-600-funcionarios-de-la-seguridad-ciudadana-para-la-atencion-del-pueblo-de-Cumanacoa-foto-1-800x445-1.jpeg","articleSection":["Noticias"],"inLanguage":"es"},{"@type":"WebPage","@id":"https:\/\/www.fona.gob.ve\/index.php\/2024\/07\/05\/desplegados-2-mil-600-funcionarios-de-la-seguridad-ciudadana-para-la-atencion-del-pueblo-de-cumanacoa\/","url":"https:\/\/www.fona.gob.ve\/index.php\/2024\/07\/05\/desplegados-2-mil-600-funcionarios-de-la-seguridad-ciudadana-para-la-atencion-del-pueblo-de-cumanacoa\/","name":"Desplegados 2 mil 600 funcionarios de la seguridad ciudadana para la atenci\u00f3n del pueblo de Cumanacoa - Fondo Nacional Antidrogas","isPartOf":{"@id":"https:\/\/www.fona.gob.ve\/#website"},"primaryImageOfPage":{"@id":"https:\/\/www.fona.gob.ve\/index.php\/2024\/07\/05\/desplegados-2-mil-600-funcionarios-de-la-seguridad-ciudadana-para-la-atencion-del-pueblo-de-cumanacoa\/#primaryimage"},"image":{"@id":"https:\/\/www.fona.gob.ve\/index.php\/2024\/07\/05\/desplegados-2-mil-600-funcionarios-de-la-seguridad-ciudadana-para-la-atencion-del-pueblo-de-cumanacoa\/#primaryimage"},"thumbnailUrl":"https:\/\/www.fona.gob.ve\/wp-content\/uploads\/2024\/07\/Desplegados-2-mil-600-funcionarios-de-la-seguridad-ciudadana-para-la-atencion-del-pueblo-de-Cumanacoa-foto-1-800x445-1.jpeg","datePublished":"2024-07-05T14:49:48+00:00","dateModified":"2024-07-05T14:57:20+00:00","breadcrumb":{"@id":"https:\/\/www.fona.gob.ve\/index.php\/2024\/07\/05\/desplegados-2-mil-600-funcionarios-de-la-seguridad-ciudadana-para-la-atencion-del-pueblo-de-cumanacoa\/#breadcrumb"},"inLanguage":"es","potentialAction":[{"@type":"ReadAction","target":["https:\/\/www.fona.gob.ve\/index.php\/2024\/07\/05\/desplegados-2-mil-600-funcionarios-de-la-seguridad-ciudadana-para-la-atencion-del-pueblo-de-cumanacoa\/"]}]},{"@type":"ImageObject","inLanguage":"es","@id":"https:\/\/www.fona.gob.ve\/index.php\/2024\/07\/05\/desplegados-2-mil-600-funcionarios-de-la-seguridad-ciudadana-para-la-atencion-del-pueblo-de-cumanacoa\/#primaryimage","url":"https:\/\/www.fona.gob.ve\/wp-content\/uploads\/2024\/07\/Desplegados-2-mil-600-funcionarios-de-la-seguridad-ciudadana-para-la-atencion-del-pueblo-de-Cumanacoa-foto-1-800x445-1.jpeg","contentUrl":"https:\/\/www.fona.gob.ve\/wp-content\/uploads\/2024\/07\/Desplegados-2-mil-600-funcionarios-de-la-seguridad-ciudadana-para-la-atencion-del-pueblo-de-Cumanacoa-foto-1-800x445-1.jpeg","width":800,"height":445},{"@type":"BreadcrumbList","@id":"https:\/\/www.fona.gob.ve\/index.php\/2024\/07\/05\/desplegados-2-mil-600-funcionarios-de-la-seguridad-ciudadana-para-la-atencion-del-pueblo-de-cumanacoa\/#breadcrumb","itemListElement":[{"@type":"ListItem","position":1,"name":"Portada","item":"https:\/\/www.fona.gob.ve\/"},{"@type":"ListItem","position":2,"name":"Desplegados 2 mil 600 funcionarios de la seguridad ciudadana para la atenci\u00f3n del pueblo de Cumanacoa"}]},{"@type":"WebSite","@id":"https:\/\/www.fona.gob.ve\/#website","url":"https:\/\/www.fona.gob.ve\/","name":"Fondo Nacional Antidrogas","description":"Conoce las acciones, programas y pol\u00edticas del Fondo Nacional Antidrogas (FONA) orientadas a la prevenci\u00f3n, atenci\u00f3n integral y lucha contra el consumo de drogas en Venezuela. Informaci\u00f3n oficial y actualizada.","publisher":{"@id":"https:\/\/www.fona.gob.ve\/#organization"},"potentialAction":[{"@type":"SearchAction","target":{"@type":"EntryPoint","urlTemplate":"https:\/\/www.fona.gob.ve\/?s={search_term_string}"},"query-input":{"@type":"PropertyValueSpecification","valueRequired":true,"valueName":"search_term_string"}}],"inLanguage":"es"},{"@type":"Organization","@id":"https:\/\/www.fona.gob.ve\/#organization","name":"Fondo Nacional Antidrogas","url":"https:\/\/www.fona.gob.ve\/","logo":{"@type":"ImageObject","inLanguage":"es","@id":"https:\/\/www.fona.gob.ve\/#\/schema\/logo\/image\/","url":"https:\/\/www.fona.gob.ve\/wp-content\/uploads\/2025\/04\/fona.jpeg","contentUrl":"https:\/\/www.fona.gob.ve\/wp-content\/uploads\/2025\/04\/fona.jpeg","width":1200,"height":1200,"caption":"Fondo Nacional Antidrogas"},"image":{"@id":"https:\/\/www.fona.gob.ve\/#\/schema\/logo\/image\/"}},{"@type":"Person","@id":"https:\/\/www.fona.gob.ve\/#\/schema\/person\/887f0d86a3d016ef9df002d3603dd736","name":"prensa prensa","sameAs":["https:\/\/fona.gob.ve"],"url":"https:\/\/www.fona.gob.ve\/index.php\/author\/prensa\/"}]}},"_links":{"self":[{"href":"https:\/\/www.fona.gob.ve\/index.php\/wp-json\/wp\/v2\/posts\/11919","targetHints":{"allow":["GET"]}}],"collection":[{"href":"https:\/\/www.fona.gob.ve\/index.php\/wp-json\/wp\/v2\/posts"}],"about":[{"href":"https:\/\/www.fona.gob.ve\/index.php\/wp-json\/wp\/v2\/types\/post"}],"author":[{"embeddable":true,"href":"https:\/\/www.fona.gob.ve\/index.php\/wp-json\/wp\/v2\/users\/2"}],"replies":[{"embeddable":true,"href":"https:\/\/www.fona.gob.ve\/index.php\/wp-json\/wp\/v2\/comments?post=11919"}],"version-history":[{"count":4,"href":"https:\/\/www.fona.gob.ve\/index.php\/wp-json\/wp\/v2\/posts\/11919\/revisions"}],"predecessor-version":[{"id":11924,"href":"https:\/\/www.fona.gob.ve\/index.php\/wp-json\/wp\/v2\/posts\/11919\/revisions\/11924"}],"wp:featuredmedia":[{"embeddable":true,"href":"https:\/\/www.fona.gob.ve\/index.php\/wp-json\/wp\/v2\/media\/11920"}],"wp:attachment":[{"href":"https:\/\/www.fona.gob.ve\/index.php\/wp-json\/wp\/v2\/media?parent=11919"}],"wp:term":[{"taxonomy":"category","embeddable":true,"href":"https:\/\/www.fona.gob.ve\/index.php\/wp-json\/wp\/v2\/categories?post=11919"},{"taxonomy":"post_tag","embeddable":true,"href":"https:\/\/www.fona.gob.ve\/index.php\/wp-json\/wp\/v2\/tags?post=11919"}],"curies":[{"name":"wp","href":"https:\/\/api.w.org\/{rel}","templated":true}]}}