{"id":11598,"date":"2024-01-05T15:05:54","date_gmt":"2024-01-05T19:05:54","guid":{"rendered":"http:\/\/www.fona.gob.ve\/?p=11598"},"modified":"2024-01-05T15:22:29","modified_gmt":"2024-01-05T19:22:29","slug":"gran-mision-cuadrantes-de-paz-logra-disminucion-de-mas-del-16-indicadores-delictivos","status":"publish","type":"post","link":"https:\/\/www.fona.gob.ve\/index.php\/2024\/01\/05\/gran-mision-cuadrantes-de-paz-logra-disminucion-de-mas-del-16-indicadores-delictivos\/","title":{"rendered":"Gran Misi\u00f3n Cuadrantes de Paz logra disminuci\u00f3n de m\u00e1s del 16% indicadores delictivos"},"content":{"rendered":"\t\t<div data-elementor-type=\"wp-post\" data-elementor-id=\"11598\" class=\"elementor elementor-11598\" data-elementor-post-type=\"post\">\n\t\t\t\t\t\t<section class=\"elementor-section elementor-top-section elementor-element elementor-element-6dc6850 elementor-section-boxed elementor-section-height-default elementor-section-height-default\" data-id=\"6dc6850\" data-element_type=\"section\">\n\t\t\t\t\t\t<div class=\"elementor-container elementor-column-gap-default\">\n\t\t\t\t\t<div class=\"elementor-column elementor-col-100 elementor-top-column elementor-element elementor-element-77366cc0\" data-id=\"77366cc0\" data-element_type=\"column\">\n\t\t\t<div class=\"elementor-widget-wrap elementor-element-populated\">\n\t\t\t\t\t\t<div class=\"elementor-element elementor-element-fa42fcd elementor-widget elementor-widget-image\" data-id=\"fa42fcd\" data-element_type=\"widget\" data-widget_type=\"image.default\">\n\t\t\t\t<div class=\"elementor-widget-container\">\n\t\t\t\t\t\t\t\t\t\t\t\t\t<img fetchpriority=\"high\" decoding=\"async\" width=\"800\" height=\"445\" src=\"https:\/\/www.fona.gob.ve\/wp-content\/uploads\/2024\/01\/SNGR-1-800x445-1.jpeg\" class=\"attachment-large size-large wp-image-11599\" alt=\"\" srcset=\"https:\/\/www.fona.gob.ve\/wp-content\/uploads\/2024\/01\/SNGR-1-800x445-1.jpeg 800w, https:\/\/www.fona.gob.ve\/wp-content\/uploads\/2024\/01\/SNGR-1-800x445-1-300x167.jpeg 300w, https:\/\/www.fona.gob.ve\/wp-content\/uploads\/2024\/01\/SNGR-1-800x445-1-768x427.jpeg 768w, https:\/\/www.fona.gob.ve\/wp-content\/uploads\/2024\/01\/SNGR-1-800x445-1-480x267.jpeg 480w\" sizes=\"(max-width: 800px) 100vw, 800px\" title=\"SNGR-1-800x445\" \/>\t\t\t\t\t\t\t\t\t\t\t\t\t<\/div>\n\t\t\t\t<\/div>\n\t\t\t\t<div class=\"elementor-element elementor-element-4cb910d elementor-widget elementor-widget-text-editor\" data-id=\"4cb910d\" data-element_type=\"widget\" data-widget_type=\"text-editor.default\">\n\t\t\t\t<div class=\"elementor-widget-container\">\n\t\t\t\t\t\t\t<p>Como parte de las pol\u00edticas de seguridad ciudadana aplicadas por el Gobierno Bolivariano para garantizar la paz del pueblo venezolano, el a\u00f1o cerr\u00f3 con un 16,8% de disminuci\u00f3n en los \u00edndices de criminalidad.<\/p><p><span style=\"background-color: initial; color: var( --e-global-color-theme-content-color ); font-family: var( --e-global-typography-theme-main-font-family ), Sans-serif; font-size: var( --e-global-typography-theme-main-font-size ); font-weight: var( --e-global-typography-theme-main-font-weight ); letter-spacing: var( --e-global-typography-theme-main-letter-spacing ); word-spacing: var( --e-global-typography-theme-main-word-spacing );\">As\u00ed lo inform\u00f3 el vicepresidente Sectorial para la Seguridad Ciudadana y la Paz, A\/J Remigio Ceballos Ichaso, quien resalt\u00f3 que este 2023 present\u00f3 una reducci\u00f3n del 21% en el delito de homicidio, lo cual posiciona a Venezuela con una tasa de 5,21 casos por cada 100 mil habitantes.<\/span><\/p><p><span style=\"background-color: initial; color: var( --e-global-color-theme-content-color ); font-family: var( --e-global-typography-theme-main-font-family ), Sans-serif; font-size: var( --e-global-typography-theme-main-font-size ); font-weight: var( --e-global-typography-theme-main-font-weight ); letter-spacing: var( --e-global-typography-theme-main-letter-spacing ); word-spacing: var( --e-global-typography-theme-main-word-spacing );\">Igualmente, otros delitos que mostraron una importante disminuci\u00f3n en este periodo fueron el hurto, con un -21%; el robo, con un -33%; el robo de veh\u00edculos, con un -20%; y el secuestro con un -39%; cifras que dan muestra de la labor preventiva realizada por los \u00f3rganos de seguridad ciudadana para garantizar el goce del derecho a la seguridad contemplado en el art\u00edculo 55 de la Constituci\u00f3n de la Rep\u00fablica Bolivariana de Venezuela.<\/span><\/p><p><span style=\"background-color: initial; color: var( --e-global-color-theme-content-color ); font-family: var( --e-global-typography-theme-main-font-family ), Sans-serif; font-size: var( --e-global-typography-theme-main-font-size ); font-weight: var( --e-global-typography-theme-main-font-weight ); letter-spacing: var( --e-global-typography-theme-main-letter-spacing ); word-spacing: var( --e-global-typography-theme-main-word-spacing );\">\u201cNosotros derivamos el concepto de la seguridad ciudadana del concepto originario del Libertador Sim\u00f3n Bol\u00edvar de la mayor suma de felicidad, la mayor suma de estabilidad pol\u00edtica y la mayor suma de seguridad social\u201d.<\/span><\/p><p><span style=\"background-color: initial; color: var( --e-global-color-theme-content-color ); font-family: var( --e-global-typography-theme-main-font-family ), Sans-serif; font-size: var( --e-global-typography-theme-main-font-size ); font-weight: var( --e-global-typography-theme-main-font-weight ); letter-spacing: var( --e-global-typography-theme-main-letter-spacing ); word-spacing: var( --e-global-typography-theme-main-word-spacing );\">\u00a0<\/span><\/p><p><span style=\"background-color: initial; color: var( --e-global-color-theme-content-color ); font-family: var( --e-global-typography-theme-main-font-family ), Sans-serif; font-size: var( --e-global-typography-theme-main-font-size ); font-weight: var( --e-global-typography-theme-main-font-weight ); letter-spacing: var( --e-global-typography-theme-main-letter-spacing ); word-spacing: var( --e-global-typography-theme-main-word-spacing );\">Prevenci\u00f3n Integral para la Vida y la Paz<\/span><\/p><p><span style=\"background-color: initial; color: var( --e-global-color-theme-content-color ); font-family: var( --e-global-typography-theme-main-font-family ), Sans-serif; font-size: var( --e-global-typography-theme-main-font-size ); font-weight: var( --e-global-typography-theme-main-font-weight ); letter-spacing: var( --e-global-typography-theme-main-letter-spacing ); word-spacing: var( --e-global-typography-theme-main-word-spacing );\">\u00a0<\/span><\/p><p><span style=\"background-color: initial; color: var( --e-global-color-theme-content-color ); font-family: var( --e-global-typography-theme-main-font-family ), Sans-serif; font-size: var( --e-global-typography-theme-main-font-size ); font-weight: var( --e-global-typography-theme-main-font-weight ); letter-spacing: var( --e-global-typography-theme-main-letter-spacing ); word-spacing: var( --e-global-typography-theme-main-word-spacing );\">El tambi\u00e9n Ministro del Poder Popular para Relaciones Interiores, Justicia y Paz, A\/J Remigio Ceballos Ichaso, destac\u00f3 la importancia de la prevenci\u00f3n como herramienta para la consolidaci\u00f3n de la paz. \u201cNosotros seguimos con atenci\u00f3n a lo social, que es uno de los elementos fundamentales que nos ha permitido avanzar en la materia\u201d.<\/span><\/p><p>\u00a0<\/p><p><span style=\"background-color: initial; color: var( --e-global-color-theme-content-color ); font-family: var( --e-global-typography-theme-main-font-family ), Sans-serif; font-size: var( --e-global-typography-theme-main-font-size ); font-weight: var( --e-global-typography-theme-main-font-weight ); letter-spacing: var( --e-global-typography-theme-main-letter-spacing ); word-spacing: var( --e-global-typography-theme-main-word-spacing );\">\u201cEste a\u00f1o realizamos 149 dispositivos de seguridad ciudadana, 18 mil 160 actividades preventivas que abordaron m\u00e1s de 4 millones de personas\u201d, dijo.<\/span><\/p><p><span style=\"background-color: initial; color: var( --e-global-color-theme-content-color ); font-family: var( --e-global-typography-theme-main-font-family ), Sans-serif; font-size: var( --e-global-typography-theme-main-font-size ); font-weight: var( --e-global-typography-theme-main-font-weight ); letter-spacing: var( --e-global-typography-theme-main-letter-spacing ); word-spacing: var( --e-global-typography-theme-main-word-spacing );\">En relaci\u00f3n al despliegue de los Cuadrantes de Paz, el Almirante en Jefe indic\u00f3 que se ha alcanzado la cifra hist\u00f3rica de 3 mil cuadrantes activos, \u201clo cual permite ampliar con fuerza el accionar de los funcionarios y funcionarias en el territorio para garantizar la seguridad\u201d.<\/span><\/p><p><span style=\"background-color: initial; color: var( --e-global-color-theme-content-color ); font-family: var( --e-global-typography-theme-main-font-family ), Sans-serif; font-size: var( --e-global-typography-theme-main-font-size ); font-weight: var( --e-global-typography-theme-main-font-weight ); letter-spacing: var( --e-global-typography-theme-main-letter-spacing ); word-spacing: var( --e-global-typography-theme-main-word-spacing );\">\u00a0<\/span><\/p><p><span style=\"background-color: initial; color: var( --e-global-color-theme-content-color ); font-family: var( --e-global-typography-theme-main-font-family ), Sans-serif; font-size: var( --e-global-typography-theme-main-font-size ); font-weight: var( --e-global-typography-theme-main-font-weight ); letter-spacing: var( --e-global-typography-theme-main-letter-spacing ); word-spacing: var( --e-global-typography-theme-main-word-spacing );\">Lucha contra la delincuencia organizada y fortalecimiento institucional<\/span><\/p><p><span style=\"background-color: initial; color: var( --e-global-color-theme-content-color ); font-family: var( --e-global-typography-theme-main-font-family ), Sans-serif; font-size: var( --e-global-typography-theme-main-font-size ); font-weight: var( --e-global-typography-theme-main-font-weight ); letter-spacing: var( --e-global-typography-theme-main-letter-spacing ); word-spacing: var( --e-global-typography-theme-main-word-spacing );\">\u00a0<\/span><\/p><p><span style=\"background-color: initial; color: var( --e-global-color-theme-content-color ); font-family: var( --e-global-typography-theme-main-font-family ), Sans-serif; font-size: var( --e-global-typography-theme-main-font-size ); font-weight: var( --e-global-typography-theme-main-font-weight ); letter-spacing: var( --e-global-typography-theme-main-letter-spacing ); word-spacing: var( --e-global-typography-theme-main-word-spacing );\">En el a\u00f1o 2023, un total de 52 toneladas de drogas fueron incautadas en un total de 11.756 procedimientos, gracias a la Uni\u00f3n C\u00edvico Militar Policial, lo que representa un 26,91% m\u00e1s en este tipo de acciones antidrogas, en comparaci\u00f3n al mismo periodo del 2022.<\/span><\/p><p><span style=\"background-color: initial; color: var( --e-global-color-theme-content-color ); font-family: var( --e-global-typography-theme-main-font-family ), Sans-serif; font-size: var( --e-global-typography-theme-main-font-size ); font-weight: var( --e-global-typography-theme-main-font-weight ); letter-spacing: var( --e-global-typography-theme-main-letter-spacing ); word-spacing: var( --e-global-typography-theme-main-word-spacing );\">Igualmente, Ceballos Ichaso celebr\u00f3 los resultados de la Operaci\u00f3n Gran Cacique Guaicaipuro, exitoso despliegue policial en los \u00faltimos siete centros penitenciarios que estaban bajo control de las mafias carcelarias.<\/span><\/p><p><span style=\"background-color: initial; color: var( --e-global-color-theme-content-color ); font-family: var( --e-global-typography-theme-main-font-family ), Sans-serif; font-size: var( --e-global-typography-theme-main-font-size ); font-weight: var( --e-global-typography-theme-main-font-weight ); letter-spacing: var( --e-global-typography-theme-main-letter-spacing ); word-spacing: var( --e-global-typography-theme-main-word-spacing );\">\u201cSe acabaron los planes y esos centros del delito y del crimen (\u2026) le quitamos la estrategia que ten\u00edan de perturbar la paz del pa\u00eds\u201d, dijo.<\/span><\/p><p><span style=\"background-color: initial; color: var( --e-global-color-theme-content-color ); font-family: var( --e-global-typography-theme-main-font-family ), Sans-serif; font-size: var( --e-global-typography-theme-main-font-size ); font-weight: var( --e-global-typography-theme-main-font-weight ); letter-spacing: var( --e-global-typography-theme-main-letter-spacing ); word-spacing: var( --e-global-typography-theme-main-word-spacing );\">En materia de dotaci\u00f3n, y gracias a los recursos aprobados por el presidente de la Rep\u00fablica Bolivariana de Venezuela, Nicol\u00e1s Maduro Moros, se entregaron 2 mil 903 unidades vehiculares y motocicletas nuevas y fueron reasignadas 5 mil armas de fuego recuperadas de las calles; a fin de potenciar la capacidad operativa de los \u00f3rganos de seguridad ciudadana.<\/span><\/p><p><span style=\"background-color: initial; color: var( --e-global-color-theme-content-color ); font-family: var( --e-global-typography-theme-main-font-family ), Sans-serif; font-size: var( --e-global-typography-theme-main-font-size ); font-weight: var( --e-global-typography-theme-main-font-weight ); letter-spacing: var( --e-global-typography-theme-main-letter-spacing ); word-spacing: var( --e-global-typography-theme-main-word-spacing );\">\u00a0<\/span><\/p><p><span style=\"background-color: initial; color: var( --e-global-color-theme-content-color ); font-family: var( --e-global-typography-theme-main-font-family ), Sans-serif; font-size: var( --e-global-typography-theme-main-font-size ); font-weight: var( --e-global-typography-theme-main-font-weight ); letter-spacing: var( --e-global-typography-theme-main-letter-spacing ); word-spacing: var( --e-global-typography-theme-main-word-spacing );\">Gesti\u00f3n de riesgo en acci\u00f3n<\/span><\/p><p><span style=\"background-color: initial; color: var( --e-global-color-theme-content-color ); font-family: var( --e-global-typography-theme-main-font-family ), Sans-serif; font-size: var( --e-global-typography-theme-main-font-size ); font-weight: var( --e-global-typography-theme-main-font-weight ); letter-spacing: var( --e-global-typography-theme-main-letter-spacing ); word-spacing: var( --e-global-typography-theme-main-word-spacing );\">Sobre la actuaci\u00f3n de los \u00f3rganos del Sistema Nacional de Gesti\u00f3n de Riesgo, este 2023 la Fuerza de Tarea Humanitaria GJ Sim\u00f3n Bol\u00edvar parti\u00f3 6 veces hacia el extranjero para brindar ayuda t\u00e9cnica y en materia de protecci\u00f3n civil durante los eventos s\u00edsmicos ocurridos en Siria y Turqu\u00eda, as\u00ed como los incendios forestales de Chile y Bolivia.<\/span><\/p><p>\u00a0<\/p><p><span style=\"background-color: initial; color: var( --e-global-color-theme-content-color ); font-family: var( --e-global-typography-theme-main-font-family ), Sans-serif; font-size: var( --e-global-typography-theme-main-font-size ); font-weight: var( --e-global-typography-theme-main-font-weight ); letter-spacing: var( --e-global-typography-theme-main-letter-spacing ); word-spacing: var( --e-global-typography-theme-main-word-spacing );\">\u201cInstalamos 100 estaciones AURORA del Inameh como parte del Sistema de Alertas Tempranas (\u2026) este a\u00f1o tuvimos afectaciones importantes por las lluvias, efecto del cambio clim\u00e1tico, por lo que fueron atendidos 12 estados por afectaciones directas en este periodo meteorol\u00f3gico \u201d, indic\u00f3 el titular de la cartera de Seguridad Ciudadana.<\/span><\/p><p><span style=\"background-color: initial; color: var( --e-global-color-theme-content-color ); font-family: var( --e-global-typography-theme-main-font-family ), Sans-serif; font-size: var( --e-global-typography-theme-main-font-size ); font-weight: var( --e-global-typography-theme-main-font-weight ); letter-spacing: var( --e-global-typography-theme-main-letter-spacing ); word-spacing: var( --e-global-typography-theme-main-word-spacing );\">En la atenci\u00f3n de emergencias civiles, fueron realizados 96.641 traslados en ambulancia; 96.500 atenciones param\u00e9dicas; 82 salvamentos de inmersi\u00f3n; 1.111 rescate de personas; a su vez que se controlaron 12 mil 854 incendios; acciones que dan muestra del trabajo de los cuerpos de bomberos en el pa\u00eds.<\/span><\/p><p><span style=\"background-color: initial; color: var( --e-global-color-theme-content-color ); font-family: var( --e-global-typography-theme-main-font-family ), Sans-serif; font-size: var( --e-global-typography-theme-main-font-size ); font-weight: var( --e-global-typography-theme-main-font-weight ); letter-spacing: var( --e-global-typography-theme-main-letter-spacing ); word-spacing: var( --e-global-typography-theme-main-word-spacing );\">\u00a0<\/span><\/p><p><span style=\"background-color: initial; color: var( --e-global-color-theme-content-color ); font-family: var( --e-global-typography-theme-main-font-family ), Sans-serif; font-size: var( --e-global-typography-theme-main-font-size ); font-weight: var( --e-global-typography-theme-main-font-weight ); letter-spacing: var( --e-global-typography-theme-main-letter-spacing ); word-spacing: var( --e-global-typography-theme-main-word-spacing );\">Formaci\u00f3n para la paz<\/span><\/p><p><span style=\"background-color: initial; color: var( --e-global-color-theme-content-color ); font-family: var( --e-global-typography-theme-main-font-family ), Sans-serif; font-size: var( --e-global-typography-theme-main-font-size ); font-weight: var( --e-global-typography-theme-main-font-weight ); letter-spacing: var( --e-global-typography-theme-main-letter-spacing ); word-spacing: var( --e-global-typography-theme-main-word-spacing );\">\u00a0<\/span><\/p><p><span style=\"background-color: initial; color: var( --e-global-color-theme-content-color ); font-family: var( --e-global-typography-theme-main-font-family ), Sans-serif; font-size: var( --e-global-typography-theme-main-font-size ); font-weight: var( --e-global-typography-theme-main-font-weight ); letter-spacing: var( --e-global-typography-theme-main-letter-spacing ); word-spacing: var( --e-global-typography-theme-main-word-spacing );\">En el a\u00f1o 2023, un total de 71 mil 560 nuevos profesionales egresaron de la Universidad Nacional Experimental de la Seguridad (UNES) en diversos Programas de Formaci\u00f3n como Servicio Policial, Investigaci\u00f3n Penal, Criminal\u00edstica, Ciencias del Fuego, Protecci\u00f3n Civil y Administraci\u00f3n de Emergencias, entre otros.<\/span><\/p><p><span style=\"background-color: initial; color: var( --e-global-color-theme-content-color ); font-family: var( --e-global-typography-theme-main-font-family ), Sans-serif; font-size: var( --e-global-typography-theme-main-font-size ); font-weight: var( --e-global-typography-theme-main-font-weight ); letter-spacing: var( --e-global-typography-theme-main-letter-spacing ); word-spacing: var( --e-global-typography-theme-main-word-spacing );\">Igualmente, destac\u00f3 la creaci\u00f3n de los Programas Nacionales de Formaci\u00f3n en Criminolog\u00eda y en Ingenier\u00eda Estructural de Seguridad Contra Incendios.<\/span><\/p><p><span style=\"background-color: initial; color: var( --e-global-color-theme-content-color ); font-family: var( --e-global-typography-theme-main-font-family ), Sans-serif; font-size: var( --e-global-typography-theme-main-font-size ); font-weight: var( --e-global-typography-theme-main-font-weight ); letter-spacing: var( --e-global-typography-theme-main-letter-spacing ); word-spacing: var( --e-global-typography-theme-main-word-spacing );\">\u201cLa consolidaci\u00f3n de la paz, el combate directo al delito, el respeto de los derechos humanos y la garant\u00eda de la dignidad de la persona es un elemento fundamental para el desarrollo y mantenimiento del estado de bienestar de nuestro pueblo (\u2026) avancemos en esa direcci\u00f3n sin descanso\u201d, finaliz\u00f3 el Almirante en Jefe.<\/span><\/p><p><span style=\"background-color: initial; color: var( --e-global-color-theme-content-color ); font-family: var( --e-global-typography-theme-main-font-family ), Sans-serif; font-size: var( --e-global-typography-theme-main-font-size ); font-weight: var( --e-global-typography-theme-main-font-weight ); letter-spacing: var( --e-global-typography-theme-main-letter-spacing ); word-spacing: var( --e-global-typography-theme-main-word-spacing );\">\u00a0<\/span><\/p><p><span style=\"background-color: initial; color: var( --e-global-color-theme-content-color ); font-family: var( --e-global-typography-theme-main-font-family ), Sans-serif; font-size: var( --e-global-typography-theme-main-font-size ); font-weight: var( --e-global-typography-theme-main-font-weight ); letter-spacing: var( --e-global-typography-theme-main-letter-spacing ); word-spacing: var( --e-global-typography-theme-main-word-spacing );\">R: MPPRIJP<\/span><\/p>\t\t\t\t\t\t<\/div>\n\t\t\t\t<\/div>\n\t\t\t\t\t<\/div>\n\t\t<\/div>\n\t\t\t\t\t<\/div>\n\t\t<\/section>\n\t\t\t\t<\/div>\n\t\t","protected":false},"excerpt":{"rendered":"<p>Como parte de las pol\u00edticas de seguridad ciudadana aplicadas por el Gobierno Bolivariano para garantizar la paz del pueblo venezolano, el a\u00f1o cerr\u00f3 con un 16,8% de disminuci\u00f3n en los \u00edndices de criminalidad. As\u00ed lo inform\u00f3 el vicepresidente Sectorial para la Seguridad Ciudadana y la Paz, A\/J Remigio Ceballos Ichaso, quien resalt\u00f3 que este 2023 [&hellip;]<\/p>\n","protected":false},"author":2,"featured_media":11599,"comment_status":"closed","ping_status":"closed","sticky":false,"template":"","format":"standard","meta":{"footnotes":""},"categories":[58],"tags":[],"class_list":["post-11598","post","type-post","status-publish","format-standard","has-post-thumbnail","hentry","category-noticias"],"yoast_head":"<!-- This site is optimized with the Yoast SEO plugin v26.4 - https:\/\/yoast.com\/wordpress\/plugins\/seo\/ -->\n<title>Gran Misi\u00f3n Cuadrantes de Paz logra disminuci\u00f3n de m\u00e1s del 16% indicadores delictivos - Fondo Nacional Antidrogas<\/title>\n<meta name=\"robots\" content=\"index, follow, max-snippet:-1, max-image-preview:large, max-video-preview:-1\" \/>\n<link rel=\"canonical\" href=\"https:\/\/www.fona.gob.ve\/index.php\/2024\/01\/05\/gran-mision-cuadrantes-de-paz-logra-disminucion-de-mas-del-16-indicadores-delictivos\/\" \/>\n<meta property=\"og:locale\" content=\"es_ES\" \/>\n<meta property=\"og:type\" content=\"article\" \/>\n<meta property=\"og:title\" content=\"Gran Misi\u00f3n Cuadrantes de Paz logra disminuci\u00f3n de m\u00e1s del 16% indicadores delictivos - Fondo Nacional Antidrogas\" \/>\n<meta property=\"og:description\" content=\"Como parte de las pol\u00edticas de seguridad ciudadana aplicadas por el Gobierno Bolivariano para garantizar la paz del pueblo venezolano, el a\u00f1o cerr\u00f3 con un 16,8% de disminuci\u00f3n en los \u00edndices de criminalidad. As\u00ed lo inform\u00f3 el vicepresidente Sectorial para la Seguridad Ciudadana y la Paz, A\/J Remigio Ceballos Ichaso, quien resalt\u00f3 que este 2023 [&hellip;]\" \/>\n<meta property=\"og:url\" content=\"https:\/\/www.fona.gob.ve\/index.php\/2024\/01\/05\/gran-mision-cuadrantes-de-paz-logra-disminucion-de-mas-del-16-indicadores-delictivos\/\" \/>\n<meta property=\"og:site_name\" content=\"Fondo Nacional Antidrogas\" \/>\n<meta property=\"article:published_time\" content=\"2024-01-05T19:05:54+00:00\" \/>\n<meta property=\"article:modified_time\" content=\"2024-01-05T19:22:29+00:00\" \/>\n<meta property=\"og:image\" content=\"https:\/\/www.fona.gob.ve\/wp-content\/uploads\/2024\/01\/SNGR-1-800x445-1.jpeg\" \/>\n\t<meta property=\"og:image:width\" content=\"800\" \/>\n\t<meta property=\"og:image:height\" content=\"445\" \/>\n\t<meta property=\"og:image:type\" content=\"image\/jpeg\" \/>\n<meta name=\"author\" content=\"prensa prensa\" \/>\n<meta name=\"twitter:card\" content=\"summary_large_image\" \/>\n<meta name=\"twitter:label1\" content=\"Escrito por\" \/>\n\t<meta name=\"twitter:data1\" content=\"prensa prensa\" \/>\n\t<meta name=\"twitter:label2\" content=\"Tiempo de lectura\" \/>\n\t<meta name=\"twitter:data2\" content=\"4 minutos\" \/>\n<script type=\"application\/ld+json\" class=\"yoast-schema-graph\">{\"@context\":\"https:\/\/schema.org\",\"@graph\":[{\"@type\":\"Article\",\"@id\":\"https:\/\/www.fona.gob.ve\/index.php\/2024\/01\/05\/gran-mision-cuadrantes-de-paz-logra-disminucion-de-mas-del-16-indicadores-delictivos\/#article\",\"isPartOf\":{\"@id\":\"https:\/\/www.fona.gob.ve\/index.php\/2024\/01\/05\/gran-mision-cuadrantes-de-paz-logra-disminucion-de-mas-del-16-indicadores-delictivos\/\"},\"author\":{\"name\":\"prensa prensa\",\"@id\":\"https:\/\/www.fona.gob.ve\/#\/schema\/person\/887f0d86a3d016ef9df002d3603dd736\"},\"headline\":\"Gran Misi\u00f3n Cuadrantes de Paz logra disminuci\u00f3n de m\u00e1s del 16% indicadores delictivos\",\"datePublished\":\"2024-01-05T19:05:54+00:00\",\"dateModified\":\"2024-01-05T19:22:29+00:00\",\"mainEntityOfPage\":{\"@id\":\"https:\/\/www.fona.gob.ve\/index.php\/2024\/01\/05\/gran-mision-cuadrantes-de-paz-logra-disminucion-de-mas-del-16-indicadores-delictivos\/\"},\"wordCount\":807,\"publisher\":{\"@id\":\"https:\/\/www.fona.gob.ve\/#organization\"},\"image\":{\"@id\":\"https:\/\/www.fona.gob.ve\/index.php\/2024\/01\/05\/gran-mision-cuadrantes-de-paz-logra-disminucion-de-mas-del-16-indicadores-delictivos\/#primaryimage\"},\"thumbnailUrl\":\"https:\/\/www.fona.gob.ve\/wp-content\/uploads\/2024\/01\/SNGR-1-800x445-1.jpeg\",\"articleSection\":[\"Noticias\"],\"inLanguage\":\"es\"},{\"@type\":\"WebPage\",\"@id\":\"https:\/\/www.fona.gob.ve\/index.php\/2024\/01\/05\/gran-mision-cuadrantes-de-paz-logra-disminucion-de-mas-del-16-indicadores-delictivos\/\",\"url\":\"https:\/\/www.fona.gob.ve\/index.php\/2024\/01\/05\/gran-mision-cuadrantes-de-paz-logra-disminucion-de-mas-del-16-indicadores-delictivos\/\",\"name\":\"Gran Misi\u00f3n Cuadrantes de Paz logra disminuci\u00f3n de m\u00e1s del 16% indicadores delictivos - Fondo Nacional Antidrogas\",\"isPartOf\":{\"@id\":\"https:\/\/www.fona.gob.ve\/#website\"},\"primaryImageOfPage\":{\"@id\":\"https:\/\/www.fona.gob.ve\/index.php\/2024\/01\/05\/gran-mision-cuadrantes-de-paz-logra-disminucion-de-mas-del-16-indicadores-delictivos\/#primaryimage\"},\"image\":{\"@id\":\"https:\/\/www.fona.gob.ve\/index.php\/2024\/01\/05\/gran-mision-cuadrantes-de-paz-logra-disminucion-de-mas-del-16-indicadores-delictivos\/#primaryimage\"},\"thumbnailUrl\":\"https:\/\/www.fona.gob.ve\/wp-content\/uploads\/2024\/01\/SNGR-1-800x445-1.jpeg\",\"datePublished\":\"2024-01-05T19:05:54+00:00\",\"dateModified\":\"2024-01-05T19:22:29+00:00\",\"breadcrumb\":{\"@id\":\"https:\/\/www.fona.gob.ve\/index.php\/2024\/01\/05\/gran-mision-cuadrantes-de-paz-logra-disminucion-de-mas-del-16-indicadores-delictivos\/#breadcrumb\"},\"inLanguage\":\"es\",\"potentialAction\":[{\"@type\":\"ReadAction\",\"target\":[\"https:\/\/www.fona.gob.ve\/index.php\/2024\/01\/05\/gran-mision-cuadrantes-de-paz-logra-disminucion-de-mas-del-16-indicadores-delictivos\/\"]}]},{\"@type\":\"ImageObject\",\"inLanguage\":\"es\",\"@id\":\"https:\/\/www.fona.gob.ve\/index.php\/2024\/01\/05\/gran-mision-cuadrantes-de-paz-logra-disminucion-de-mas-del-16-indicadores-delictivos\/#primaryimage\",\"url\":\"https:\/\/www.fona.gob.ve\/wp-content\/uploads\/2024\/01\/SNGR-1-800x445-1.jpeg\",\"contentUrl\":\"https:\/\/www.fona.gob.ve\/wp-content\/uploads\/2024\/01\/SNGR-1-800x445-1.jpeg\",\"width\":800,\"height\":445},{\"@type\":\"BreadcrumbList\",\"@id\":\"https:\/\/www.fona.gob.ve\/index.php\/2024\/01\/05\/gran-mision-cuadrantes-de-paz-logra-disminucion-de-mas-del-16-indicadores-delictivos\/#breadcrumb\",\"itemListElement\":[{\"@type\":\"ListItem\",\"position\":1,\"name\":\"Portada\",\"item\":\"https:\/\/www.fona.gob.ve\/\"},{\"@type\":\"ListItem\",\"position\":2,\"name\":\"Gran Misi\u00f3n Cuadrantes de Paz logra disminuci\u00f3n de m\u00e1s del 16% indicadores delictivos\"}]},{\"@type\":\"WebSite\",\"@id\":\"https:\/\/www.fona.gob.ve\/#website\",\"url\":\"https:\/\/www.fona.gob.ve\/\",\"name\":\"Fondo Nacional Antidrogas\",\"description\":\"Conoce las acciones, programas y pol\u00edticas del Fondo Nacional Antidrogas (FONA) orientadas a la prevenci\u00f3n, atenci\u00f3n integral y lucha contra el consumo de drogas en Venezuela. Informaci\u00f3n oficial y actualizada.\",\"publisher\":{\"@id\":\"https:\/\/www.fona.gob.ve\/#organization\"},\"potentialAction\":[{\"@type\":\"SearchAction\",\"target\":{\"@type\":\"EntryPoint\",\"urlTemplate\":\"https:\/\/www.fona.gob.ve\/?s={search_term_string}\"},\"query-input\":{\"@type\":\"PropertyValueSpecification\",\"valueRequired\":true,\"valueName\":\"search_term_string\"}}],\"inLanguage\":\"es\"},{\"@type\":\"Organization\",\"@id\":\"https:\/\/www.fona.gob.ve\/#organization\",\"name\":\"Fondo Nacional Antidrogas\",\"url\":\"https:\/\/www.fona.gob.ve\/\",\"logo\":{\"@type\":\"ImageObject\",\"inLanguage\":\"es\",\"@id\":\"https:\/\/www.fona.gob.ve\/#\/schema\/logo\/image\/\",\"url\":\"https:\/\/www.fona.gob.ve\/wp-content\/uploads\/2025\/04\/fona.jpeg\",\"contentUrl\":\"https:\/\/www.fona.gob.ve\/wp-content\/uploads\/2025\/04\/fona.jpeg\",\"width\":1200,\"height\":1200,\"caption\":\"Fondo Nacional Antidrogas\"},\"image\":{\"@id\":\"https:\/\/www.fona.gob.ve\/#\/schema\/logo\/image\/\"}},{\"@type\":\"Person\",\"@id\":\"https:\/\/www.fona.gob.ve\/#\/schema\/person\/887f0d86a3d016ef9df002d3603dd736\",\"name\":\"prensa prensa\",\"sameAs\":[\"https:\/\/fona.gob.ve\"],\"url\":\"https:\/\/www.fona.gob.ve\/index.php\/author\/prensa\/\"}]}<\/script>\n<!-- \/ Yoast SEO plugin. -->","yoast_head_json":{"title":"Gran Misi\u00f3n Cuadrantes de Paz logra disminuci\u00f3n de m\u00e1s del 16% indicadores delictivos - Fondo Nacional Antidrogas","robots":{"index":"index","follow":"follow","max-snippet":"max-snippet:-1","max-image-preview":"max-image-preview:large","max-video-preview":"max-video-preview:-1"},"canonical":"https:\/\/www.fona.gob.ve\/index.php\/2024\/01\/05\/gran-mision-cuadrantes-de-paz-logra-disminucion-de-mas-del-16-indicadores-delictivos\/","og_locale":"es_ES","og_type":"article","og_title":"Gran Misi\u00f3n Cuadrantes de Paz logra disminuci\u00f3n de m\u00e1s del 16% indicadores delictivos - Fondo Nacional Antidrogas","og_description":"Como parte de las pol\u00edticas de seguridad ciudadana aplicadas por el Gobierno Bolivariano para garantizar la paz del pueblo venezolano, el a\u00f1o cerr\u00f3 con un 16,8% de disminuci\u00f3n en los \u00edndices de criminalidad. As\u00ed lo inform\u00f3 el vicepresidente Sectorial para la Seguridad Ciudadana y la Paz, A\/J Remigio Ceballos Ichaso, quien resalt\u00f3 que este 2023 [&hellip;]","og_url":"https:\/\/www.fona.gob.ve\/index.php\/2024\/01\/05\/gran-mision-cuadrantes-de-paz-logra-disminucion-de-mas-del-16-indicadores-delictivos\/","og_site_name":"Fondo Nacional Antidrogas","article_published_time":"2024-01-05T19:05:54+00:00","article_modified_time":"2024-01-05T19:22:29+00:00","og_image":[{"width":800,"height":445,"url":"https:\/\/www.fona.gob.ve\/wp-content\/uploads\/2024\/01\/SNGR-1-800x445-1.jpeg","type":"image\/jpeg"}],"author":"prensa prensa","twitter_card":"summary_large_image","twitter_misc":{"Escrito por":"prensa prensa","Tiempo de lectura":"4 minutos"},"schema":{"@context":"https:\/\/schema.org","@graph":[{"@type":"Article","@id":"https:\/\/www.fona.gob.ve\/index.php\/2024\/01\/05\/gran-mision-cuadrantes-de-paz-logra-disminucion-de-mas-del-16-indicadores-delictivos\/#article","isPartOf":{"@id":"https:\/\/www.fona.gob.ve\/index.php\/2024\/01\/05\/gran-mision-cuadrantes-de-paz-logra-disminucion-de-mas-del-16-indicadores-delictivos\/"},"author":{"name":"prensa prensa","@id":"https:\/\/www.fona.gob.ve\/#\/schema\/person\/887f0d86a3d016ef9df002d3603dd736"},"headline":"Gran Misi\u00f3n Cuadrantes de Paz logra disminuci\u00f3n de m\u00e1s del 16% indicadores delictivos","datePublished":"2024-01-05T19:05:54+00:00","dateModified":"2024-01-05T19:22:29+00:00","mainEntityOfPage":{"@id":"https:\/\/www.fona.gob.ve\/index.php\/2024\/01\/05\/gran-mision-cuadrantes-de-paz-logra-disminucion-de-mas-del-16-indicadores-delictivos\/"},"wordCount":807,"publisher":{"@id":"https:\/\/www.fona.gob.ve\/#organization"},"image":{"@id":"https:\/\/www.fona.gob.ve\/index.php\/2024\/01\/05\/gran-mision-cuadrantes-de-paz-logra-disminucion-de-mas-del-16-indicadores-delictivos\/#primaryimage"},"thumbnailUrl":"https:\/\/www.fona.gob.ve\/wp-content\/uploads\/2024\/01\/SNGR-1-800x445-1.jpeg","articleSection":["Noticias"],"inLanguage":"es"},{"@type":"WebPage","@id":"https:\/\/www.fona.gob.ve\/index.php\/2024\/01\/05\/gran-mision-cuadrantes-de-paz-logra-disminucion-de-mas-del-16-indicadores-delictivos\/","url":"https:\/\/www.fona.gob.ve\/index.php\/2024\/01\/05\/gran-mision-cuadrantes-de-paz-logra-disminucion-de-mas-del-16-indicadores-delictivos\/","name":"Gran Misi\u00f3n Cuadrantes de Paz logra disminuci\u00f3n de m\u00e1s del 16% indicadores delictivos - Fondo Nacional Antidrogas","isPartOf":{"@id":"https:\/\/www.fona.gob.ve\/#website"},"primaryImageOfPage":{"@id":"https:\/\/www.fona.gob.ve\/index.php\/2024\/01\/05\/gran-mision-cuadrantes-de-paz-logra-disminucion-de-mas-del-16-indicadores-delictivos\/#primaryimage"},"image":{"@id":"https:\/\/www.fona.gob.ve\/index.php\/2024\/01\/05\/gran-mision-cuadrantes-de-paz-logra-disminucion-de-mas-del-16-indicadores-delictivos\/#primaryimage"},"thumbnailUrl":"https:\/\/www.fona.gob.ve\/wp-content\/uploads\/2024\/01\/SNGR-1-800x445-1.jpeg","datePublished":"2024-01-05T19:05:54+00:00","dateModified":"2024-01-05T19:22:29+00:00","breadcrumb":{"@id":"https:\/\/www.fona.gob.ve\/index.php\/2024\/01\/05\/gran-mision-cuadrantes-de-paz-logra-disminucion-de-mas-del-16-indicadores-delictivos\/#breadcrumb"},"inLanguage":"es","potentialAction":[{"@type":"ReadAction","target":["https:\/\/www.fona.gob.ve\/index.php\/2024\/01\/05\/gran-mision-cuadrantes-de-paz-logra-disminucion-de-mas-del-16-indicadores-delictivos\/"]}]},{"@type":"ImageObject","inLanguage":"es","@id":"https:\/\/www.fona.gob.ve\/index.php\/2024\/01\/05\/gran-mision-cuadrantes-de-paz-logra-disminucion-de-mas-del-16-indicadores-delictivos\/#primaryimage","url":"https:\/\/www.fona.gob.ve\/wp-content\/uploads\/2024\/01\/SNGR-1-800x445-1.jpeg","contentUrl":"https:\/\/www.fona.gob.ve\/wp-content\/uploads\/2024\/01\/SNGR-1-800x445-1.jpeg","width":800,"height":445},{"@type":"BreadcrumbList","@id":"https:\/\/www.fona.gob.ve\/index.php\/2024\/01\/05\/gran-mision-cuadrantes-de-paz-logra-disminucion-de-mas-del-16-indicadores-delictivos\/#breadcrumb","itemListElement":[{"@type":"ListItem","position":1,"name":"Portada","item":"https:\/\/www.fona.gob.ve\/"},{"@type":"ListItem","position":2,"name":"Gran Misi\u00f3n Cuadrantes de Paz logra disminuci\u00f3n de m\u00e1s del 16% indicadores delictivos"}]},{"@type":"WebSite","@id":"https:\/\/www.fona.gob.ve\/#website","url":"https:\/\/www.fona.gob.ve\/","name":"Fondo Nacional Antidrogas","description":"Conoce las acciones, programas y pol\u00edticas del Fondo Nacional Antidrogas (FONA) orientadas a la prevenci\u00f3n, atenci\u00f3n integral y lucha contra el consumo de drogas en Venezuela. Informaci\u00f3n oficial y actualizada.","publisher":{"@id":"https:\/\/www.fona.gob.ve\/#organization"},"potentialAction":[{"@type":"SearchAction","target":{"@type":"EntryPoint","urlTemplate":"https:\/\/www.fona.gob.ve\/?s={search_term_string}"},"query-input":{"@type":"PropertyValueSpecification","valueRequired":true,"valueName":"search_term_string"}}],"inLanguage":"es"},{"@type":"Organization","@id":"https:\/\/www.fona.gob.ve\/#organization","name":"Fondo Nacional Antidrogas","url":"https:\/\/www.fona.gob.ve\/","logo":{"@type":"ImageObject","inLanguage":"es","@id":"https:\/\/www.fona.gob.ve\/#\/schema\/logo\/image\/","url":"https:\/\/www.fona.gob.ve\/wp-content\/uploads\/2025\/04\/fona.jpeg","contentUrl":"https:\/\/www.fona.gob.ve\/wp-content\/uploads\/2025\/04\/fona.jpeg","width":1200,"height":1200,"caption":"Fondo Nacional Antidrogas"},"image":{"@id":"https:\/\/www.fona.gob.ve\/#\/schema\/logo\/image\/"}},{"@type":"Person","@id":"https:\/\/www.fona.gob.ve\/#\/schema\/person\/887f0d86a3d016ef9df002d3603dd736","name":"prensa prensa","sameAs":["https:\/\/fona.gob.ve"],"url":"https:\/\/www.fona.gob.ve\/index.php\/author\/prensa\/"}]}},"_links":{"self":[{"href":"https:\/\/www.fona.gob.ve\/index.php\/wp-json\/wp\/v2\/posts\/11598","targetHints":{"allow":["GET"]}}],"collection":[{"href":"https:\/\/www.fona.gob.ve\/index.php\/wp-json\/wp\/v2\/posts"}],"about":[{"href":"https:\/\/www.fona.gob.ve\/index.php\/wp-json\/wp\/v2\/types\/post"}],"author":[{"embeddable":true,"href":"https:\/\/www.fona.gob.ve\/index.php\/wp-json\/wp\/v2\/users\/2"}],"replies":[{"embeddable":true,"href":"https:\/\/www.fona.gob.ve\/index.php\/wp-json\/wp\/v2\/comments?post=11598"}],"version-history":[{"count":4,"href":"https:\/\/www.fona.gob.ve\/index.php\/wp-json\/wp\/v2\/posts\/11598\/revisions"}],"predecessor-version":[{"id":11603,"href":"https:\/\/www.fona.gob.ve\/index.php\/wp-json\/wp\/v2\/posts\/11598\/revisions\/11603"}],"wp:featuredmedia":[{"embeddable":true,"href":"https:\/\/www.fona.gob.ve\/index.php\/wp-json\/wp\/v2\/media\/11599"}],"wp:attachment":[{"href":"https:\/\/www.fona.gob.ve\/index.php\/wp-json\/wp\/v2\/media?parent=11598"}],"wp:term":[{"taxonomy":"category","embeddable":true,"href":"https:\/\/www.fona.gob.ve\/index.php\/wp-json\/wp\/v2\/categories?post=11598"},{"taxonomy":"post_tag","embeddable":true,"href":"https:\/\/www.fona.gob.ve\/index.php\/wp-json\/wp\/v2\/tags?post=11598"}],"curies":[{"name":"wp","href":"https:\/\/api.w.org\/{rel}","templated":true}]}}