{"id":11443,"date":"2023-09-07T17:30:41","date_gmt":"2023-09-07T21:30:41","guid":{"rendered":"http:\/\/www.fona.gob.ve\/?p=11443"},"modified":"2023-09-07T17:32:16","modified_gmt":"2023-09-07T21:32:16","slug":"difunden-protocolos-de-actuacion-para-el-fortalecimiento-de-la-investigacion-penal-en-el-pais","status":"publish","type":"post","link":"https:\/\/www.fona.gob.ve\/index.php\/2023\/09\/07\/difunden-protocolos-de-actuacion-para-el-fortalecimiento-de-la-investigacion-penal-en-el-pais\/","title":{"rendered":"Difunden protocolos de actuaci\u00f3n para el fortalecimiento de la investigaci\u00f3n penal en el pa\u00eds"},"content":{"rendered":"\t\t<div data-elementor-type=\"wp-post\" data-elementor-id=\"11443\" class=\"elementor elementor-11443\" data-elementor-post-type=\"post\">\n\t\t\t\t\t\t<section class=\"elementor-section elementor-top-section elementor-element elementor-element-5e54390f elementor-section-boxed elementor-section-height-default elementor-section-height-default\" data-id=\"5e54390f\" data-element_type=\"section\">\n\t\t\t\t\t\t<div class=\"elementor-container elementor-column-gap-default\">\n\t\t\t\t\t<div class=\"elementor-column elementor-col-100 elementor-top-column elementor-element elementor-element-60eda1b6\" data-id=\"60eda1b6\" data-element_type=\"column\">\n\t\t\t<div class=\"elementor-widget-wrap elementor-element-populated\">\n\t\t\t\t\t\t<div class=\"elementor-element elementor-element-ded1ce0 elementor-widget elementor-widget-image\" data-id=\"ded1ce0\" data-element_type=\"widget\" data-widget_type=\"image.default\">\n\t\t\t\t<div class=\"elementor-widget-container\">\n\t\t\t\t\t\t\t\t\t\t\t\t\t<img fetchpriority=\"high\" decoding=\"async\" width=\"800\" height=\"445\" src=\"https:\/\/www.fona.gob.ve\/wp-content\/uploads\/2023\/09\/Difunden-protocolos-de-actuacion-para-el-fortalecimiento-de-la-investigacion-penal-en-el-pais-2-800x445-1.jpeg\" class=\"attachment-large size-large wp-image-11444\" alt=\"\" srcset=\"https:\/\/www.fona.gob.ve\/wp-content\/uploads\/2023\/09\/Difunden-protocolos-de-actuacion-para-el-fortalecimiento-de-la-investigacion-penal-en-el-pais-2-800x445-1.jpeg 800w, https:\/\/www.fona.gob.ve\/wp-content\/uploads\/2023\/09\/Difunden-protocolos-de-actuacion-para-el-fortalecimiento-de-la-investigacion-penal-en-el-pais-2-800x445-1-300x167.jpeg 300w, https:\/\/www.fona.gob.ve\/wp-content\/uploads\/2023\/09\/Difunden-protocolos-de-actuacion-para-el-fortalecimiento-de-la-investigacion-penal-en-el-pais-2-800x445-1-768x427.jpeg 768w, https:\/\/www.fona.gob.ve\/wp-content\/uploads\/2023\/09\/Difunden-protocolos-de-actuacion-para-el-fortalecimiento-de-la-investigacion-penal-en-el-pais-2-800x445-1-480x267.jpeg 480w\" sizes=\"(max-width: 800px) 100vw, 800px\" title=\"Difunden-protocolos-de-actuaci\u00f3n-para-el-fortalecimiento-de-la-investigaci\u00f3n-penal-en-el-pa\u00eds-2-800x445\" \/>\t\t\t\t\t\t\t\t\t\t\t\t\t<\/div>\n\t\t\t\t<\/div>\n\t\t\t\t<div class=\"elementor-element elementor-element-82512c5 elementor-widget elementor-widget-text-editor\" data-id=\"82512c5\" data-element_type=\"widget\" data-widget_type=\"text-editor.default\">\n\t\t\t\t<div class=\"elementor-widget-container\">\n\t\t\t\t\t\t\t<p>Como parte de las acciones para la transformaci\u00f3n del Sistema de Justicia en el pa\u00eds, m\u00e1s de 170 jueces y juezas del Circuito Judicial del \u00c1rea Metropolitana de Caracas, participaron en la difusi\u00f3n de los Protocolos de Actuaci\u00f3n para el Fortalecimiento de la Investigaci\u00f3n Penal en Venezuela.<\/p><p><span style=\"background-color: initial; color: var( --e-global-color-theme-content-color ); font-family: var( --e-global-typography-theme-main-font-family ), Sans-serif; font-size: var( --e-global-typography-theme-main-font-size ); font-weight: var( --e-global-typography-theme-main-font-weight ); letter-spacing: var( --e-global-typography-theme-main-letter-spacing ); word-spacing: var( --e-global-typography-theme-main-word-spacing );\">Desde el auditorio del Palacio de Justicia en la capital venezolana, el vicepresidente Sectorial para la Seguridad Ciudadana y la Paz, A\/J Remigio Ceballos Ichaso, indic\u00f3 que, esta actividad tiene como objetivo robustecer el desempe\u00f1o \u00f3ptimo de las funciones de los integrantes del Sistema de Justicia, la celeridad judicial, la imparcialidad y el respeto a los Derechos Humanos.<\/span><\/p><p><span style=\"background-color: initial; color: var( --e-global-color-theme-content-color ); font-family: var( --e-global-typography-theme-main-font-family ), Sans-serif; font-size: var( --e-global-typography-theme-main-font-size ); font-weight: var( --e-global-typography-theme-main-font-weight ); letter-spacing: var( --e-global-typography-theme-main-letter-spacing ); word-spacing: var( --e-global-typography-theme-main-word-spacing );\">\u201cEstos protocolos se ejecutan a trav\u00e9s de un grupo multidisciplinario de los diferentes poderes del Estado venezolano, para crear las normativas legales que consoliden la garant\u00eda de los procesos penales y su cumplimiento\u201d, destac\u00f3 el Almirante en Jefe.<\/span><\/p><p><span style=\"background-color: initial; color: var( --e-global-color-theme-content-color ); font-family: var( --e-global-typography-theme-main-font-family ), Sans-serif; font-size: var( --e-global-typography-theme-main-font-size ); font-weight: var( --e-global-typography-theme-main-font-weight ); letter-spacing: var( --e-global-typography-theme-main-letter-spacing ); word-spacing: var( --e-global-typography-theme-main-word-spacing );\">Recalc\u00f3 que las autoridades del Sistema de Justicia y los \u00f3rganos de seguridad ciudadana, trabajan de manera articulada, integral, jur\u00eddica, t\u00e9cnica y administrativa para garantizar el debido proceso y que todo marche por la paz y la tranquilidad del pueblo venezolano.<\/span><\/p><p><span style=\"background-color: initial; color: var( --e-global-color-theme-content-color ); font-family: var( --e-global-typography-theme-main-font-family ), Sans-serif; font-size: var( --e-global-typography-theme-main-font-size ); font-weight: var( --e-global-typography-theme-main-font-weight ); letter-spacing: var( --e-global-typography-theme-main-letter-spacing ); word-spacing: var( --e-global-typography-theme-main-word-spacing );\">Por su parte, la presidenta de la Sala de Casaci\u00f3n Penal del Tribunal Supremo de Justicia (TSJ), Magistrada Elsa Janeth G\u00f3mez Moreno, acot\u00f3 que, \u201ceste Compendio fortifica el basamento de la justicia, el cual ayuda a que los cuerpos policiales realicen de forma \u00f3ptima los instrumentos que se necesitan, a la hora de realizar alg\u00fan proceso judicial\u201d.<\/span><\/p><p><span style=\"background-color: initial; color: var( --e-global-color-theme-content-color ); font-family: var( --e-global-typography-theme-main-font-family ), Sans-serif; font-size: var( --e-global-typography-theme-main-font-size ); font-weight: var( --e-global-typography-theme-main-font-weight ); letter-spacing: var( --e-global-typography-theme-main-letter-spacing ); word-spacing: var( --e-global-typography-theme-main-word-spacing );\">En este sentido, el fiscal general de la Rep\u00fablica, Tarek William Saab, manifest\u00f3 que, \u201clos protocolos van a reducir de una manera incre\u00edble los \u00edndices de privados de libertad en los centros de detenci\u00f3n preventiva. Lo que se traducen en un alcance estructural y org\u00e1nico que consagra la Constituci\u00f3n de la Rep\u00fablica Bolivariana de Venezuela\u201d.<\/span><\/p><p><span style=\"background-color: initial; color: var( --e-global-color-theme-content-color ); font-family: var( --e-global-typography-theme-main-font-family ), Sans-serif; font-size: var( --e-global-typography-theme-main-font-size ); font-weight: var( --e-global-typography-theme-main-font-weight ); letter-spacing: var( --e-global-typography-theme-main-letter-spacing ); word-spacing: var( --e-global-typography-theme-main-word-spacing );\">Cabe destacar que, este taller se extender\u00e1 por el territorio nacional, en el cual se reunir\u00e1n los Presidente de los Circuitos Judiciales del pa\u00eds, para masificar esta informaci\u00f3n que tributa a la garant\u00eda de los DDHH de los privados y privadas de libertad.<\/span><\/p><p><span style=\"background-color: initial; color: var( --e-global-color-theme-content-color ); font-family: var( --e-global-typography-theme-main-font-family ), Sans-serif; font-size: var( --e-global-typography-theme-main-font-size ); font-weight: var( --e-global-typography-theme-main-font-weight ); letter-spacing: var( --e-global-typography-theme-main-letter-spacing ); word-spacing: var( --e-global-typography-theme-main-word-spacing );\">\u00a0<\/span><\/p><p><span style=\"background-color: initial; color: var( --e-global-color-theme-content-color ); font-family: var( --e-global-typography-theme-main-font-family ), Sans-serif; font-size: var( --e-global-typography-theme-main-font-size ); font-weight: var( --e-global-typography-theme-main-font-weight ); letter-spacing: var( --e-global-typography-theme-main-letter-spacing ); word-spacing: var( --e-global-typography-theme-main-word-spacing );\">R: MPPRIJP<\/span><\/p>\t\t\t\t\t\t<\/div>\n\t\t\t\t<\/div>\n\t\t\t\t\t<\/div>\n\t\t<\/div>\n\t\t\t\t\t<\/div>\n\t\t<\/section>\n\t\t\t\t<\/div>\n\t\t","protected":false},"excerpt":{"rendered":"<p>Como parte de las acciones para la transformaci\u00f3n del Sistema de Justicia en el pa\u00eds, m\u00e1s de 170 jueces y juezas del Circuito Judicial del \u00c1rea Metropolitana de Caracas, participaron en la difusi\u00f3n de los Protocolos de Actuaci\u00f3n para el Fortalecimiento de la Investigaci\u00f3n Penal en Venezuela. Desde el auditorio del Palacio de Justicia en [&hellip;]<\/p>\n","protected":false},"author":2,"featured_media":11444,"comment_status":"closed","ping_status":"closed","sticky":false,"template":"","format":"standard","meta":{"footnotes":""},"categories":[58],"tags":[],"class_list":["post-11443","post","type-post","status-publish","format-standard","has-post-thumbnail","hentry","category-noticias"],"yoast_head":"<!-- This site is optimized with the Yoast SEO plugin v26.4 - https:\/\/yoast.com\/wordpress\/plugins\/seo\/ -->\n<title>Difunden protocolos de actuaci\u00f3n para el fortalecimiento de la investigaci\u00f3n penal en el pa\u00eds - Fondo Nacional Antidrogas<\/title>\n<meta name=\"robots\" content=\"index, follow, max-snippet:-1, max-image-preview:large, max-video-preview:-1\" \/>\n<link rel=\"canonical\" href=\"https:\/\/www.fona.gob.ve\/index.php\/2023\/09\/07\/difunden-protocolos-de-actuacion-para-el-fortalecimiento-de-la-investigacion-penal-en-el-pais\/\" \/>\n<meta property=\"og:locale\" content=\"es_ES\" \/>\n<meta property=\"og:type\" content=\"article\" \/>\n<meta property=\"og:title\" content=\"Difunden protocolos de actuaci\u00f3n para el fortalecimiento de la investigaci\u00f3n penal en el pa\u00eds - Fondo Nacional Antidrogas\" \/>\n<meta property=\"og:description\" content=\"Como parte de las acciones para la transformaci\u00f3n del Sistema de Justicia en el pa\u00eds, m\u00e1s de 170 jueces y juezas del Circuito Judicial del \u00c1rea Metropolitana de Caracas, participaron en la difusi\u00f3n de los Protocolos de Actuaci\u00f3n para el Fortalecimiento de la Investigaci\u00f3n Penal en Venezuela. Desde el auditorio del Palacio de Justicia en [&hellip;]\" \/>\n<meta property=\"og:url\" content=\"https:\/\/www.fona.gob.ve\/index.php\/2023\/09\/07\/difunden-protocolos-de-actuacion-para-el-fortalecimiento-de-la-investigacion-penal-en-el-pais\/\" \/>\n<meta property=\"og:site_name\" content=\"Fondo Nacional Antidrogas\" \/>\n<meta property=\"article:published_time\" content=\"2023-09-07T21:30:41+00:00\" \/>\n<meta property=\"article:modified_time\" content=\"2023-09-07T21:32:16+00:00\" \/>\n<meta property=\"og:image\" content=\"https:\/\/www.fona.gob.ve\/wp-content\/uploads\/2023\/09\/Difunden-protocolos-de-actuacion-para-el-fortalecimiento-de-la-investigacion-penal-en-el-pais-2-800x445-1.jpeg\" \/>\n\t<meta property=\"og:image:width\" content=\"800\" \/>\n\t<meta property=\"og:image:height\" content=\"445\" \/>\n\t<meta property=\"og:image:type\" content=\"image\/jpeg\" \/>\n<meta name=\"author\" content=\"prensa prensa\" \/>\n<meta name=\"twitter:card\" content=\"summary_large_image\" \/>\n<meta name=\"twitter:label1\" content=\"Escrito por\" \/>\n\t<meta name=\"twitter:data1\" content=\"prensa prensa\" \/>\n\t<meta name=\"twitter:label2\" content=\"Tiempo de lectura\" \/>\n\t<meta name=\"twitter:data2\" content=\"2 minutos\" \/>\n<script type=\"application\/ld+json\" class=\"yoast-schema-graph\">{\"@context\":\"https:\/\/schema.org\",\"@graph\":[{\"@type\":\"Article\",\"@id\":\"https:\/\/www.fona.gob.ve\/index.php\/2023\/09\/07\/difunden-protocolos-de-actuacion-para-el-fortalecimiento-de-la-investigacion-penal-en-el-pais\/#article\",\"isPartOf\":{\"@id\":\"https:\/\/www.fona.gob.ve\/index.php\/2023\/09\/07\/difunden-protocolos-de-actuacion-para-el-fortalecimiento-de-la-investigacion-penal-en-el-pais\/\"},\"author\":{\"name\":\"prensa prensa\",\"@id\":\"https:\/\/www.fona.gob.ve\/#\/schema\/person\/887f0d86a3d016ef9df002d3603dd736\"},\"headline\":\"Difunden protocolos de actuaci\u00f3n para el fortalecimiento de la investigaci\u00f3n penal en el pa\u00eds\",\"datePublished\":\"2023-09-07T21:30:41+00:00\",\"dateModified\":\"2023-09-07T21:32:16+00:00\",\"mainEntityOfPage\":{\"@id\":\"https:\/\/www.fona.gob.ve\/index.php\/2023\/09\/07\/difunden-protocolos-de-actuacion-para-el-fortalecimiento-de-la-investigacion-penal-en-el-pais\/\"},\"wordCount\":382,\"publisher\":{\"@id\":\"https:\/\/www.fona.gob.ve\/#organization\"},\"image\":{\"@id\":\"https:\/\/www.fona.gob.ve\/index.php\/2023\/09\/07\/difunden-protocolos-de-actuacion-para-el-fortalecimiento-de-la-investigacion-penal-en-el-pais\/#primaryimage\"},\"thumbnailUrl\":\"https:\/\/www.fona.gob.ve\/wp-content\/uploads\/2023\/09\/Difunden-protocolos-de-actuacion-para-el-fortalecimiento-de-la-investigacion-penal-en-el-pais-2-800x445-1.jpeg\",\"articleSection\":[\"Noticias\"],\"inLanguage\":\"es\"},{\"@type\":\"WebPage\",\"@id\":\"https:\/\/www.fona.gob.ve\/index.php\/2023\/09\/07\/difunden-protocolos-de-actuacion-para-el-fortalecimiento-de-la-investigacion-penal-en-el-pais\/\",\"url\":\"https:\/\/www.fona.gob.ve\/index.php\/2023\/09\/07\/difunden-protocolos-de-actuacion-para-el-fortalecimiento-de-la-investigacion-penal-en-el-pais\/\",\"name\":\"Difunden protocolos de actuaci\u00f3n para el fortalecimiento de la investigaci\u00f3n penal en el pa\u00eds - Fondo Nacional Antidrogas\",\"isPartOf\":{\"@id\":\"https:\/\/www.fona.gob.ve\/#website\"},\"primaryImageOfPage\":{\"@id\":\"https:\/\/www.fona.gob.ve\/index.php\/2023\/09\/07\/difunden-protocolos-de-actuacion-para-el-fortalecimiento-de-la-investigacion-penal-en-el-pais\/#primaryimage\"},\"image\":{\"@id\":\"https:\/\/www.fona.gob.ve\/index.php\/2023\/09\/07\/difunden-protocolos-de-actuacion-para-el-fortalecimiento-de-la-investigacion-penal-en-el-pais\/#primaryimage\"},\"thumbnailUrl\":\"https:\/\/www.fona.gob.ve\/wp-content\/uploads\/2023\/09\/Difunden-protocolos-de-actuacion-para-el-fortalecimiento-de-la-investigacion-penal-en-el-pais-2-800x445-1.jpeg\",\"datePublished\":\"2023-09-07T21:30:41+00:00\",\"dateModified\":\"2023-09-07T21:32:16+00:00\",\"breadcrumb\":{\"@id\":\"https:\/\/www.fona.gob.ve\/index.php\/2023\/09\/07\/difunden-protocolos-de-actuacion-para-el-fortalecimiento-de-la-investigacion-penal-en-el-pais\/#breadcrumb\"},\"inLanguage\":\"es\",\"potentialAction\":[{\"@type\":\"ReadAction\",\"target\":[\"https:\/\/www.fona.gob.ve\/index.php\/2023\/09\/07\/difunden-protocolos-de-actuacion-para-el-fortalecimiento-de-la-investigacion-penal-en-el-pais\/\"]}]},{\"@type\":\"ImageObject\",\"inLanguage\":\"es\",\"@id\":\"https:\/\/www.fona.gob.ve\/index.php\/2023\/09\/07\/difunden-protocolos-de-actuacion-para-el-fortalecimiento-de-la-investigacion-penal-en-el-pais\/#primaryimage\",\"url\":\"https:\/\/www.fona.gob.ve\/wp-content\/uploads\/2023\/09\/Difunden-protocolos-de-actuacion-para-el-fortalecimiento-de-la-investigacion-penal-en-el-pais-2-800x445-1.jpeg\",\"contentUrl\":\"https:\/\/www.fona.gob.ve\/wp-content\/uploads\/2023\/09\/Difunden-protocolos-de-actuacion-para-el-fortalecimiento-de-la-investigacion-penal-en-el-pais-2-800x445-1.jpeg\",\"width\":800,\"height\":445},{\"@type\":\"BreadcrumbList\",\"@id\":\"https:\/\/www.fona.gob.ve\/index.php\/2023\/09\/07\/difunden-protocolos-de-actuacion-para-el-fortalecimiento-de-la-investigacion-penal-en-el-pais\/#breadcrumb\",\"itemListElement\":[{\"@type\":\"ListItem\",\"position\":1,\"name\":\"Portada\",\"item\":\"https:\/\/www.fona.gob.ve\/\"},{\"@type\":\"ListItem\",\"position\":2,\"name\":\"Difunden protocolos de actuaci\u00f3n para el fortalecimiento de la investigaci\u00f3n penal en el pa\u00eds\"}]},{\"@type\":\"WebSite\",\"@id\":\"https:\/\/www.fona.gob.ve\/#website\",\"url\":\"https:\/\/www.fona.gob.ve\/\",\"name\":\"Fondo Nacional Antidrogas\",\"description\":\"Conoce las acciones, programas y pol\u00edticas del Fondo Nacional Antidrogas (FONA) orientadas a la prevenci\u00f3n, atenci\u00f3n integral y lucha contra el consumo de drogas en Venezuela. Informaci\u00f3n oficial y actualizada.\",\"publisher\":{\"@id\":\"https:\/\/www.fona.gob.ve\/#organization\"},\"potentialAction\":[{\"@type\":\"SearchAction\",\"target\":{\"@type\":\"EntryPoint\",\"urlTemplate\":\"https:\/\/www.fona.gob.ve\/?s={search_term_string}\"},\"query-input\":{\"@type\":\"PropertyValueSpecification\",\"valueRequired\":true,\"valueName\":\"search_term_string\"}}],\"inLanguage\":\"es\"},{\"@type\":\"Organization\",\"@id\":\"https:\/\/www.fona.gob.ve\/#organization\",\"name\":\"Fondo Nacional Antidrogas\",\"url\":\"https:\/\/www.fona.gob.ve\/\",\"logo\":{\"@type\":\"ImageObject\",\"inLanguage\":\"es\",\"@id\":\"https:\/\/www.fona.gob.ve\/#\/schema\/logo\/image\/\",\"url\":\"https:\/\/www.fona.gob.ve\/wp-content\/uploads\/2025\/04\/fona.jpeg\",\"contentUrl\":\"https:\/\/www.fona.gob.ve\/wp-content\/uploads\/2025\/04\/fona.jpeg\",\"width\":1200,\"height\":1200,\"caption\":\"Fondo Nacional Antidrogas\"},\"image\":{\"@id\":\"https:\/\/www.fona.gob.ve\/#\/schema\/logo\/image\/\"}},{\"@type\":\"Person\",\"@id\":\"https:\/\/www.fona.gob.ve\/#\/schema\/person\/887f0d86a3d016ef9df002d3603dd736\",\"name\":\"prensa prensa\",\"sameAs\":[\"https:\/\/fona.gob.ve\"],\"url\":\"https:\/\/www.fona.gob.ve\/index.php\/author\/prensa\/\"}]}<\/script>\n<!-- \/ Yoast SEO plugin. -->","yoast_head_json":{"title":"Difunden protocolos de actuaci\u00f3n para el fortalecimiento de la investigaci\u00f3n penal en el pa\u00eds - Fondo Nacional Antidrogas","robots":{"index":"index","follow":"follow","max-snippet":"max-snippet:-1","max-image-preview":"max-image-preview:large","max-video-preview":"max-video-preview:-1"},"canonical":"https:\/\/www.fona.gob.ve\/index.php\/2023\/09\/07\/difunden-protocolos-de-actuacion-para-el-fortalecimiento-de-la-investigacion-penal-en-el-pais\/","og_locale":"es_ES","og_type":"article","og_title":"Difunden protocolos de actuaci\u00f3n para el fortalecimiento de la investigaci\u00f3n penal en el pa\u00eds - Fondo Nacional Antidrogas","og_description":"Como parte de las acciones para la transformaci\u00f3n del Sistema de Justicia en el pa\u00eds, m\u00e1s de 170 jueces y juezas del Circuito Judicial del \u00c1rea Metropolitana de Caracas, participaron en la difusi\u00f3n de los Protocolos de Actuaci\u00f3n para el Fortalecimiento de la Investigaci\u00f3n Penal en Venezuela. Desde el auditorio del Palacio de Justicia en [&hellip;]","og_url":"https:\/\/www.fona.gob.ve\/index.php\/2023\/09\/07\/difunden-protocolos-de-actuacion-para-el-fortalecimiento-de-la-investigacion-penal-en-el-pais\/","og_site_name":"Fondo Nacional Antidrogas","article_published_time":"2023-09-07T21:30:41+00:00","article_modified_time":"2023-09-07T21:32:16+00:00","og_image":[{"width":800,"height":445,"url":"https:\/\/www.fona.gob.ve\/wp-content\/uploads\/2023\/09\/Difunden-protocolos-de-actuacion-para-el-fortalecimiento-de-la-investigacion-penal-en-el-pais-2-800x445-1.jpeg","type":"image\/jpeg"}],"author":"prensa prensa","twitter_card":"summary_large_image","twitter_misc":{"Escrito por":"prensa prensa","Tiempo de lectura":"2 minutos"},"schema":{"@context":"https:\/\/schema.org","@graph":[{"@type":"Article","@id":"https:\/\/www.fona.gob.ve\/index.php\/2023\/09\/07\/difunden-protocolos-de-actuacion-para-el-fortalecimiento-de-la-investigacion-penal-en-el-pais\/#article","isPartOf":{"@id":"https:\/\/www.fona.gob.ve\/index.php\/2023\/09\/07\/difunden-protocolos-de-actuacion-para-el-fortalecimiento-de-la-investigacion-penal-en-el-pais\/"},"author":{"name":"prensa prensa","@id":"https:\/\/www.fona.gob.ve\/#\/schema\/person\/887f0d86a3d016ef9df002d3603dd736"},"headline":"Difunden protocolos de actuaci\u00f3n para el fortalecimiento de la investigaci\u00f3n penal en el pa\u00eds","datePublished":"2023-09-07T21:30:41+00:00","dateModified":"2023-09-07T21:32:16+00:00","mainEntityOfPage":{"@id":"https:\/\/www.fona.gob.ve\/index.php\/2023\/09\/07\/difunden-protocolos-de-actuacion-para-el-fortalecimiento-de-la-investigacion-penal-en-el-pais\/"},"wordCount":382,"publisher":{"@id":"https:\/\/www.fona.gob.ve\/#organization"},"image":{"@id":"https:\/\/www.fona.gob.ve\/index.php\/2023\/09\/07\/difunden-protocolos-de-actuacion-para-el-fortalecimiento-de-la-investigacion-penal-en-el-pais\/#primaryimage"},"thumbnailUrl":"https:\/\/www.fona.gob.ve\/wp-content\/uploads\/2023\/09\/Difunden-protocolos-de-actuacion-para-el-fortalecimiento-de-la-investigacion-penal-en-el-pais-2-800x445-1.jpeg","articleSection":["Noticias"],"inLanguage":"es"},{"@type":"WebPage","@id":"https:\/\/www.fona.gob.ve\/index.php\/2023\/09\/07\/difunden-protocolos-de-actuacion-para-el-fortalecimiento-de-la-investigacion-penal-en-el-pais\/","url":"https:\/\/www.fona.gob.ve\/index.php\/2023\/09\/07\/difunden-protocolos-de-actuacion-para-el-fortalecimiento-de-la-investigacion-penal-en-el-pais\/","name":"Difunden protocolos de actuaci\u00f3n para el fortalecimiento de la investigaci\u00f3n penal en el pa\u00eds - Fondo Nacional Antidrogas","isPartOf":{"@id":"https:\/\/www.fona.gob.ve\/#website"},"primaryImageOfPage":{"@id":"https:\/\/www.fona.gob.ve\/index.php\/2023\/09\/07\/difunden-protocolos-de-actuacion-para-el-fortalecimiento-de-la-investigacion-penal-en-el-pais\/#primaryimage"},"image":{"@id":"https:\/\/www.fona.gob.ve\/index.php\/2023\/09\/07\/difunden-protocolos-de-actuacion-para-el-fortalecimiento-de-la-investigacion-penal-en-el-pais\/#primaryimage"},"thumbnailUrl":"https:\/\/www.fona.gob.ve\/wp-content\/uploads\/2023\/09\/Difunden-protocolos-de-actuacion-para-el-fortalecimiento-de-la-investigacion-penal-en-el-pais-2-800x445-1.jpeg","datePublished":"2023-09-07T21:30:41+00:00","dateModified":"2023-09-07T21:32:16+00:00","breadcrumb":{"@id":"https:\/\/www.fona.gob.ve\/index.php\/2023\/09\/07\/difunden-protocolos-de-actuacion-para-el-fortalecimiento-de-la-investigacion-penal-en-el-pais\/#breadcrumb"},"inLanguage":"es","potentialAction":[{"@type":"ReadAction","target":["https:\/\/www.fona.gob.ve\/index.php\/2023\/09\/07\/difunden-protocolos-de-actuacion-para-el-fortalecimiento-de-la-investigacion-penal-en-el-pais\/"]}]},{"@type":"ImageObject","inLanguage":"es","@id":"https:\/\/www.fona.gob.ve\/index.php\/2023\/09\/07\/difunden-protocolos-de-actuacion-para-el-fortalecimiento-de-la-investigacion-penal-en-el-pais\/#primaryimage","url":"https:\/\/www.fona.gob.ve\/wp-content\/uploads\/2023\/09\/Difunden-protocolos-de-actuacion-para-el-fortalecimiento-de-la-investigacion-penal-en-el-pais-2-800x445-1.jpeg","contentUrl":"https:\/\/www.fona.gob.ve\/wp-content\/uploads\/2023\/09\/Difunden-protocolos-de-actuacion-para-el-fortalecimiento-de-la-investigacion-penal-en-el-pais-2-800x445-1.jpeg","width":800,"height":445},{"@type":"BreadcrumbList","@id":"https:\/\/www.fona.gob.ve\/index.php\/2023\/09\/07\/difunden-protocolos-de-actuacion-para-el-fortalecimiento-de-la-investigacion-penal-en-el-pais\/#breadcrumb","itemListElement":[{"@type":"ListItem","position":1,"name":"Portada","item":"https:\/\/www.fona.gob.ve\/"},{"@type":"ListItem","position":2,"name":"Difunden protocolos de actuaci\u00f3n para el fortalecimiento de la investigaci\u00f3n penal en el pa\u00eds"}]},{"@type":"WebSite","@id":"https:\/\/www.fona.gob.ve\/#website","url":"https:\/\/www.fona.gob.ve\/","name":"Fondo Nacional Antidrogas","description":"Conoce las acciones, programas y pol\u00edticas del Fondo Nacional Antidrogas (FONA) orientadas a la prevenci\u00f3n, atenci\u00f3n integral y lucha contra el consumo de drogas en Venezuela. Informaci\u00f3n oficial y actualizada.","publisher":{"@id":"https:\/\/www.fona.gob.ve\/#organization"},"potentialAction":[{"@type":"SearchAction","target":{"@type":"EntryPoint","urlTemplate":"https:\/\/www.fona.gob.ve\/?s={search_term_string}"},"query-input":{"@type":"PropertyValueSpecification","valueRequired":true,"valueName":"search_term_string"}}],"inLanguage":"es"},{"@type":"Organization","@id":"https:\/\/www.fona.gob.ve\/#organization","name":"Fondo Nacional Antidrogas","url":"https:\/\/www.fona.gob.ve\/","logo":{"@type":"ImageObject","inLanguage":"es","@id":"https:\/\/www.fona.gob.ve\/#\/schema\/logo\/image\/","url":"https:\/\/www.fona.gob.ve\/wp-content\/uploads\/2025\/04\/fona.jpeg","contentUrl":"https:\/\/www.fona.gob.ve\/wp-content\/uploads\/2025\/04\/fona.jpeg","width":1200,"height":1200,"caption":"Fondo Nacional Antidrogas"},"image":{"@id":"https:\/\/www.fona.gob.ve\/#\/schema\/logo\/image\/"}},{"@type":"Person","@id":"https:\/\/www.fona.gob.ve\/#\/schema\/person\/887f0d86a3d016ef9df002d3603dd736","name":"prensa prensa","sameAs":["https:\/\/fona.gob.ve"],"url":"https:\/\/www.fona.gob.ve\/index.php\/author\/prensa\/"}]}},"_links":{"self":[{"href":"https:\/\/www.fona.gob.ve\/index.php\/wp-json\/wp\/v2\/posts\/11443","targetHints":{"allow":["GET"]}}],"collection":[{"href":"https:\/\/www.fona.gob.ve\/index.php\/wp-json\/wp\/v2\/posts"}],"about":[{"href":"https:\/\/www.fona.gob.ve\/index.php\/wp-json\/wp\/v2\/types\/post"}],"author":[{"embeddable":true,"href":"https:\/\/www.fona.gob.ve\/index.php\/wp-json\/wp\/v2\/users\/2"}],"replies":[{"embeddable":true,"href":"https:\/\/www.fona.gob.ve\/index.php\/wp-json\/wp\/v2\/comments?post=11443"}],"version-history":[{"count":3,"href":"https:\/\/www.fona.gob.ve\/index.php\/wp-json\/wp\/v2\/posts\/11443\/revisions"}],"predecessor-version":[{"id":11447,"href":"https:\/\/www.fona.gob.ve\/index.php\/wp-json\/wp\/v2\/posts\/11443\/revisions\/11447"}],"wp:featuredmedia":[{"embeddable":true,"href":"https:\/\/www.fona.gob.ve\/index.php\/wp-json\/wp\/v2\/media\/11444"}],"wp:attachment":[{"href":"https:\/\/www.fona.gob.ve\/index.php\/wp-json\/wp\/v2\/media?parent=11443"}],"wp:term":[{"taxonomy":"category","embeddable":true,"href":"https:\/\/www.fona.gob.ve\/index.php\/wp-json\/wp\/v2\/categories?post=11443"},{"taxonomy":"post_tag","embeddable":true,"href":"https:\/\/www.fona.gob.ve\/index.php\/wp-json\/wp\/v2\/tags?post=11443"}],"curies":[{"name":"wp","href":"https:\/\/api.w.org\/{rel}","templated":true}]}}