{"id":11432,"date":"2023-08-29T13:53:03","date_gmt":"2023-08-29T17:53:03","guid":{"rendered":"http:\/\/www.fona.gob.ve\/?p=11432"},"modified":"2023-08-29T13:54:32","modified_gmt":"2023-08-29T17:54:32","slug":"estado-bolivar-cuenta-con-26-nuevos-cuadrantes-de-paz","status":"publish","type":"post","link":"https:\/\/www.fona.gob.ve\/index.php\/2023\/08\/29\/estado-bolivar-cuenta-con-26-nuevos-cuadrantes-de-paz\/","title":{"rendered":"Estado Bol\u00edvar cuenta con 26 nuevos cuadrantes de paz"},"content":{"rendered":"\t\t<div data-elementor-type=\"wp-post\" data-elementor-id=\"11432\" class=\"elementor elementor-11432\" data-elementor-post-type=\"post\">\n\t\t\t\t\t\t<section class=\"elementor-section elementor-top-section elementor-element elementor-element-2b94aaba elementor-section-boxed elementor-section-height-default elementor-section-height-default\" data-id=\"2b94aaba\" data-element_type=\"section\">\n\t\t\t\t\t\t<div class=\"elementor-container elementor-column-gap-default\">\n\t\t\t\t\t<div class=\"elementor-column elementor-col-100 elementor-top-column elementor-element elementor-element-5d3f0c43\" data-id=\"5d3f0c43\" data-element_type=\"column\">\n\t\t\t<div class=\"elementor-widget-wrap elementor-element-populated\">\n\t\t\t\t\t\t<div class=\"elementor-element elementor-element-43db1b3 elementor-widget elementor-widget-image\" data-id=\"43db1b3\" data-element_type=\"widget\" data-widget_type=\"image.default\">\n\t\t\t\t<div class=\"elementor-widget-container\">\n\t\t\t\t\t\t\t\t\t\t\t\t\t<img fetchpriority=\"high\" decoding=\"async\" width=\"800\" height=\"445\" src=\"https:\/\/www.fona.gob.ve\/wp-content\/uploads\/2023\/08\/Estado-Bolivar-cuenta-con-26-nuevos-cuadrantes-de-paz-6-800x445-1.jpg\" class=\"attachment-large size-large wp-image-11433\" alt=\"\" srcset=\"https:\/\/www.fona.gob.ve\/wp-content\/uploads\/2023\/08\/Estado-Bolivar-cuenta-con-26-nuevos-cuadrantes-de-paz-6-800x445-1.jpg 800w, https:\/\/www.fona.gob.ve\/wp-content\/uploads\/2023\/08\/Estado-Bolivar-cuenta-con-26-nuevos-cuadrantes-de-paz-6-800x445-1-300x167.jpg 300w, https:\/\/www.fona.gob.ve\/wp-content\/uploads\/2023\/08\/Estado-Bolivar-cuenta-con-26-nuevos-cuadrantes-de-paz-6-800x445-1-768x427.jpg 768w, https:\/\/www.fona.gob.ve\/wp-content\/uploads\/2023\/08\/Estado-Bolivar-cuenta-con-26-nuevos-cuadrantes-de-paz-6-800x445-1-480x267.jpg 480w\" sizes=\"(max-width: 800px) 100vw, 800px\" title=\"Estado-Bol\u00edvar-cuenta-con-26-nuevos-cuadrantes-de-paz-6-800x445\" \/>\t\t\t\t\t\t\t\t\t\t\t\t\t<\/div>\n\t\t\t\t<\/div>\n\t\t\t\t<div class=\"elementor-element elementor-element-2aae3483 elementor-widget elementor-widget-text-editor\" data-id=\"2aae3483\" data-element_type=\"widget\" data-widget_type=\"text-editor.default\">\n\t\t\t\t<div class=\"elementor-widget-container\">\n\t\t\t\t\t\t\t<p>A fin de trazar estrategias para la defensa de la soberan\u00eda y la protecci\u00f3n del pueblo, este s\u00e1bado, vicepresidente Sectorial para la Seguridad Ciudadana y la Paz, A\/J Remigio Ceballos Ichaso, inform\u00f3 que fueron activados 26 nuevos cuadrantes de paz en el estado Bol\u00edvar.<\/p><p><span style=\"background-color: initial; color: var( --e-global-color-theme-content-color ); font-family: var( --e-global-typography-theme-main-font-family ), Sans-serif; font-size: var( --e-global-typography-theme-main-font-size ); font-weight: var( --e-global-typography-theme-main-font-weight ); letter-spacing: var( --e-global-typography-theme-main-letter-spacing ); word-spacing: var( --e-global-typography-theme-main-word-spacing );\">Durante un encuentro con el gobernador de la entidad, \u00c1ngel Marcano, los \u00f3rganos de seguridad ciudadana y la Guardia Nacional Bolivariana (GNB) en la ciudad de Puerto Ordaz, indic\u00f3 que esta expansi\u00f3n \u201ccontribuye a la seguridad del pueblo bolivarense y de esta manera alcanzar la meta de 3 mil cuadrantes de paz en el territorio nacional&#8221;.<\/span><\/p><p><span style=\"background-color: initial; color: var( --e-global-color-theme-content-color ); font-family: var( --e-global-typography-theme-main-font-family ), Sans-serif; font-size: var( --e-global-typography-theme-main-font-size ); font-weight: var( --e-global-typography-theme-main-font-weight ); letter-spacing: var( --e-global-typography-theme-main-letter-spacing ); word-spacing: var( --e-global-typography-theme-main-word-spacing );\">Asimismo, Ceballos Ichaso enfatiz\u00f3 que, \u201cel objetivo es trazar l\u00edneas de acci\u00f3n para el fortalecimiento de los cuadrantes de paz como estrategia para el combate de todo tipo de delito (\u2026) seguir trabajando para ir por el camino de la paz\u201d.<\/span><\/p><p><span style=\"background-color: initial; color: var( --e-global-color-theme-content-color ); font-family: var( --e-global-typography-theme-main-font-family ), Sans-serif; font-size: var( --e-global-typography-theme-main-font-size ); font-weight: var( --e-global-typography-theme-main-font-weight ); letter-spacing: var( --e-global-typography-theme-main-letter-spacing ); word-spacing: var( --e-global-typography-theme-main-word-spacing );\">El tambi\u00e9n Ministro del Poder Popular para Relaciones Interiores, Justicia y Paz, manifest\u00f3 que, \u201cla idea fundamental es la integraci\u00f3n de todos los cuerpos policiales, a fin de ampliar y optimizar la seguridad integral en cada uno de los municipios y de nuestra Venezuela\u201d.<\/span><\/p><p><span style=\"background-color: initial; color: var( --e-global-color-theme-content-color ); font-family: var( --e-global-typography-theme-main-font-family ), Sans-serif; font-size: var( --e-global-typography-theme-main-font-size ); font-weight: var( --e-global-typography-theme-main-font-weight ); letter-spacing: var( --e-global-typography-theme-main-letter-spacing ); word-spacing: var( --e-global-typography-theme-main-word-spacing );\">El Almirante en Jefe, Remigio Ceballos Ichaso resalt\u00f3 la importancia del trabajo bidireccional con la Guardia Nacional Bolivariana (GNB), los \u00f3rganos de seguridad ciudadana, Gobernadores y Alcaldes, para avanzar en el desarrollo de la pol\u00edtica p\u00fablica de seguridad, la Gran Misi\u00f3n Cuadrantes de Paz.<\/span><\/p><p><span style=\"background-color: initial; color: var( --e-global-color-theme-content-color ); font-family: var( --e-global-typography-theme-main-font-family ), Sans-serif; font-size: var( --e-global-typography-theme-main-font-size ); font-weight: var( --e-global-typography-theme-main-font-weight ); letter-spacing: var( --e-global-typography-theme-main-letter-spacing ); word-spacing: var( --e-global-typography-theme-main-word-spacing );\">R: MPPRIJP<\/span><\/p>\t\t\t\t\t\t<\/div>\n\t\t\t\t<\/div>\n\t\t\t\t\t<\/div>\n\t\t<\/div>\n\t\t\t\t\t<\/div>\n\t\t<\/section>\n\t\t\t\t<\/div>\n\t\t","protected":false},"excerpt":{"rendered":"<p>A fin de trazar estrategias para la defensa de la soberan\u00eda y la protecci\u00f3n del pueblo, este s\u00e1bado, vicepresidente Sectorial para la Seguridad Ciudadana y la Paz, A\/J Remigio Ceballos Ichaso, inform\u00f3 que fueron activados 26 nuevos cuadrantes de paz en el estado Bol\u00edvar. Durante un encuentro con el gobernador de la entidad, \u00c1ngel Marcano, [&hellip;]<\/p>\n","protected":false},"author":2,"featured_media":11433,"comment_status":"closed","ping_status":"closed","sticky":false,"template":"","format":"standard","meta":{"footnotes":""},"categories":[58],"tags":[],"class_list":["post-11432","post","type-post","status-publish","format-standard","has-post-thumbnail","hentry","category-noticias"],"yoast_head":"<!-- This site is optimized with the Yoast SEO plugin v26.4 - https:\/\/yoast.com\/wordpress\/plugins\/seo\/ -->\n<title>Estado Bol\u00edvar cuenta con 26 nuevos cuadrantes de paz - Fondo Nacional Antidrogas<\/title>\n<meta name=\"robots\" content=\"index, follow, max-snippet:-1, max-image-preview:large, max-video-preview:-1\" \/>\n<link rel=\"canonical\" href=\"https:\/\/www.fona.gob.ve\/index.php\/2023\/08\/29\/estado-bolivar-cuenta-con-26-nuevos-cuadrantes-de-paz\/\" \/>\n<meta property=\"og:locale\" content=\"es_ES\" \/>\n<meta property=\"og:type\" content=\"article\" \/>\n<meta property=\"og:title\" content=\"Estado Bol\u00edvar cuenta con 26 nuevos cuadrantes de paz - Fondo Nacional Antidrogas\" \/>\n<meta property=\"og:description\" content=\"A fin de trazar estrategias para la defensa de la soberan\u00eda y la protecci\u00f3n del pueblo, este s\u00e1bado, vicepresidente Sectorial para la Seguridad Ciudadana y la Paz, A\/J Remigio Ceballos Ichaso, inform\u00f3 que fueron activados 26 nuevos cuadrantes de paz en el estado Bol\u00edvar. Durante un encuentro con el gobernador de la entidad, \u00c1ngel Marcano, [&hellip;]\" \/>\n<meta property=\"og:url\" content=\"https:\/\/www.fona.gob.ve\/index.php\/2023\/08\/29\/estado-bolivar-cuenta-con-26-nuevos-cuadrantes-de-paz\/\" \/>\n<meta property=\"og:site_name\" content=\"Fondo Nacional Antidrogas\" \/>\n<meta property=\"article:published_time\" content=\"2023-08-29T17:53:03+00:00\" \/>\n<meta property=\"article:modified_time\" content=\"2023-08-29T17:54:32+00:00\" \/>\n<meta property=\"og:image\" content=\"https:\/\/www.fona.gob.ve\/wp-content\/uploads\/2023\/08\/Estado-Bolivar-cuenta-con-26-nuevos-cuadrantes-de-paz-6-800x445-1.jpg\" \/>\n\t<meta property=\"og:image:width\" content=\"800\" \/>\n\t<meta property=\"og:image:height\" content=\"445\" \/>\n\t<meta property=\"og:image:type\" content=\"image\/jpeg\" \/>\n<meta name=\"author\" content=\"prensa prensa\" \/>\n<meta name=\"twitter:card\" content=\"summary_large_image\" \/>\n<meta name=\"twitter:label1\" content=\"Escrito por\" \/>\n\t<meta name=\"twitter:data1\" content=\"prensa prensa\" \/>\n\t<meta name=\"twitter:label2\" content=\"Tiempo de lectura\" \/>\n\t<meta name=\"twitter:data2\" content=\"1 minuto\" \/>\n<script type=\"application\/ld+json\" class=\"yoast-schema-graph\">{\"@context\":\"https:\/\/schema.org\",\"@graph\":[{\"@type\":\"Article\",\"@id\":\"https:\/\/www.fona.gob.ve\/index.php\/2023\/08\/29\/estado-bolivar-cuenta-con-26-nuevos-cuadrantes-de-paz\/#article\",\"isPartOf\":{\"@id\":\"https:\/\/www.fona.gob.ve\/index.php\/2023\/08\/29\/estado-bolivar-cuenta-con-26-nuevos-cuadrantes-de-paz\/\"},\"author\":{\"name\":\"prensa prensa\",\"@id\":\"https:\/\/www.fona.gob.ve\/#\/schema\/person\/887f0d86a3d016ef9df002d3603dd736\"},\"headline\":\"Estado Bol\u00edvar cuenta con 26 nuevos cuadrantes de paz\",\"datePublished\":\"2023-08-29T17:53:03+00:00\",\"dateModified\":\"2023-08-29T17:54:32+00:00\",\"mainEntityOfPage\":{\"@id\":\"https:\/\/www.fona.gob.ve\/index.php\/2023\/08\/29\/estado-bolivar-cuenta-con-26-nuevos-cuadrantes-de-paz\/\"},\"wordCount\":250,\"publisher\":{\"@id\":\"https:\/\/www.fona.gob.ve\/#organization\"},\"image\":{\"@id\":\"https:\/\/www.fona.gob.ve\/index.php\/2023\/08\/29\/estado-bolivar-cuenta-con-26-nuevos-cuadrantes-de-paz\/#primaryimage\"},\"thumbnailUrl\":\"https:\/\/www.fona.gob.ve\/wp-content\/uploads\/2023\/08\/Estado-Bolivar-cuenta-con-26-nuevos-cuadrantes-de-paz-6-800x445-1.jpg\",\"articleSection\":[\"Noticias\"],\"inLanguage\":\"es\"},{\"@type\":\"WebPage\",\"@id\":\"https:\/\/www.fona.gob.ve\/index.php\/2023\/08\/29\/estado-bolivar-cuenta-con-26-nuevos-cuadrantes-de-paz\/\",\"url\":\"https:\/\/www.fona.gob.ve\/index.php\/2023\/08\/29\/estado-bolivar-cuenta-con-26-nuevos-cuadrantes-de-paz\/\",\"name\":\"Estado Bol\u00edvar cuenta con 26 nuevos cuadrantes de paz - Fondo Nacional Antidrogas\",\"isPartOf\":{\"@id\":\"https:\/\/www.fona.gob.ve\/#website\"},\"primaryImageOfPage\":{\"@id\":\"https:\/\/www.fona.gob.ve\/index.php\/2023\/08\/29\/estado-bolivar-cuenta-con-26-nuevos-cuadrantes-de-paz\/#primaryimage\"},\"image\":{\"@id\":\"https:\/\/www.fona.gob.ve\/index.php\/2023\/08\/29\/estado-bolivar-cuenta-con-26-nuevos-cuadrantes-de-paz\/#primaryimage\"},\"thumbnailUrl\":\"https:\/\/www.fona.gob.ve\/wp-content\/uploads\/2023\/08\/Estado-Bolivar-cuenta-con-26-nuevos-cuadrantes-de-paz-6-800x445-1.jpg\",\"datePublished\":\"2023-08-29T17:53:03+00:00\",\"dateModified\":\"2023-08-29T17:54:32+00:00\",\"breadcrumb\":{\"@id\":\"https:\/\/www.fona.gob.ve\/index.php\/2023\/08\/29\/estado-bolivar-cuenta-con-26-nuevos-cuadrantes-de-paz\/#breadcrumb\"},\"inLanguage\":\"es\",\"potentialAction\":[{\"@type\":\"ReadAction\",\"target\":[\"https:\/\/www.fona.gob.ve\/index.php\/2023\/08\/29\/estado-bolivar-cuenta-con-26-nuevos-cuadrantes-de-paz\/\"]}]},{\"@type\":\"ImageObject\",\"inLanguage\":\"es\",\"@id\":\"https:\/\/www.fona.gob.ve\/index.php\/2023\/08\/29\/estado-bolivar-cuenta-con-26-nuevos-cuadrantes-de-paz\/#primaryimage\",\"url\":\"https:\/\/www.fona.gob.ve\/wp-content\/uploads\/2023\/08\/Estado-Bolivar-cuenta-con-26-nuevos-cuadrantes-de-paz-6-800x445-1.jpg\",\"contentUrl\":\"https:\/\/www.fona.gob.ve\/wp-content\/uploads\/2023\/08\/Estado-Bolivar-cuenta-con-26-nuevos-cuadrantes-de-paz-6-800x445-1.jpg\",\"width\":800,\"height\":445},{\"@type\":\"BreadcrumbList\",\"@id\":\"https:\/\/www.fona.gob.ve\/index.php\/2023\/08\/29\/estado-bolivar-cuenta-con-26-nuevos-cuadrantes-de-paz\/#breadcrumb\",\"itemListElement\":[{\"@type\":\"ListItem\",\"position\":1,\"name\":\"Portada\",\"item\":\"https:\/\/www.fona.gob.ve\/\"},{\"@type\":\"ListItem\",\"position\":2,\"name\":\"Estado Bol\u00edvar cuenta con 26 nuevos cuadrantes de paz\"}]},{\"@type\":\"WebSite\",\"@id\":\"https:\/\/www.fona.gob.ve\/#website\",\"url\":\"https:\/\/www.fona.gob.ve\/\",\"name\":\"Fondo Nacional Antidrogas\",\"description\":\"Conoce las acciones, programas y pol\u00edticas del Fondo Nacional Antidrogas (FONA) orientadas a la prevenci\u00f3n, atenci\u00f3n integral y lucha contra el consumo de drogas en Venezuela. Informaci\u00f3n oficial y actualizada.\",\"publisher\":{\"@id\":\"https:\/\/www.fona.gob.ve\/#organization\"},\"potentialAction\":[{\"@type\":\"SearchAction\",\"target\":{\"@type\":\"EntryPoint\",\"urlTemplate\":\"https:\/\/www.fona.gob.ve\/?s={search_term_string}\"},\"query-input\":{\"@type\":\"PropertyValueSpecification\",\"valueRequired\":true,\"valueName\":\"search_term_string\"}}],\"inLanguage\":\"es\"},{\"@type\":\"Organization\",\"@id\":\"https:\/\/www.fona.gob.ve\/#organization\",\"name\":\"Fondo Nacional Antidrogas\",\"url\":\"https:\/\/www.fona.gob.ve\/\",\"logo\":{\"@type\":\"ImageObject\",\"inLanguage\":\"es\",\"@id\":\"https:\/\/www.fona.gob.ve\/#\/schema\/logo\/image\/\",\"url\":\"https:\/\/www.fona.gob.ve\/wp-content\/uploads\/2025\/04\/fona.jpeg\",\"contentUrl\":\"https:\/\/www.fona.gob.ve\/wp-content\/uploads\/2025\/04\/fona.jpeg\",\"width\":1200,\"height\":1200,\"caption\":\"Fondo Nacional Antidrogas\"},\"image\":{\"@id\":\"https:\/\/www.fona.gob.ve\/#\/schema\/logo\/image\/\"}},{\"@type\":\"Person\",\"@id\":\"https:\/\/www.fona.gob.ve\/#\/schema\/person\/887f0d86a3d016ef9df002d3603dd736\",\"name\":\"prensa prensa\",\"sameAs\":[\"https:\/\/fona.gob.ve\"],\"url\":\"https:\/\/www.fona.gob.ve\/index.php\/author\/prensa\/\"}]}<\/script>\n<!-- \/ Yoast SEO plugin. -->","yoast_head_json":{"title":"Estado Bol\u00edvar cuenta con 26 nuevos cuadrantes de paz - Fondo Nacional Antidrogas","robots":{"index":"index","follow":"follow","max-snippet":"max-snippet:-1","max-image-preview":"max-image-preview:large","max-video-preview":"max-video-preview:-1"},"canonical":"https:\/\/www.fona.gob.ve\/index.php\/2023\/08\/29\/estado-bolivar-cuenta-con-26-nuevos-cuadrantes-de-paz\/","og_locale":"es_ES","og_type":"article","og_title":"Estado Bol\u00edvar cuenta con 26 nuevos cuadrantes de paz - Fondo Nacional Antidrogas","og_description":"A fin de trazar estrategias para la defensa de la soberan\u00eda y la protecci\u00f3n del pueblo, este s\u00e1bado, vicepresidente Sectorial para la Seguridad Ciudadana y la Paz, A\/J Remigio Ceballos Ichaso, inform\u00f3 que fueron activados 26 nuevos cuadrantes de paz en el estado Bol\u00edvar. Durante un encuentro con el gobernador de la entidad, \u00c1ngel Marcano, [&hellip;]","og_url":"https:\/\/www.fona.gob.ve\/index.php\/2023\/08\/29\/estado-bolivar-cuenta-con-26-nuevos-cuadrantes-de-paz\/","og_site_name":"Fondo Nacional Antidrogas","article_published_time":"2023-08-29T17:53:03+00:00","article_modified_time":"2023-08-29T17:54:32+00:00","og_image":[{"width":800,"height":445,"url":"https:\/\/www.fona.gob.ve\/wp-content\/uploads\/2023\/08\/Estado-Bolivar-cuenta-con-26-nuevos-cuadrantes-de-paz-6-800x445-1.jpg","type":"image\/jpeg"}],"author":"prensa prensa","twitter_card":"summary_large_image","twitter_misc":{"Escrito por":"prensa prensa","Tiempo de lectura":"1 minuto"},"schema":{"@context":"https:\/\/schema.org","@graph":[{"@type":"Article","@id":"https:\/\/www.fona.gob.ve\/index.php\/2023\/08\/29\/estado-bolivar-cuenta-con-26-nuevos-cuadrantes-de-paz\/#article","isPartOf":{"@id":"https:\/\/www.fona.gob.ve\/index.php\/2023\/08\/29\/estado-bolivar-cuenta-con-26-nuevos-cuadrantes-de-paz\/"},"author":{"name":"prensa prensa","@id":"https:\/\/www.fona.gob.ve\/#\/schema\/person\/887f0d86a3d016ef9df002d3603dd736"},"headline":"Estado Bol\u00edvar cuenta con 26 nuevos cuadrantes de paz","datePublished":"2023-08-29T17:53:03+00:00","dateModified":"2023-08-29T17:54:32+00:00","mainEntityOfPage":{"@id":"https:\/\/www.fona.gob.ve\/index.php\/2023\/08\/29\/estado-bolivar-cuenta-con-26-nuevos-cuadrantes-de-paz\/"},"wordCount":250,"publisher":{"@id":"https:\/\/www.fona.gob.ve\/#organization"},"image":{"@id":"https:\/\/www.fona.gob.ve\/index.php\/2023\/08\/29\/estado-bolivar-cuenta-con-26-nuevos-cuadrantes-de-paz\/#primaryimage"},"thumbnailUrl":"https:\/\/www.fona.gob.ve\/wp-content\/uploads\/2023\/08\/Estado-Bolivar-cuenta-con-26-nuevos-cuadrantes-de-paz-6-800x445-1.jpg","articleSection":["Noticias"],"inLanguage":"es"},{"@type":"WebPage","@id":"https:\/\/www.fona.gob.ve\/index.php\/2023\/08\/29\/estado-bolivar-cuenta-con-26-nuevos-cuadrantes-de-paz\/","url":"https:\/\/www.fona.gob.ve\/index.php\/2023\/08\/29\/estado-bolivar-cuenta-con-26-nuevos-cuadrantes-de-paz\/","name":"Estado Bol\u00edvar cuenta con 26 nuevos cuadrantes de paz - Fondo Nacional Antidrogas","isPartOf":{"@id":"https:\/\/www.fona.gob.ve\/#website"},"primaryImageOfPage":{"@id":"https:\/\/www.fona.gob.ve\/index.php\/2023\/08\/29\/estado-bolivar-cuenta-con-26-nuevos-cuadrantes-de-paz\/#primaryimage"},"image":{"@id":"https:\/\/www.fona.gob.ve\/index.php\/2023\/08\/29\/estado-bolivar-cuenta-con-26-nuevos-cuadrantes-de-paz\/#primaryimage"},"thumbnailUrl":"https:\/\/www.fona.gob.ve\/wp-content\/uploads\/2023\/08\/Estado-Bolivar-cuenta-con-26-nuevos-cuadrantes-de-paz-6-800x445-1.jpg","datePublished":"2023-08-29T17:53:03+00:00","dateModified":"2023-08-29T17:54:32+00:00","breadcrumb":{"@id":"https:\/\/www.fona.gob.ve\/index.php\/2023\/08\/29\/estado-bolivar-cuenta-con-26-nuevos-cuadrantes-de-paz\/#breadcrumb"},"inLanguage":"es","potentialAction":[{"@type":"ReadAction","target":["https:\/\/www.fona.gob.ve\/index.php\/2023\/08\/29\/estado-bolivar-cuenta-con-26-nuevos-cuadrantes-de-paz\/"]}]},{"@type":"ImageObject","inLanguage":"es","@id":"https:\/\/www.fona.gob.ve\/index.php\/2023\/08\/29\/estado-bolivar-cuenta-con-26-nuevos-cuadrantes-de-paz\/#primaryimage","url":"https:\/\/www.fona.gob.ve\/wp-content\/uploads\/2023\/08\/Estado-Bolivar-cuenta-con-26-nuevos-cuadrantes-de-paz-6-800x445-1.jpg","contentUrl":"https:\/\/www.fona.gob.ve\/wp-content\/uploads\/2023\/08\/Estado-Bolivar-cuenta-con-26-nuevos-cuadrantes-de-paz-6-800x445-1.jpg","width":800,"height":445},{"@type":"BreadcrumbList","@id":"https:\/\/www.fona.gob.ve\/index.php\/2023\/08\/29\/estado-bolivar-cuenta-con-26-nuevos-cuadrantes-de-paz\/#breadcrumb","itemListElement":[{"@type":"ListItem","position":1,"name":"Portada","item":"https:\/\/www.fona.gob.ve\/"},{"@type":"ListItem","position":2,"name":"Estado Bol\u00edvar cuenta con 26 nuevos cuadrantes de paz"}]},{"@type":"WebSite","@id":"https:\/\/www.fona.gob.ve\/#website","url":"https:\/\/www.fona.gob.ve\/","name":"Fondo Nacional Antidrogas","description":"Conoce las acciones, programas y pol\u00edticas del Fondo Nacional Antidrogas (FONA) orientadas a la prevenci\u00f3n, atenci\u00f3n integral y lucha contra el consumo de drogas en Venezuela. Informaci\u00f3n oficial y actualizada.","publisher":{"@id":"https:\/\/www.fona.gob.ve\/#organization"},"potentialAction":[{"@type":"SearchAction","target":{"@type":"EntryPoint","urlTemplate":"https:\/\/www.fona.gob.ve\/?s={search_term_string}"},"query-input":{"@type":"PropertyValueSpecification","valueRequired":true,"valueName":"search_term_string"}}],"inLanguage":"es"},{"@type":"Organization","@id":"https:\/\/www.fona.gob.ve\/#organization","name":"Fondo Nacional Antidrogas","url":"https:\/\/www.fona.gob.ve\/","logo":{"@type":"ImageObject","inLanguage":"es","@id":"https:\/\/www.fona.gob.ve\/#\/schema\/logo\/image\/","url":"https:\/\/www.fona.gob.ve\/wp-content\/uploads\/2025\/04\/fona.jpeg","contentUrl":"https:\/\/www.fona.gob.ve\/wp-content\/uploads\/2025\/04\/fona.jpeg","width":1200,"height":1200,"caption":"Fondo Nacional Antidrogas"},"image":{"@id":"https:\/\/www.fona.gob.ve\/#\/schema\/logo\/image\/"}},{"@type":"Person","@id":"https:\/\/www.fona.gob.ve\/#\/schema\/person\/887f0d86a3d016ef9df002d3603dd736","name":"prensa prensa","sameAs":["https:\/\/fona.gob.ve"],"url":"https:\/\/www.fona.gob.ve\/index.php\/author\/prensa\/"}]}},"_links":{"self":[{"href":"https:\/\/www.fona.gob.ve\/index.php\/wp-json\/wp\/v2\/posts\/11432","targetHints":{"allow":["GET"]}}],"collection":[{"href":"https:\/\/www.fona.gob.ve\/index.php\/wp-json\/wp\/v2\/posts"}],"about":[{"href":"https:\/\/www.fona.gob.ve\/index.php\/wp-json\/wp\/v2\/types\/post"}],"author":[{"embeddable":true,"href":"https:\/\/www.fona.gob.ve\/index.php\/wp-json\/wp\/v2\/users\/2"}],"replies":[{"embeddable":true,"href":"https:\/\/www.fona.gob.ve\/index.php\/wp-json\/wp\/v2\/comments?post=11432"}],"version-history":[{"count":3,"href":"https:\/\/www.fona.gob.ve\/index.php\/wp-json\/wp\/v2\/posts\/11432\/revisions"}],"predecessor-version":[{"id":11436,"href":"https:\/\/www.fona.gob.ve\/index.php\/wp-json\/wp\/v2\/posts\/11432\/revisions\/11436"}],"wp:featuredmedia":[{"embeddable":true,"href":"https:\/\/www.fona.gob.ve\/index.php\/wp-json\/wp\/v2\/media\/11433"}],"wp:attachment":[{"href":"https:\/\/www.fona.gob.ve\/index.php\/wp-json\/wp\/v2\/media?parent=11432"}],"wp:term":[{"taxonomy":"category","embeddable":true,"href":"https:\/\/www.fona.gob.ve\/index.php\/wp-json\/wp\/v2\/categories?post=11432"},{"taxonomy":"post_tag","embeddable":true,"href":"https:\/\/www.fona.gob.ve\/index.php\/wp-json\/wp\/v2\/tags?post=11432"}],"curies":[{"name":"wp","href":"https:\/\/api.w.org\/{rel}","templated":true}]}}